{"id":113954,"date":"2020-07-21T21:57:00","date_gmt":"2020-07-22T00:57:00","guid":{"rendered":"http:\/\/www.hoymercedes.com.ar\/principal\/?p=113954"},"modified":"2020-07-21T22:00:20","modified_gmt":"2020-07-22T01:00:20","slug":"coronavirus-en-mercedes-quince-nuevos-positivos-y-nueve-altas","status":"publish","type":"post","link":"https:\/\/www.hoymercedes.com.ar\/principal\/2020\/07\/21\/coronavirus-en-mercedes-quince-nuevos-positivos-y-nueve-altas\/","title":{"rendered":"Coronavirus en Mercedes: quince nuevos positivos y nueve altas"},"content":{"rendered":"\n<p>El informe local respecto a la situaci\u00f3n epidemiol\u00f3gica por el covid-19 confirma que entre los 45 testeos realizados este martes, 15 dieron positivos de Sars-Cov2. En tanto, 9 pacientes recibieron el alta. En el \u00e1mbito nacional se confirmaron 5.344 nuevos casos de COVID-19 y 117 muertes en las \u00faltimas 24 horas. <\/p>\n\n\n\n<div class=\"wp-block-image\"><figure class=\"aligncenter size-large\"><img loading=\"lazy\" decoding=\"async\" width=\"900\" height=\"900\" data-attachment-id=\"113962\" data-permalink=\"https:\/\/www.hoymercedes.com.ar\/principal\/2020\/07\/21\/coronavirus-en-mercedes-quince-nuevos-positivos-y-nueve-altas\/whatsapp-image-2020-07-21-at-21-15-20\/#main\" data-orig-file=\"https:\/\/www.hoymercedes.com.ar\/principal\/wp-content\/uploads\/2020\/07\/WhatsApp-Image-2020-07-21-at-21.15.20.jpeg\" data-orig-size=\"900,900\" data-comments-opened=\"0\" data-image-meta=\"{&quot;aperture&quot;:&quot;0&quot;,&quot;credit&quot;:&quot;&quot;,&quot;camera&quot;:&quot;&quot;,&quot;caption&quot;:&quot;&quot;,&quot;created_timestamp&quot;:&quot;0&quot;,&quot;copyright&quot;:&quot;&quot;,&quot;focal_length&quot;:&quot;0&quot;,&quot;iso&quot;:&quot;0&quot;,&quot;shutter_speed&quot;:&quot;0&quot;,&quot;title&quot;:&quot;&quot;,&quot;orientation&quot;:&quot;0&quot;}\" data-image-title=\"WhatsApp Image 2020-07-21 at 21.15.20\" data-image-description=\"\" data-image-caption=\"\" data-large-file=\"https:\/\/www.hoymercedes.com.ar\/principal\/wp-content\/uploads\/2020\/07\/WhatsApp-Image-2020-07-21-at-21.15.20.jpeg\" src=\"https:\/\/www.hoymercedes.com.ar\/principal\/wp-content\/uploads\/2020\/07\/WhatsApp-Image-2020-07-21-at-21.15.20.jpeg\" alt=\"\" class=\"wp-image-113962\"\/><\/figure><\/div>\n\n\n\n<p>El informe enviado por el Municipio de Mercedes y el Hospital Blas L. Dubarry expresa: <br>\u00abEn el d\u00eda de la fecha tras los estudios efectuados por el Laboratorio de Virolog\u00eda Molecular Municipal con una amplia jornada de tareas se detectaron 15 nuevos casos para covid-19.<br>Los mismos tienen ra\u00edz epidemiol\u00f3gica y se debe su detecci\u00f3n a los rastreos y b\u00fasquedas activas llevadas a cabo.<br>A su vez recibimos la buena noticia de que 9 pacientes lograron el alta m\u00e9dica tras recuperarse del virus arribando a 145.<br>De esta manera en la ciduad tenemos 211 casos activos y 359 desde iniciada la pandemia\u00bb.<\/p>\n\n\n\n<p><strong>Convenio<\/strong><br>Intendente Ustarroz en el d\u00eda de la fecha firm\u00f3 convenio con la Universidad Nacional de Luj\u00e1n para que 50 estudiantes avanzados de la carrera de Trabajo Social se sumen al rastreo, estudios epidemiol\u00f3gicos y centro de teleseguimiento.<br>De esta manera nuestra ciudad supera los 90 operadores socio sanitarios. El jefe comunal agradeci\u00f3 a la Coordinaci\u00f3n de Carrera, al Departamento de Ciencias Sociales y al Rectorado por la medida que tendr\u00e1 un gran beneficio para nuestro pueblo<\/p>\n\n\n\n<p><strong>Informe Nacional<\/strong><br>Desde el \u00e1mbito nacional, informaron que este martes se confirmaron 5.344 nuevos casos de COVID-19. Los casos positivos del d\u00eda de hoy se distribuyen entre: Provincia de Buenos Aires 3.477; Ciudad de Buenos Aires 1.452; Catamarca 2; Chaco 35; Chubut 12; C\u00f3rdoba 58; Corrientes 1; Entre R\u00edos 7; Jujuy 120; La Rioja 2; Mendoza 49; Neuqu\u00e9n 26; R\u00edo Negro 34; Salta 5; San Juan 2; Santa Cruz 16; Santa Fe 35; Santiago del Estero 1; Tierra del Fuego 9; y Tucum\u00e1n 1. Con estos registros, suman 136.118 positivos en el pa\u00eds. <\/p>\n\n\n\n<p>Asimismo, comunicaron que en las \u00faltimas 24 horas, fallecieron 117 personas con covid-19. En el reporte matutino se registraron 53 nuevas muertes: 33 hombres (diez de la provincia de Buenos Aires; diez de la ciudad de Buenos Aires; treces de Jujuy); y 20 mujeres (cinco de la provincia de Buenos Aires; cuatro de la ciudad de Buenos Aires y once de Jujuy)<\/p>\n\n\n\n<p>En el informe vespertino se comunicaron 64 nuevas muertes: 31 hombres (dieciseis de la provincia de Buenos Aires, ocho de la ciudad de Buenos Aires; dos residentes en la provincia de R\u00edo Negro; cuatro de Jujuy; y uno de C\u00f3rdoba); y 33 mujeres (dieciocho de la provincia de Buenos Aires; diez de la Ciudad; un residente de C\u00f3rdoba; una residente en la provincia de Entre R\u00edos, una de Santiago del Estero y dos de Jujuy). Al momento la cantidad de personas fallecidas es 2.490.<\/p>\n","protected":false},"excerpt":{"rendered":"<p>El informe local respecto a la situaci\u00f3n epidemiol\u00f3gica por el covid-19 confirma que entre los 45 testeos realizados este martes, &#8230; <a title=\"Coronavirus en Mercedes: quince nuevos positivos y nueve altas\" class=\"read-more\" href=\"https:\/\/www.hoymercedes.com.ar\/principal\/2020\/07\/21\/coronavirus-en-mercedes-quince-nuevos-positivos-y-nueve-altas\/\" aria-label=\"Leer m\u00e1s sobre Coronavirus en Mercedes: quince nuevos positivos y nueve altas\">Leer m\u00e1s<\/a><\/p>\n","protected":false},"author":1,"featured_media":113962,"comment_status":"closed","ping_status":"open","sticky":false,"template":"","format":"standard","meta":{"_monsterinsights_skip_tracking":false,"_monsterinsights_sitenote_active":false,"_monsterinsights_sitenote_note":"","_monsterinsights_sitenote_category":0,"jetpack_post_was_ever_published":false,"_jetpack_newsletter_access":"","_jetpack_dont_email_post_to_subs":false,"_jetpack_newsletter_tier_id":0,"_jetpack_memberships_contains_paywalled_content":false,"_jetpack_memberships_contains_paid_content":false,"footnotes":"","jetpack_publicize_message":"","jetpack_publicize_feature_enabled":true,"jetpack_social_post_already_shared":false,"jetpack_social_options":{"image_generator_settings":{"template":"highway","default_image_id":0,"font":"","enabled":false},"version":2},"_wpas_customize_per_network":false},"categories":[9791],"tags":[16561,16175,16313,16854,16771],"class_list":["post-113954","post","type-post","status-publish","format-standard","has-post-thumbnail","hentry","category-salud","tag-cierre-del-dia","tag-coronavirus","tag-covid-19","tag-informe-local","tag-situacion-epidemiologica","generate-columns","tablet-grid-50","mobile-grid-100","grid-parent","grid-50"],"jetpack_publicize_connections":[],"jetpack_featured_media_url":"https:\/\/www.hoymercedes.com.ar\/principal\/wp-content\/uploads\/2020\/07\/WhatsApp-Image-2020-07-21-at-21.15.20.jpeg","wps_subtitle":"Cierre del d\u00eda","jetpack_sharing_enabled":true,"_links":{"self":[{"href":"https:\/\/www.hoymercedes.com.ar\/principal\/wp-json\/wp\/v2\/posts\/113954","targetHints":{"allow":["GET"]}}],"collection":[{"href":"https:\/\/www.hoymercedes.com.ar\/principal\/wp-json\/wp\/v2\/posts"}],"about":[{"href":"https:\/\/www.hoymercedes.com.ar\/principal\/wp-json\/wp\/v2\/types\/post"}],"author":[{"embeddable":true,"href":"https:\/\/www.hoymercedes.com.ar\/principal\/wp-json\/wp\/v2\/users\/1"}],"replies":[{"embeddable":true,"href":"https:\/\/www.hoymercedes.com.ar\/principal\/wp-json\/wp\/v2\/comments?post=113954"}],"version-history":[{"count":0,"href":"https:\/\/www.hoymercedes.com.ar\/principal\/wp-json\/wp\/v2\/posts\/113954\/revisions"}],"wp:featuredmedia":[{"embeddable":true,"href":"https:\/\/www.hoymercedes.com.ar\/principal\/wp-json\/wp\/v2\/media\/113962"}],"wp:attachment":[{"href":"https:\/\/www.hoymercedes.com.ar\/principal\/wp-json\/wp\/v2\/media?parent=113954"}],"wp:term":[{"taxonomy":"category","embeddable":true,"href":"https:\/\/www.hoymercedes.com.ar\/principal\/wp-json\/wp\/v2\/categories?post=113954"},{"taxonomy":"post_tag","embeddable":true,"href":"https:\/\/www.hoymercedes.com.ar\/principal\/wp-json\/wp\/v2\/tags?post=113954"}],"curies":[{"name":"wp","href":"https:\/\/api.w.org\/{rel}","templated":true}]}}