{"id":113965,"date":"2020-07-22T05:42:00","date_gmt":"2020-07-22T08:42:00","guid":{"rendered":"http:\/\/www.hoymercedes.com.ar\/principal\/?p=113965"},"modified":"2020-07-23T23:17:25","modified_gmt":"2020-07-24T02:17:25","slug":"el-comite-de-emergencia-relevo-mas-de-cinco-mil-hogares","status":"publish","type":"post","link":"https:\/\/www.hoymercedes.com.ar\/principal\/2020\/07\/22\/el-comite-de-emergencia-relevo-mas-de-cinco-mil-hogares\/","title":{"rendered":"EL Comit\u00e9 de Emergencia relev\u00f3 m\u00e1s de cinco mil hogares"},"content":{"rendered":"\n<p>Por Prensa Municipal &#8211; El Municipio de Mercedes junto al COE (comit\u00e9 operativo de emergencia) llevan m\u00e1s de cuarenta (40) barrios relevados y ya est\u00e1n pronto a culminar la primera etapa de recolecci\u00f3n de informaci\u00f3n concerniente a la prevenci\u00f3n y\/o asistencia ante posibles casos de coronavirus en la ciudad. Este dispositivo de gran val\u00eda social es una herramienta que intenta coordinar acciones que mejoren la calidad de vida de los vecinos, misma que actualmente, est\u00e1 abocada a asistir a la comunidad en el marco de la pandemia.<\/p>\n\n\n\n<div class=\"wp-block-image\"><figure class=\"aligncenter size-large\"><img loading=\"lazy\" decoding=\"async\" width=\"800\" height=\"533\" data-attachment-id=\"113966\" data-permalink=\"https:\/\/www.hoymercedes.com.ar\/principal\/2020\/07\/22\/el-comite-de-emergencia-relevo-mas-de-cinco-mil-hogares\/24-3\/#main\" data-orig-file=\"https:\/\/www.hoymercedes.com.ar\/principal\/wp-content\/uploads\/2020\/07\/24.jpeg\" data-orig-size=\"800,533\" data-comments-opened=\"0\" data-image-meta=\"{&quot;aperture&quot;:&quot;0&quot;,&quot;credit&quot;:&quot;&quot;,&quot;camera&quot;:&quot;&quot;,&quot;caption&quot;:&quot;&quot;,&quot;created_timestamp&quot;:&quot;0&quot;,&quot;copyright&quot;:&quot;&quot;,&quot;focal_length&quot;:&quot;0&quot;,&quot;iso&quot;:&quot;0&quot;,&quot;shutter_speed&quot;:&quot;0&quot;,&quot;title&quot;:&quot;&quot;,&quot;orientation&quot;:&quot;0&quot;}\" data-image-title=\"24\" data-image-description=\"\" data-image-caption=\"\" data-large-file=\"https:\/\/www.hoymercedes.com.ar\/principal\/wp-content\/uploads\/2020\/07\/24.jpeg\" src=\"https:\/\/www.hoymercedes.com.ar\/principal\/wp-content\/uploads\/2020\/07\/24.jpeg\" alt=\"\" class=\"wp-image-113966\"\/><\/figure><\/div>\n\n\n\n<p>Fernando Masson, Coordinador de Comit\u00e9 Operativo de Emergencia en barrios, indic\u00f3 \u201cesta semana estamos terminando, pr\u00e1cticamente, con esta primera etapa que son los relevamientos, donde tendremos alrededor de cuarenta (40) barrios relevados, concretando as\u00ed uno de los pedidos y m\u00e1ximas preocupaciones de nuestro intendente Ustarroz que es el cuidado de los mercedinos\u201d y a\u00f1adi\u00f3 \u201clo que hay que destacar es el recibimiento de la gente que denota una ciudadan\u00eda comprometida ante esta pandemia y que respeta fundamentalmente a los adultos mayores\u201d.<\/p>\n\n\n\n<p>\u201cYa llevamos relevados m\u00e1s de cinco (5) mil hogares -vamos a terminar con varios m\u00e1s- y este universo abarca, aproximadamente, alrededor de veinte (20) mil vecinos\u201d asegur\u00f3 Masson y agreg\u00f3 \u201ceste abordaje territorial tiene una mirada muy amplia, no s\u00f3lo consultamos con respecto a factores de riesgo, sino que tambi\u00e9n, se realiza una encuesta con respecto a diferentes problem\u00e1ticas que tienen que ver con discapacidad, salud mental, personas que viajan afuera de la ciudad por trabajo o tratamientos de salud, esta es una medida de prevenci\u00f3n\u201d.<\/p>\n\n\n\n<p>\u201cTrabajamos de manera coordinada y mancomunada con la Secretar\u00eda de Salud municipal para darle respuestas a los vecinos cuando lo necesitan, sea el caso de medicamentos, consultas, etc\u201d apunt\u00f3 Masson.<\/p>\n\n\n\n<p>Asimismo, manifest\u00f3 \u201cluego de esta primera etapa, comenzamos con la segunda, donde volvemos a los barrios y vamos a darle dinamismo al abordaje -la articulaci\u00f3n entre el Municipio y los vecinos de los barrios- donde hablaremos con los diferentes referentes, a los cuales les comunicaremos qu\u00e9 fue lo que nosotros visualizamos en t\u00e9rminos generales en todo lo que tiene que ver espec\u00edficamente con la encuesta, y a partir de all\u00ed, tomar problem\u00e1ticas nuevas\u201d y destac\u00f3 \u201ceste trabajo se va a prolongar en el tiempo, donde post pandemia, las problem\u00e1ticas seguramente se van a sumar -laborales, salud, etc- por lo que entendemos nuestro trabajo se extender\u00e1, pero ya con otra l\u00f3gica, con la llegada al barrio estando permanentemente al lado del vecino\u201d.<\/p>\n\n\n\n<p>\u201cLa esencia de los COE es articular y trabajar espec\u00edficamente con el vecino y los referentes sociales de los barrios buscando el bienestar de toda la comunidad\u201d subray\u00f3 Masson.<\/p>\n","protected":false},"excerpt":{"rendered":"<p>Por Prensa Municipal &#8211; El Municipio de Mercedes junto al COE (comit\u00e9 operativo de emergencia) llevan m\u00e1s de cuarenta (40) &#8230; <a title=\"EL Comit\u00e9 de Emergencia relev\u00f3 m\u00e1s de cinco mil hogares\" class=\"read-more\" href=\"https:\/\/www.hoymercedes.com.ar\/principal\/2020\/07\/22\/el-comite-de-emergencia-relevo-mas-de-cinco-mil-hogares\/\" aria-label=\"Leer m\u00e1s sobre EL Comit\u00e9 de Emergencia relev\u00f3 m\u00e1s de cinco mil hogares\">Leer m\u00e1s<\/a><\/p>\n","protected":false},"author":1,"featured_media":113966,"comment_status":"closed","ping_status":"open","sticky":false,"template":"","format":"standard","meta":{"_monsterinsights_skip_tracking":false,"_monsterinsights_sitenote_active":false,"_monsterinsights_sitenote_note":"","_monsterinsights_sitenote_category":0,"jetpack_post_was_ever_published":false,"_jetpack_newsletter_access":"","_jetpack_dont_email_post_to_subs":false,"_jetpack_newsletter_tier_id":0,"_jetpack_memberships_contains_paywalled_content":false,"_jetpack_memberships_contains_paid_content":false,"footnotes":"","jetpack_publicize_message":"","jetpack_publicize_feature_enabled":true,"jetpack_social_post_already_shared":true,"jetpack_social_options":{"image_generator_settings":{"template":"highway","default_image_id":0,"font":"","enabled":false},"version":2},"_wpas_customize_per_network":false},"categories":[30],"tags":[16700],"class_list":["post-113965","post","type-post","status-publish","format-standard","has-post-thumbnail","hentry","category-municipio","tag-comite-de-emergencia","generate-columns","tablet-grid-50","mobile-grid-100","grid-parent","grid-50"],"jetpack_publicize_connections":[],"jetpack_featured_media_url":"https:\/\/www.hoymercedes.com.ar\/principal\/wp-content\/uploads\/2020\/07\/24.jpeg","wps_subtitle":"","jetpack_sharing_enabled":true,"_links":{"self":[{"href":"https:\/\/www.hoymercedes.com.ar\/principal\/wp-json\/wp\/v2\/posts\/113965","targetHints":{"allow":["GET"]}}],"collection":[{"href":"https:\/\/www.hoymercedes.com.ar\/principal\/wp-json\/wp\/v2\/posts"}],"about":[{"href":"https:\/\/www.hoymercedes.com.ar\/principal\/wp-json\/wp\/v2\/types\/post"}],"author":[{"embeddable":true,"href":"https:\/\/www.hoymercedes.com.ar\/principal\/wp-json\/wp\/v2\/users\/1"}],"replies":[{"embeddable":true,"href":"https:\/\/www.hoymercedes.com.ar\/principal\/wp-json\/wp\/v2\/comments?post=113965"}],"version-history":[{"count":0,"href":"https:\/\/www.hoymercedes.com.ar\/principal\/wp-json\/wp\/v2\/posts\/113965\/revisions"}],"wp:featuredmedia":[{"embeddable":true,"href":"https:\/\/www.hoymercedes.com.ar\/principal\/wp-json\/wp\/v2\/media\/113966"}],"wp:attachment":[{"href":"https:\/\/www.hoymercedes.com.ar\/principal\/wp-json\/wp\/v2\/media?parent=113965"}],"wp:term":[{"taxonomy":"category","embeddable":true,"href":"https:\/\/www.hoymercedes.com.ar\/principal\/wp-json\/wp\/v2\/categories?post=113965"},{"taxonomy":"post_tag","embeddable":true,"href":"https:\/\/www.hoymercedes.com.ar\/principal\/wp-json\/wp\/v2\/tags?post=113965"}],"curies":[{"name":"wp","href":"https:\/\/api.w.org\/{rel}","templated":true}]}}