{"id":113973,"date":"2020-07-22T11:00:38","date_gmt":"2020-07-22T14:00:38","guid":{"rendered":"http:\/\/www.hoymercedes.com.ar\/principal\/?p=113973"},"modified":"2020-07-22T13:53:00","modified_gmt":"2020-07-22T16:53:00","slug":"coronavirus-comite-de-crisis-toma-nuevas-medidas","status":"publish","type":"post","link":"https:\/\/www.hoymercedes.com.ar\/principal\/2020\/07\/22\/coronavirus-comite-de-crisis-toma-nuevas-medidas\/","title":{"rendered":"Coronavirus: Comit\u00e9 de Crisis toma nuevas medidas"},"content":{"rendered":"\n<p>Se llev\u00f3 a cabo una nueva reuni\u00f3n del Comit\u00e9 de Crisis convocado por el intendente Ustarroz durante la ma\u00f1ana del este mi\u00e9rcoles. Se efectu\u00f3 un repaso por el estado de situaci\u00f3n epidemiol\u00f3gica local, el hogar Villa Abrille, los casos del Servicio Penitenciario, el riesgo AMBA, la continuidad del cese de circulaci\u00f3n a la hora 18 y el acuerdo de ampliar el horario de apertura comercial no esencial para brindar mayor margen a los vecinos y evitar aglutinamientos. Se les autorizar\u00e1 abrir a partir de la hora 10.<\/p>\n\n\n\n<div class=\"wp-block-image\"><figure class=\"aligncenter size-large\"><img loading=\"lazy\" decoding=\"async\" width=\"800\" height=\"450\" data-attachment-id=\"113975\" data-permalink=\"https:\/\/www.hoymercedes.com.ar\/principal\/2020\/07\/22\/coronavirus-comite-de-crisis-toma-nuevas-medidas\/22-comitedecrisis-2\/#main\" data-orig-file=\"https:\/\/www.hoymercedes.com.ar\/principal\/wp-content\/uploads\/2020\/07\/22-ComiteDeCrisis.2.jpg\" data-orig-size=\"800,450\" data-comments-opened=\"0\" data-image-meta=\"{&quot;aperture&quot;:&quot;0&quot;,&quot;credit&quot;:&quot;&quot;,&quot;camera&quot;:&quot;&quot;,&quot;caption&quot;:&quot;&quot;,&quot;created_timestamp&quot;:&quot;0&quot;,&quot;copyright&quot;:&quot;&quot;,&quot;focal_length&quot;:&quot;0&quot;,&quot;iso&quot;:&quot;0&quot;,&quot;shutter_speed&quot;:&quot;0&quot;,&quot;title&quot;:&quot;&quot;,&quot;orientation&quot;:&quot;0&quot;}\" data-image-title=\"22 ComiteDeCrisis.2\" data-image-description=\"\" data-image-caption=\"\" data-large-file=\"https:\/\/www.hoymercedes.com.ar\/principal\/wp-content\/uploads\/2020\/07\/22-ComiteDeCrisis.2.jpg\" src=\"https:\/\/www.hoymercedes.com.ar\/principal\/wp-content\/uploads\/2020\/07\/22-ComiteDeCrisis.2.jpg\" alt=\"\" class=\"wp-image-113975\"\/><\/figure><\/div>\n\n\n\n<p>La reuni\u00f3n inici\u00f3 a primera hora de la ma\u00f1ana con un repaso de la situaci\u00f3n epidemiol\u00f3gica. Se destac\u00f3 que nuestra ciudad tiene una fuerte pol\u00edtica de b\u00fasqueda activa de casos, por eso los elevados n\u00fameros que son muy cercanos a la realidad. El contar con un laboratorio, un centro de teleseguimiento y un sistema de aislamiento facilita la detecci\u00f3n e intervenci\u00f3n en focos. Otras localidades tienen entre 5 y 7 d\u00edas de retraso en conocer los casos tras sus estudios, en Mercedes, entre 24h y 48h.<\/p>\n\n\n\n<p>Tambi\u00e9n se coment\u00f3 que hubo contacto con el Servicio Penitenciario Bonaerense dado que los nuevos casos se deben a viajeros a unidades externas a la ciudad, como Campana y San Mart\u00edn.<\/p>\n\n\n\n<p>Se coment\u00f3 que \u201cfirmamos convenio con UNLu\u201d para sumar estudiantes avanzados de la carrera de Trabajo Social y de esta manera llegaremos a m\u00e1s de 90 aperadores en el centro de teleseguimiento y rastro covid.<\/p>\n\n\n\n<p>Hemos ingresado los primeros pacientes en el Mart\u00edn Rodr\u00edguez, comentaron, con 11 alojados en estos momentos. En Altamira seguimos teniendo 150 camas. El Mart\u00edn Rodr\u00edguez es un punto intermedio en capacidades, cuando est\u00e9 al 70% de alojamiento iniciamos la apertura del Centro de Aislamiento Sanitario I en Zumerland.<\/p>\n\n\n\n<p>Se retomaron las ideas y exposiciones respeto a la necesidad de profundizar los acompa\u00f1amientos sobre la salud mental de las personas, especialmente quienes la est\u00e1n viviendo en soledad.<\/p>\n\n\n\n<p>Desde C\u00e1mara Econ\u00f3mica manifestaron que la ampliaci\u00f3n de horarios ha dado resultado reduciendo las colas y aglutinamiento de personas. Tambi\u00e9n propusieron que ahora se eval\u00fae la posibilidad de que los comercios no esenciales abran desde las 10hs para continuar facilitando la mayor franja horario. Insistieron tambi\u00e9n en el uso de las aplicaciones cuando se puede para evitar salir de casa a la hora de realizar las compras.<\/p>\n\n\n\n<p>Se ratific\u00f3 que la idea de mantener el cese de circulaci\u00f3n de las 18hs que se justifica, tambi\u00e9n, porque evita las reuniones, algo que desde los rastreos y estudios se ha detectado es el principal foco de contagio. Otro aspecto importante ac\u00e1 es la seguridad. El control es muy importante. El respeto a no tomar mate, no juntarte, mantener distanciamiento evitando la circulaci\u00f3n del virus.&nbsp;<\/p>\n\n\n\n<p>Finalmente, hubo acuerdo en la propuesta de apertura m\u00e1s extendida y pronto se podr\u00e1 abrir comercios no esenciales desde 10 horas y as\u00ed ampliar horarios de atenci\u00f3n al p\u00fablico, evitar aglutinamientos.<\/p>\n\n\n\n<p>Fuente: prensa Municipal<\/p>\n\n\n\n<div class=\"wp-block-image\"><figure class=\"aligncenter size-large\"><img loading=\"lazy\" decoding=\"async\" width=\"800\" height=\"450\" data-attachment-id=\"113974\" data-permalink=\"https:\/\/www.hoymercedes.com.ar\/principal\/2020\/07\/22\/coronavirus-comite-de-crisis-toma-nuevas-medidas\/22-comitedecrisis-1\/#main\" data-orig-file=\"https:\/\/www.hoymercedes.com.ar\/principal\/wp-content\/uploads\/2020\/07\/22-ComiteDeCrisis-1.jpg\" data-orig-size=\"800,450\" data-comments-opened=\"0\" data-image-meta=\"{&quot;aperture&quot;:&quot;0&quot;,&quot;credit&quot;:&quot;&quot;,&quot;camera&quot;:&quot;&quot;,&quot;caption&quot;:&quot;&quot;,&quot;created_timestamp&quot;:&quot;0&quot;,&quot;copyright&quot;:&quot;&quot;,&quot;focal_length&quot;:&quot;0&quot;,&quot;iso&quot;:&quot;0&quot;,&quot;shutter_speed&quot;:&quot;0&quot;,&quot;title&quot;:&quot;&quot;,&quot;orientation&quot;:&quot;0&quot;}\" data-image-title=\"22 ComiteDeCrisis (1)\" data-image-description=\"\" data-image-caption=\"\" data-large-file=\"https:\/\/www.hoymercedes.com.ar\/principal\/wp-content\/uploads\/2020\/07\/22-ComiteDeCrisis-1.jpg\" src=\"https:\/\/www.hoymercedes.com.ar\/principal\/wp-content\/uploads\/2020\/07\/22-ComiteDeCrisis-1.jpg\" alt=\"\" class=\"wp-image-113974\"\/><\/figure><\/div>\n","protected":false},"excerpt":{"rendered":"<p>Se llev\u00f3 a cabo una nueva reuni\u00f3n del Comit\u00e9 de Crisis convocado por el intendente Ustarroz durante la ma\u00f1ana del &#8230; <a title=\"Coronavirus: Comit\u00e9 de Crisis toma nuevas medidas\" class=\"read-more\" href=\"https:\/\/www.hoymercedes.com.ar\/principal\/2020\/07\/22\/coronavirus-comite-de-crisis-toma-nuevas-medidas\/\" aria-label=\"Leer m\u00e1s sobre Coronavirus: Comit\u00e9 de Crisis toma nuevas medidas\">Leer m\u00e1s<\/a><\/p>\n","protected":false},"author":1,"featured_media":113974,"comment_status":"closed","ping_status":"open","sticky":false,"template":"","format":"standard","meta":{"_monsterinsights_skip_tracking":false,"_monsterinsights_sitenote_active":false,"_monsterinsights_sitenote_note":"","_monsterinsights_sitenote_category":0,"jetpack_post_was_ever_published":false,"_jetpack_newsletter_access":"","_jetpack_dont_email_post_to_subs":false,"_jetpack_newsletter_tier_id":0,"_jetpack_memberships_contains_paywalled_content":false,"_jetpack_memberships_contains_paid_content":false,"footnotes":"","jetpack_publicize_message":"","jetpack_publicize_feature_enabled":true,"jetpack_social_post_already_shared":true,"jetpack_social_options":{"image_generator_settings":{"template":"highway","default_image_id":0,"font":"","enabled":false},"version":2},"_wpas_customize_per_network":false},"categories":[30],"tags":[16345,16175,16313,16423,244],"class_list":["post-113973","post","type-post","status-publish","format-standard","has-post-thumbnail","hentry","category-municipio","tag-comite-de-crisis","tag-coronavirus","tag-covid-19","tag-medidas","tag-municipio-2","generate-columns","tablet-grid-50","mobile-grid-100","grid-parent","grid-50"],"jetpack_publicize_connections":[],"jetpack_featured_media_url":"https:\/\/www.hoymercedes.com.ar\/principal\/wp-content\/uploads\/2020\/07\/22-ComiteDeCrisis-1.jpg","wps_subtitle":"","jetpack_sharing_enabled":true,"_links":{"self":[{"href":"https:\/\/www.hoymercedes.com.ar\/principal\/wp-json\/wp\/v2\/posts\/113973","targetHints":{"allow":["GET"]}}],"collection":[{"href":"https:\/\/www.hoymercedes.com.ar\/principal\/wp-json\/wp\/v2\/posts"}],"about":[{"href":"https:\/\/www.hoymercedes.com.ar\/principal\/wp-json\/wp\/v2\/types\/post"}],"author":[{"embeddable":true,"href":"https:\/\/www.hoymercedes.com.ar\/principal\/wp-json\/wp\/v2\/users\/1"}],"replies":[{"embeddable":true,"href":"https:\/\/www.hoymercedes.com.ar\/principal\/wp-json\/wp\/v2\/comments?post=113973"}],"version-history":[{"count":0,"href":"https:\/\/www.hoymercedes.com.ar\/principal\/wp-json\/wp\/v2\/posts\/113973\/revisions"}],"wp:featuredmedia":[{"embeddable":true,"href":"https:\/\/www.hoymercedes.com.ar\/principal\/wp-json\/wp\/v2\/media\/113974"}],"wp:attachment":[{"href":"https:\/\/www.hoymercedes.com.ar\/principal\/wp-json\/wp\/v2\/media?parent=113973"}],"wp:term":[{"taxonomy":"category","embeddable":true,"href":"https:\/\/www.hoymercedes.com.ar\/principal\/wp-json\/wp\/v2\/categories?post=113973"},{"taxonomy":"post_tag","embeddable":true,"href":"https:\/\/www.hoymercedes.com.ar\/principal\/wp-json\/wp\/v2\/tags?post=113973"}],"curies":[{"name":"wp","href":"https:\/\/api.w.org\/{rel}","templated":true}]}}