{"id":113977,"date":"2020-07-22T11:52:36","date_gmt":"2020-07-22T14:52:36","guid":{"rendered":"http:\/\/www.hoymercedes.com.ar\/principal\/?p=113977"},"modified":"2020-07-22T13:51:59","modified_gmt":"2020-07-22T16:51:59","slug":"aprehenden-a-dos-personas-por-cuatrerismo","status":"publish","type":"post","link":"https:\/\/www.hoymercedes.com.ar\/principal\/2020\/07\/22\/aprehenden-a-dos-personas-por-cuatrerismo\/","title":{"rendered":"Aprehenden a dos personas por cuatrerismo"},"content":{"rendered":"\n<p>D\u00edas atr\u00e1s, el personal del Comando Patrulla Rural Mercedes aprehendi\u00f3 a dos personas de sexo masculino acusadas de abigeato. En el cuartel XII del Partido de Mercedes el titula de uno de los campos solicit\u00f3 la presencia de los uniformados ante la ausencia de ganado. Los hallaron en un campo cercano faenados. <\/p>\n\n\n\n<div class=\"wp-block-image\"><figure class=\"aligncenter size-large\"><img loading=\"lazy\" decoding=\"async\" width=\"800\" height=\"534\" data-attachment-id=\"113978\" data-permalink=\"https:\/\/www.hoymercedes.com.ar\/principal\/2020\/07\/22\/aprehenden-a-dos-personas-por-cuatrerismo\/22-poli-rural-1\/#main\" data-orig-file=\"https:\/\/www.hoymercedes.com.ar\/principal\/wp-content\/uploads\/2020\/07\/22-poli-rural-1.jpeg\" data-orig-size=\"800,534\" data-comments-opened=\"0\" data-image-meta=\"{&quot;aperture&quot;:&quot;0&quot;,&quot;credit&quot;:&quot;&quot;,&quot;camera&quot;:&quot;&quot;,&quot;caption&quot;:&quot;&quot;,&quot;created_timestamp&quot;:&quot;0&quot;,&quot;copyright&quot;:&quot;&quot;,&quot;focal_length&quot;:&quot;0&quot;,&quot;iso&quot;:&quot;0&quot;,&quot;shutter_speed&quot;:&quot;0&quot;,&quot;title&quot;:&quot;&quot;,&quot;orientation&quot;:&quot;0&quot;}\" data-image-title=\"22 poli rural 1\" data-image-description=\"\" data-image-caption=\"\" data-large-file=\"https:\/\/www.hoymercedes.com.ar\/principal\/wp-content\/uploads\/2020\/07\/22-poli-rural-1.jpeg\" src=\"https:\/\/www.hoymercedes.com.ar\/principal\/wp-content\/uploads\/2020\/07\/22-poli-rural-1.jpeg\" alt=\"\" class=\"wp-image-113978\"\/><\/figure><\/div>\n\n\n\n<p>De acuerdo a los detalles provistos por el CPR Mercedes, \u00abfaltaban un toro colorado y una vaca negra\u00bb, es as\u00ed que \u00abse entrevistaron con algunos vecinos de los cuales uno de ello asegur\u00f3 ver a los animales en un campo vecino llamado Plumas Verdes\u00bb. La polic\u00eda y el denunciante se hicieron presentes en el lugar donde hallaron dos personas de sexo masculinos mayores de edad, los cuales dieron la anuencia para que el personal buscara los animales. <\/p>\n\n\n\n<p>\u00abUna vez dentro constataron que en la manga hab\u00eda un charco de sangre y bosta fresca al igual que resto de un pelaje colorado en los alambrados de la manga, que al inspeccionar una camioneta marca Renault Trafic se halla en la parte trasera de la misma la totalidad de las viseras de un animal vacuno de gran tama\u00f1o, a lo que estas personas un pudieron justificar la procedencia de los elementos hallados, procediendo el personal a la aprehensi\u00f3n de estos dos sujetos en orden al delito de ABIGEATO, con la intervenci\u00f3n de la UFI N\u00b0 6 de Mercedes\u00bb, expresa el informe <\/p>\n\n\n\n<p> \u00abEsa  madrugada el personal del CPR Mercedes, a cargo del Subcomisario Ag\u00fcero Ricardo, procedieron a cumplimentar la orden de allanamiento fiscal en el domicilio sito en la estancia Plumas Verdes, lugar donde proceden a secuestrar gran cantidad de cortes de carne perteneciente a un toro colorado, as\u00ed como tambi\u00e9n una cuchilla carnicera grande, un hacha, una cierra de mano carnicera, una chaira. Los aprehendidos se negaron a declarar en sede fiscal y contin\u00faan alojados en las comisarias de Moreno 6 y Gral. Rodr\u00edguez Primera\u00bb, agregan. <\/p>\n\n\n\n<p><\/p>\n","protected":false},"excerpt":{"rendered":"<p>D\u00edas atr\u00e1s, el personal del Comando Patrulla Rural Mercedes aprehendi\u00f3 a dos personas de sexo masculino acusadas de abigeato. En &#8230; <a title=\"Aprehenden a dos personas por cuatrerismo\" class=\"read-more\" href=\"https:\/\/www.hoymercedes.com.ar\/principal\/2020\/07\/22\/aprehenden-a-dos-personas-por-cuatrerismo\/\" aria-label=\"Leer m\u00e1s sobre Aprehenden a dos personas por cuatrerismo\">Leer m\u00e1s<\/a><\/p>\n","protected":false},"author":1,"featured_media":113978,"comment_status":"closed","ping_status":"open","sticky":false,"template":"","format":"standard","meta":{"_monsterinsights_skip_tracking":false,"_monsterinsights_sitenote_active":false,"_monsterinsights_sitenote_note":"","_monsterinsights_sitenote_category":0,"jetpack_post_was_ever_published":false,"_jetpack_newsletter_access":"","_jetpack_dont_email_post_to_subs":false,"_jetpack_newsletter_tier_id":0,"_jetpack_memberships_contains_paywalled_content":false,"_jetpack_memberships_contains_paid_content":false,"footnotes":"","jetpack_publicize_message":"","jetpack_publicize_feature_enabled":true,"jetpack_social_post_already_shared":true,"jetpack_social_options":{"image_generator_settings":{"template":"highway","default_image_id":0,"font":"","enabled":false},"version":2},"_wpas_customize_per_network":false},"categories":[85],"tags":[11319,13861,11012],"class_list":["post-113977","post","type-post","status-publish","format-standard","has-post-thumbnail","hentry","category-policial","tag-aprehensiones","tag-cuatrerismo","tag-policia-rural","generate-columns","tablet-grid-50","mobile-grid-100","grid-parent","grid-50"],"jetpack_publicize_connections":[],"jetpack_featured_media_url":"https:\/\/www.hoymercedes.com.ar\/principal\/wp-content\/uploads\/2020\/07\/22-poli-rural-1.jpeg","wps_subtitle":"Polic\u00eda Rural","jetpack_sharing_enabled":true,"_links":{"self":[{"href":"https:\/\/www.hoymercedes.com.ar\/principal\/wp-json\/wp\/v2\/posts\/113977","targetHints":{"allow":["GET"]}}],"collection":[{"href":"https:\/\/www.hoymercedes.com.ar\/principal\/wp-json\/wp\/v2\/posts"}],"about":[{"href":"https:\/\/www.hoymercedes.com.ar\/principal\/wp-json\/wp\/v2\/types\/post"}],"author":[{"embeddable":true,"href":"https:\/\/www.hoymercedes.com.ar\/principal\/wp-json\/wp\/v2\/users\/1"}],"replies":[{"embeddable":true,"href":"https:\/\/www.hoymercedes.com.ar\/principal\/wp-json\/wp\/v2\/comments?post=113977"}],"version-history":[{"count":0,"href":"https:\/\/www.hoymercedes.com.ar\/principal\/wp-json\/wp\/v2\/posts\/113977\/revisions"}],"wp:featuredmedia":[{"embeddable":true,"href":"https:\/\/www.hoymercedes.com.ar\/principal\/wp-json\/wp\/v2\/media\/113978"}],"wp:attachment":[{"href":"https:\/\/www.hoymercedes.com.ar\/principal\/wp-json\/wp\/v2\/media?parent=113977"}],"wp:term":[{"taxonomy":"category","embeddable":true,"href":"https:\/\/www.hoymercedes.com.ar\/principal\/wp-json\/wp\/v2\/categories?post=113977"},{"taxonomy":"post_tag","embeddable":true,"href":"https:\/\/www.hoymercedes.com.ar\/principal\/wp-json\/wp\/v2\/tags?post=113977"}],"curies":[{"name":"wp","href":"https:\/\/api.w.org\/{rel}","templated":true}]}}