{"id":113988,"date":"2020-07-22T13:43:22","date_gmt":"2020-07-22T16:43:22","guid":{"rendered":"http:\/\/www.hoymercedes.com.ar\/principal\/?p=113988"},"modified":"2020-07-22T13:46:24","modified_gmt":"2020-07-22T16:46:24","slug":"los-comercios-no-esenciales-podran-abrir-a-la-manana","status":"publish","type":"post","link":"https:\/\/www.hoymercedes.com.ar\/principal\/2020\/07\/22\/los-comercios-no-esenciales-podran-abrir-a-la-manana\/","title":{"rendered":"Los comercios no esenciales podr\u00e1n abrir a la ma\u00f1ana"},"content":{"rendered":"\n<p>En una nueva reuni\u00f3n del Comit\u00e9 de Crisis realizada en la ma\u00f1ana de este mi\u00e9rcoles, se acord\u00f3 dar curso al pedido de la C\u00e1mara Econ\u00f3mica Mercedina, que cont\u00f3 con el acompa\u00f1amiento del Sindicato de Empleados de Comercio, para que los locales comerciales no esenciales puedan abrir en la franja horaria que va desde la hora 10 hasta las 18 de lunes a viernes y los d\u00edas s\u00e1bados de 9 a 18 horas. La idea es que los vecinos puedan hacer sus compras y no deban volver a la tarde en caso de tener que hacer tr\u00e1mites a la ma\u00f1ana.<\/p>\n\n\n\n<div class=\"wp-block-image\"><figure class=\"aligncenter size-large\"><img loading=\"lazy\" decoding=\"async\" width=\"768\" height=\"768\" data-attachment-id=\"113989\" data-permalink=\"https:\/\/www.hoymercedes.com.ar\/principal\/2020\/07\/22\/los-comercios-no-esenciales-podran-abrir-a-la-manana\/22-ampliacion-2\/#main\" data-orig-file=\"https:\/\/www.hoymercedes.com.ar\/principal\/wp-content\/uploads\/2020\/07\/22-ampliaci\u00f3n-2.png\" data-orig-size=\"768,768\" data-comments-opened=\"0\" data-image-meta=\"{&quot;aperture&quot;:&quot;0&quot;,&quot;credit&quot;:&quot;&quot;,&quot;camera&quot;:&quot;&quot;,&quot;caption&quot;:&quot;&quot;,&quot;created_timestamp&quot;:&quot;0&quot;,&quot;copyright&quot;:&quot;&quot;,&quot;focal_length&quot;:&quot;0&quot;,&quot;iso&quot;:&quot;0&quot;,&quot;shutter_speed&quot;:&quot;0&quot;,&quot;title&quot;:&quot;&quot;,&quot;orientation&quot;:&quot;0&quot;}\" data-image-title=\"22 ampliaci\u00f3n-2\" data-image-description=\"\" data-image-caption=\"\" data-large-file=\"https:\/\/www.hoymercedes.com.ar\/principal\/wp-content\/uploads\/2020\/07\/22-ampliaci\u00f3n-2.png\" src=\"https:\/\/www.hoymercedes.com.ar\/principal\/wp-content\/uploads\/2020\/07\/22-ampliaci\u00f3n-2.png\" alt=\"\" class=\"wp-image-113989\"\/><\/figure><\/div>\n\n\n\n<p>La C\u00e1mara Econ\u00f3mica Mercedina, a trav\u00e9s de su presidente Mario Dimaro, su vicepresidente Oscar Pont\u00f3n y su gerente Ariel Pietrucha, present\u00f3 la propuesta del nuevo horario con la anuencia del Sindicato de Empleados de Comercio. Propuesta que fue aceptada por la Municipalidad y por el resto de las instituciones que integran el Comit\u00e9 de Crisis, a quienes la CEM agradece ya que esta ampliaci\u00f3n en la atenci\u00f3n del cliente evitar\u00e1 mucho m\u00e1s las aglomeraciones en los comercios y veredas donde se forman colas.<\/p>\n\n\n\n<p>\u201cDesde el inicio del Aislamiento Social Preventivo y Obligatorio, los comercios con el acompa\u00f1amiento de la C\u00e1mara Econ\u00f3mica y el Municipio trabajan en los protocolos sociosanitarios y alternativas de ventas. Hace unos d\u00edas, se autoriz\u00f3 m\u00e1s d\u00edas y una amplitud horaria para la atenci\u00f3n de los clientes de los comercios no esenciales. Esto funcion\u00f3 muy bien y volvimos a proponer que se autorice unas horas m\u00e1s de atenci\u00f3n al d\u00eda\u201d, explic\u00f3 Ariel Pietrucha, Gerente de la C\u00e1mara Econ\u00f3mica Mercedina.<\/p>\n\n\n\n<p>\u201cEl planteo lo hicimos en la reuni\u00f3n del mi\u00e9rcoles del Comit\u00e9 de Crisis con el consenso y apoyo del Sindicato de Empleados de Comercio. La idea es que los comercios que no son esenciales puedan abrir a partir de las 10 de la ma\u00f1ana. La intenci\u00f3n de la propuesta es que los vecinos que tengan que hacer tr\u00e1mites a la ma\u00f1ana, como ir al banco, por ejemplo, puedan comprar otras cosas y no tener que volver a la tarde\u201d, agregaron desde la CEM.<\/p>\n\n\n\n<p>\u201cDesde ya, alentamos a todos los comercios y a los vecinos a seguir cumpliendo con los protocolos sociosanitarios para evitar la propagaci\u00f3n del virus y el incremento de contagios en la ciudad y para poder continuar con las aperturas hasta volver a los horarios habituales de comercio. Agradecemos la responsabilidad con la que est\u00e1n trabajando los comerciantes y los clientes que se hacen presentes en los comercios locales\u201d, resalta Pietrucha luego de concluida la reuni\u00f3n del Comit\u00e9 de Crisis.<\/p>\n\n\n\n<p>Fuente: Prensa CEM<\/p>\n","protected":false},"excerpt":{"rendered":"<p>En una nueva reuni\u00f3n del Comit\u00e9 de Crisis realizada en la ma\u00f1ana de este mi\u00e9rcoles, se acord\u00f3 dar curso al &#8230; <a title=\"Los comercios no esenciales podr\u00e1n abrir a la ma\u00f1ana\" class=\"read-more\" href=\"https:\/\/www.hoymercedes.com.ar\/principal\/2020\/07\/22\/los-comercios-no-esenciales-podran-abrir-a-la-manana\/\" aria-label=\"Leer m\u00e1s sobre Los comercios no esenciales podr\u00e1n abrir a la ma\u00f1ana\">Leer m\u00e1s<\/a><\/p>\n","protected":false},"author":1,"featured_media":113989,"comment_status":"closed","ping_status":"open","sticky":false,"template":"","format":"standard","meta":{"_monsterinsights_skip_tracking":false,"_monsterinsights_sitenote_active":false,"_monsterinsights_sitenote_note":"","_monsterinsights_sitenote_category":0,"jetpack_post_was_ever_published":false,"_jetpack_newsletter_access":"","_jetpack_dont_email_post_to_subs":false,"_jetpack_newsletter_tier_id":0,"_jetpack_memberships_contains_paywalled_content":false,"_jetpack_memberships_contains_paid_content":false,"footnotes":"","jetpack_publicize_message":"","jetpack_publicize_feature_enabled":true,"jetpack_social_post_already_shared":true,"jetpack_social_options":{"image_generator_settings":{"template":"highway","default_image_id":0,"font":"","enabled":false},"version":2},"_wpas_customize_per_network":false},"categories":[8],"tags":[16861,16345,16175,16313],"class_list":["post-113988","post","type-post","status-publish","format-standard","has-post-thumbnail","hentry","category-sociedad","tag-comercios-no-esenciales","tag-comite-de-crisis","tag-coronavirus","tag-covid-19","generate-columns","tablet-grid-50","mobile-grid-100","grid-parent","grid-50"],"jetpack_publicize_connections":[],"jetpack_featured_media_url":"https:\/\/www.hoymercedes.com.ar\/principal\/wp-content\/uploads\/2020\/07\/22-ampliaci\u00f3n-2.png","wps_subtitle":"Ante la propuesta de la CEM","jetpack_sharing_enabled":true,"_links":{"self":[{"href":"https:\/\/www.hoymercedes.com.ar\/principal\/wp-json\/wp\/v2\/posts\/113988","targetHints":{"allow":["GET"]}}],"collection":[{"href":"https:\/\/www.hoymercedes.com.ar\/principal\/wp-json\/wp\/v2\/posts"}],"about":[{"href":"https:\/\/www.hoymercedes.com.ar\/principal\/wp-json\/wp\/v2\/types\/post"}],"author":[{"embeddable":true,"href":"https:\/\/www.hoymercedes.com.ar\/principal\/wp-json\/wp\/v2\/users\/1"}],"replies":[{"embeddable":true,"href":"https:\/\/www.hoymercedes.com.ar\/principal\/wp-json\/wp\/v2\/comments?post=113988"}],"version-history":[{"count":0,"href":"https:\/\/www.hoymercedes.com.ar\/principal\/wp-json\/wp\/v2\/posts\/113988\/revisions"}],"wp:featuredmedia":[{"embeddable":true,"href":"https:\/\/www.hoymercedes.com.ar\/principal\/wp-json\/wp\/v2\/media\/113989"}],"wp:attachment":[{"href":"https:\/\/www.hoymercedes.com.ar\/principal\/wp-json\/wp\/v2\/media?parent=113988"}],"wp:term":[{"taxonomy":"category","embeddable":true,"href":"https:\/\/www.hoymercedes.com.ar\/principal\/wp-json\/wp\/v2\/categories?post=113988"},{"taxonomy":"post_tag","embeddable":true,"href":"https:\/\/www.hoymercedes.com.ar\/principal\/wp-json\/wp\/v2\/tags?post=113988"}],"curies":[{"name":"wp","href":"https:\/\/api.w.org\/{rel}","templated":true}]}}