{"id":113996,"date":"2020-07-22T16:34:00","date_gmt":"2020-07-22T19:34:00","guid":{"rendered":"http:\/\/www.hoymercedes.com.ar\/principal\/?p=113996"},"modified":"2020-07-23T23:16:57","modified_gmt":"2020-07-24T02:16:57","slug":"donan-insumos-medicos-para-la-sociedad-de-fomento-y-caps-de-gowland-agote","status":"publish","type":"post","link":"https:\/\/www.hoymercedes.com.ar\/principal\/2020\/07\/22\/donan-insumos-medicos-para-la-sociedad-de-fomento-y-caps-de-gowland-agote\/","title":{"rendered":"Donan insumos m\u00e9dicos para la Sociedad de Fomento y CAPS de Gowland-Agote"},"content":{"rendered":"\n<p>Extram\u00e9dica realiz\u00f3 donaci\u00f3n de insumos m\u00e9dicos para la Sociedad de Fomento de Gowland \u2013 Agote. La idea es seguir promoviendo el cuidado de los vecinos y especialmente aquellos expuestos siendo adem\u00e1s vecinos solidarios en los d\u00edas dif\u00edciles que nos toca vivir.<\/p>\n\n\n\n<div class=\"wp-block-image\"><figure class=\"aligncenter size-large\"><img loading=\"lazy\" decoding=\"async\" width=\"800\" height=\"600\" data-attachment-id=\"113997\" data-permalink=\"https:\/\/www.hoymercedes.com.ar\/principal\/2020\/07\/22\/donan-insumos-medicos-para-la-sociedad-de-fomento-y-caps-de-gowland-agote\/whatsapp-image-2020-07-22-at-10-20-13\/#main\" data-orig-file=\"https:\/\/www.hoymercedes.com.ar\/principal\/wp-content\/uploads\/2020\/07\/WhatsApp-Image-2020-07-22-at-10.20.13.jpeg\" data-orig-size=\"800,600\" data-comments-opened=\"0\" data-image-meta=\"{&quot;aperture&quot;:&quot;0&quot;,&quot;credit&quot;:&quot;&quot;,&quot;camera&quot;:&quot;&quot;,&quot;caption&quot;:&quot;&quot;,&quot;created_timestamp&quot;:&quot;0&quot;,&quot;copyright&quot;:&quot;&quot;,&quot;focal_length&quot;:&quot;0&quot;,&quot;iso&quot;:&quot;0&quot;,&quot;shutter_speed&quot;:&quot;0&quot;,&quot;title&quot;:&quot;&quot;,&quot;orientation&quot;:&quot;0&quot;}\" data-image-title=\"WhatsApp Image 2020-07-22 at 10.20.13\" data-image-description=\"\" data-image-caption=\"\" data-large-file=\"https:\/\/www.hoymercedes.com.ar\/principal\/wp-content\/uploads\/2020\/07\/WhatsApp-Image-2020-07-22-at-10.20.13.jpeg\" src=\"https:\/\/www.hoymercedes.com.ar\/principal\/wp-content\/uploads\/2020\/07\/WhatsApp-Image-2020-07-22-at-10.20.13.jpeg\" alt=\"\" class=\"wp-image-113997\"\/><\/figure><\/div>\n\n\n\n<p>Mauricio Scolari coment\u00f3 que \u201cvi en una publicaci\u00f3n en FaceBook donde hac\u00eda referencia al trabajo que lleva adelante la Sociedad de Fomento de Gowland-Agote. A partir de all\u00ed me comunique con Luis Cervetti, director de la empresa, al cual relate las tareas solidarias llevada a cabo en la instituci\u00f3n y la posibilidad de donar mascaras faciales. Una vez que tuve el \u201csi\u201d me comuniqu\u00e9 con el Concejal del Frente de Todos Julian Inzaugarat para comentarle de la donaci\u00f3n no s\u00f3lo de las m\u00e1scaras sino de pa\u00f1ales y medicaci\u00f3n al CAPS de Agote y as\u00ed coordinar la entrega\u201d cont\u00f3 sobre c\u00f3mo surgi\u00f3 el tema.<\/p>\n\n\n\n<p>\u201cDebido a la pandemia del COVID-19 la vida cotidiana de todos y todas se ha visto afectada enormemente, por eso cada uno de nosotros desde nuestro lugar podemos lograr contener la enfermedad, entre todo podemos para salir pronto de esta situaci\u00f3n\u201d sostuvo.<\/p>\n\n\n\n<p>Por su parte, Claudia Scotti, enfermera del CAPS afirm\u00f3 que \u201csi algo tengo que destacar, desde que comenz\u00f3 esta Pandemia es la uni\u00f3n y la solidaridad que demuestra toda la comunidad apoy\u00e1ndose y ayud\u00e1ndose unos a otros\u201d y el \u201cagradecimiento por las donaciones para Agote Caps. Esta situaci\u00f3n de crisis hace que podamos disfrutar de im\u00e1genes que son todo un ejemplo de fraternidad y unidad\u201d<\/p>\n\n\n\n<p>Adem\u00e1s, \u201cdesde las comunidades de Gowland y Agote queremos agradecer el apoyo recibido por Lic. Mauricio Scolari, coordinador de la empresa de Salud Extramedica con la donaci\u00f3n de recursos materiales para la prevenci\u00f3n del covid-19. Gestos como este son los que debemos destacar priorizando la salud de nuestros vecinos en esta dif\u00edcil situaci\u00f3n que nos toca atravesar\u201d<\/p>\n","protected":false},"excerpt":{"rendered":"<p>Extram\u00e9dica realiz\u00f3 donaci\u00f3n de insumos m\u00e9dicos para la Sociedad de Fomento de Gowland \u2013 Agote. La idea es seguir promoviendo &#8230; <a title=\"Donan insumos m\u00e9dicos para la Sociedad de Fomento y CAPS de Gowland-Agote\" class=\"read-more\" href=\"https:\/\/www.hoymercedes.com.ar\/principal\/2020\/07\/22\/donan-insumos-medicos-para-la-sociedad-de-fomento-y-caps-de-gowland-agote\/\" aria-label=\"Leer m\u00e1s sobre Donan insumos m\u00e9dicos para la Sociedad de Fomento y CAPS de Gowland-Agote\">Leer m\u00e1s<\/a><\/p>\n","protected":false},"author":1,"featured_media":113997,"comment_status":"closed","ping_status":"open","sticky":false,"template":"","format":"standard","meta":{"_monsterinsights_skip_tracking":false,"_monsterinsights_sitenote_active":false,"_monsterinsights_sitenote_note":"","_monsterinsights_sitenote_category":0,"jetpack_post_was_ever_published":false,"_jetpack_newsletter_access":"","_jetpack_dont_email_post_to_subs":false,"_jetpack_newsletter_tier_id":0,"_jetpack_memberships_contains_paywalled_content":false,"_jetpack_memberships_contains_paid_content":false,"footnotes":"","jetpack_publicize_message":"","jetpack_publicize_feature_enabled":true,"jetpack_social_post_already_shared":true,"jetpack_social_options":{"image_generator_settings":{"template":"highway","default_image_id":0,"font":"","enabled":false},"version":2},"_wpas_customize_per_network":false},"categories":[9791],"tags":[9783,9987,134,9028],"class_list":["post-113996","post","type-post","status-publish","format-standard","has-post-thumbnail","hentry","category-salud","tag-donacion","tag-gowland-agote","tag-salud","tag-zona-rural","generate-columns","tablet-grid-50","mobile-grid-100","grid-parent","grid-50"],"jetpack_publicize_connections":[],"jetpack_featured_media_url":"https:\/\/www.hoymercedes.com.ar\/principal\/wp-content\/uploads\/2020\/07\/WhatsApp-Image-2020-07-22-at-10.20.13.jpeg","wps_subtitle":"Salud en la zona rural","jetpack_sharing_enabled":true,"_links":{"self":[{"href":"https:\/\/www.hoymercedes.com.ar\/principal\/wp-json\/wp\/v2\/posts\/113996","targetHints":{"allow":["GET"]}}],"collection":[{"href":"https:\/\/www.hoymercedes.com.ar\/principal\/wp-json\/wp\/v2\/posts"}],"about":[{"href":"https:\/\/www.hoymercedes.com.ar\/principal\/wp-json\/wp\/v2\/types\/post"}],"author":[{"embeddable":true,"href":"https:\/\/www.hoymercedes.com.ar\/principal\/wp-json\/wp\/v2\/users\/1"}],"replies":[{"embeddable":true,"href":"https:\/\/www.hoymercedes.com.ar\/principal\/wp-json\/wp\/v2\/comments?post=113996"}],"version-history":[{"count":0,"href":"https:\/\/www.hoymercedes.com.ar\/principal\/wp-json\/wp\/v2\/posts\/113996\/revisions"}],"wp:featuredmedia":[{"embeddable":true,"href":"https:\/\/www.hoymercedes.com.ar\/principal\/wp-json\/wp\/v2\/media\/113997"}],"wp:attachment":[{"href":"https:\/\/www.hoymercedes.com.ar\/principal\/wp-json\/wp\/v2\/media?parent=113996"}],"wp:term":[{"taxonomy":"category","embeddable":true,"href":"https:\/\/www.hoymercedes.com.ar\/principal\/wp-json\/wp\/v2\/categories?post=113996"},{"taxonomy":"post_tag","embeddable":true,"href":"https:\/\/www.hoymercedes.com.ar\/principal\/wp-json\/wp\/v2\/tags?post=113996"}],"curies":[{"name":"wp","href":"https:\/\/api.w.org\/{rel}","templated":true}]}}