{"id":113999,"date":"2020-07-22T18:43:11","date_gmt":"2020-07-22T21:43:11","guid":{"rendered":"http:\/\/www.hoymercedes.com.ar\/principal\/?p=113999"},"modified":"2020-07-22T18:44:28","modified_gmt":"2020-07-22T21:44:28","slug":"coronavirus-fallecio-otra-paciente-y-ya-son-12-las-victimas-en-lujan","status":"publish","type":"post","link":"https:\/\/www.hoymercedes.com.ar\/principal\/2020\/07\/22\/coronavirus-fallecio-otra-paciente-y-ya-son-12-las-victimas-en-lujan\/","title":{"rendered":"Coronavirus: falleci\u00f3 otra paciente y ya son 12 las v\u00edctimas en Luj\u00e1n"},"content":{"rendered":"\n<p>Se trata de una mujer de 88 a\u00f1os que se hab\u00eda hisopado el 15 de julio, configur\u00e1ndose como caso positivo dos d\u00edas despu\u00e9s. \u00abLa paciente ten\u00eda antecedentes de insuficiencia card\u00edaca y se encontraba internada en un efector privado de nuestra ciudad\u00bb, se\u00f1alaron desde la Secretar\u00eda de Salud del Municipio de Luj\u00e1n. Son 12 las v\u00edctimas fatales por Covid-19 en la vecina localidad.<\/p>\n\n\n\n<hr class=\"wp-block-separator has-text-color has-background has-vivid-cyan-blue-background-color has-vivid-cyan-blue-color\"\/>\n\n\n\n<p>La Secretar\u00eda de Salud del Municipio de Luj\u00e1n inform\u00f3 que este mi\u00e9rcoles se produjo el fallecimiento de una lujanense con coronavirus. \u201cSe trata de una mujer de 88 a\u00f1os que se hab\u00eda hisopado el pasado 15 de julio, configur\u00e1ndose como caso positivo el 17 de julio\u201d, se\u00f1alaron. Y en esa l\u00ednea, a\u00f1adieron que \u201cla paciente ten\u00eda antecedentes de insuficiencia card\u00edaca y se encontraba internada en un efector privado de nuestra ciudad\u201d.<\/p>\n\n\n\n<p>De esta manera, ya son 12 las v\u00edctimas fatales por Covid-19 en nuestra ciudad. Adem\u00e1s, en Luj\u00e1n fallecieron dos personas oriundas de otros municipios.<\/p>\n\n\n\n<p>En tanto, en el Informe Oficial N\u00b0 127, emitido este mi\u00e9rcoles a las 7, la Secretar\u00eda de Salud de Luj\u00e1n, confirmaron 11 nuevos casos positivos\u00a0para Covid-19, los cuales se encuentran cumpliendo aislamiento domiciliario. Ellos son: un beb\u00e9 de 8 meses, un  ni\u00f1o de 8 a\u00f1os, dos ni\u00f1as de 13 a\u00f1os, un hombre de 24 a\u00f1os, una mujer de 32 a\u00f1os, dos hombres de 35 a\u00f1os, una mujer de 43 a\u00f1os, un hombre de 46 a\u00f1os y un hombre de 70 a\u00f1os. <\/p>\n\n\n\n<p>Hasta el momento, el Partido de Luj\u00e1n registra\u00a0362 casos positivos\u00a0(de los cuales 12 fallecieron, 131 fueron dados de alta y 220 se encuentran en tratamiento),\u00a01.633 casos descartados\u00a0y\u00a040 casos en estudio\u00a0para coronavirus. Adem\u00e1s, en nuestra ciudad fallecieron dos mujeres oriundas de otros distritos.<\/p>\n\n\n\n<p>Fuente: Luj\u00e1n Hoy<\/p>\n","protected":false},"excerpt":{"rendered":"<p>Se trata de una mujer de 88 a\u00f1os que se hab\u00eda hisopado el 15 de julio, configur\u00e1ndose como caso positivo &#8230; <a title=\"Coronavirus: falleci\u00f3 otra paciente y ya son 12 las v\u00edctimas en Luj\u00e1n\" class=\"read-more\" href=\"https:\/\/www.hoymercedes.com.ar\/principal\/2020\/07\/22\/coronavirus-fallecio-otra-paciente-y-ya-son-12-las-victimas-en-lujan\/\" aria-label=\"Leer m\u00e1s sobre Coronavirus: falleci\u00f3 otra paciente y ya son 12 las v\u00edctimas en Luj\u00e1n\">Leer m\u00e1s<\/a><\/p>\n","protected":false},"author":1,"featured_media":111592,"comment_status":"closed","ping_status":"open","sticky":false,"template":"","format":"standard","meta":{"_monsterinsights_skip_tracking":false,"_monsterinsights_sitenote_active":false,"_monsterinsights_sitenote_note":"","_monsterinsights_sitenote_category":0,"jetpack_post_was_ever_published":false,"_jetpack_newsletter_access":"","_jetpack_dont_email_post_to_subs":false,"_jetpack_newsletter_tier_id":0,"_jetpack_memberships_contains_paywalled_content":false,"_jetpack_memberships_contains_paid_content":false,"footnotes":"","jetpack_publicize_message":"","jetpack_publicize_feature_enabled":true,"jetpack_social_post_already_shared":true,"jetpack_social_options":{"image_generator_settings":{"template":"highway","default_image_id":0,"font":"","enabled":false},"version":2},"_wpas_customize_per_network":false},"categories":[5501],"tags":[16175,16313,86,9322],"class_list":["post-113999","post","type-post","status-publish","format-standard","has-post-thumbnail","hentry","category-region","tag-coronavirus","tag-covid-19","tag-lujan","tag-region","generate-columns","tablet-grid-50","mobile-grid-100","grid-parent","grid-50"],"jetpack_publicize_connections":[],"jetpack_featured_media_url":"https:\/\/www.hoymercedes.com.ar\/principal\/wp-content\/uploads\/2020\/06\/03-coronavirus_analisis_muestras.jpg","wps_subtitle":"Informe regional","jetpack_sharing_enabled":true,"_links":{"self":[{"href":"https:\/\/www.hoymercedes.com.ar\/principal\/wp-json\/wp\/v2\/posts\/113999","targetHints":{"allow":["GET"]}}],"collection":[{"href":"https:\/\/www.hoymercedes.com.ar\/principal\/wp-json\/wp\/v2\/posts"}],"about":[{"href":"https:\/\/www.hoymercedes.com.ar\/principal\/wp-json\/wp\/v2\/types\/post"}],"author":[{"embeddable":true,"href":"https:\/\/www.hoymercedes.com.ar\/principal\/wp-json\/wp\/v2\/users\/1"}],"replies":[{"embeddable":true,"href":"https:\/\/www.hoymercedes.com.ar\/principal\/wp-json\/wp\/v2\/comments?post=113999"}],"version-history":[{"count":0,"href":"https:\/\/www.hoymercedes.com.ar\/principal\/wp-json\/wp\/v2\/posts\/113999\/revisions"}],"wp:featuredmedia":[{"embeddable":true,"href":"https:\/\/www.hoymercedes.com.ar\/principal\/wp-json\/wp\/v2\/media\/111592"}],"wp:attachment":[{"href":"https:\/\/www.hoymercedes.com.ar\/principal\/wp-json\/wp\/v2\/media?parent=113999"}],"wp:term":[{"taxonomy":"category","embeddable":true,"href":"https:\/\/www.hoymercedes.com.ar\/principal\/wp-json\/wp\/v2\/categories?post=113999"},{"taxonomy":"post_tag","embeddable":true,"href":"https:\/\/www.hoymercedes.com.ar\/principal\/wp-json\/wp\/v2\/tags?post=113999"}],"curies":[{"name":"wp","href":"https:\/\/api.w.org\/{rel}","templated":true}]}}