{"id":114005,"date":"2020-07-22T22:22:00","date_gmt":"2020-07-23T01:22:00","guid":{"rendered":"http:\/\/www.hoymercedes.com.ar\/principal\/?p=114005"},"modified":"2020-07-23T23:16:15","modified_gmt":"2020-07-24T02:16:15","slug":"coronavirus-en-mercedes-14-nuevos-casos-en-51-testeos","status":"publish","type":"post","link":"https:\/\/www.hoymercedes.com.ar\/principal\/2020\/07\/22\/coronavirus-en-mercedes-14-nuevos-casos-en-51-testeos\/","title":{"rendered":"Coronavirus en Mercedes: 14 nuevos casos en 51 testeos"},"content":{"rendered":"\n<p>El informe local de la situaci\u00f3n epidemiol\u00f3gia de Mercedes confirma que este mi\u00e9rcoles se suman 14 nuevos casos de covid-19, luego de realizarse en el d\u00eda 51 an\u00e1lisis de hisopados tomados en los \u00faltimos d\u00edas. Asimismo, confirman que 15 pacientes fueron dados de alta m\u00e9dica. <\/p>\n\n\n\n<div class=\"wp-block-image\"><figure class=\"aligncenter size-large\"><img loading=\"lazy\" decoding=\"async\" width=\"900\" height=\"900\" data-attachment-id=\"114008\" data-permalink=\"https:\/\/www.hoymercedes.com.ar\/principal\/2020\/07\/22\/coronavirus-en-mercedes-14-nuevos-casos-en-51-testeos\/whatsapp-image-2020-07-22-at-22-08-20\/#main\" data-orig-file=\"https:\/\/www.hoymercedes.com.ar\/principal\/wp-content\/uploads\/2020\/07\/WhatsApp-Image-2020-07-22-at-22.08.20.jpeg\" data-orig-size=\"900,900\" data-comments-opened=\"0\" data-image-meta=\"{&quot;aperture&quot;:&quot;0&quot;,&quot;credit&quot;:&quot;&quot;,&quot;camera&quot;:&quot;&quot;,&quot;caption&quot;:&quot;&quot;,&quot;created_timestamp&quot;:&quot;0&quot;,&quot;copyright&quot;:&quot;&quot;,&quot;focal_length&quot;:&quot;0&quot;,&quot;iso&quot;:&quot;0&quot;,&quot;shutter_speed&quot;:&quot;0&quot;,&quot;title&quot;:&quot;&quot;,&quot;orientation&quot;:&quot;0&quot;}\" data-image-title=\"WhatsApp Image 2020-07-22 at 22.08.20\" data-image-description=\"\" data-image-caption=\"\" data-large-file=\"https:\/\/www.hoymercedes.com.ar\/principal\/wp-content\/uploads\/2020\/07\/WhatsApp-Image-2020-07-22-at-22.08.20.jpeg\" src=\"https:\/\/www.hoymercedes.com.ar\/principal\/wp-content\/uploads\/2020\/07\/WhatsApp-Image-2020-07-22-at-22.08.20.jpeg\" alt=\"\" class=\"wp-image-114008\"\/><\/figure><\/div>\n\n\n\n<p>Desde la Municipalidad de Mercedes y el Hospital Blas L. Dubarry enviaron el informe con el cierre del d\u00eda de este 22 de julio de 2020: <\/p>\n\n\n\n<p>\u00abEn el d\u00eda de la fecha tras los estudios efectuados por el Laboratorio de Virolog\u00eda Molecular Municipal ubicado en el Hospital Dubarry con una amplia jornada de trabajo se detectaron 14 nuevos casos para covid-19.<br>Los mismos tienen ra\u00edz epidemiol\u00f3gica y se debe su detecci\u00f3n a los rastreos y b\u00fasquedas activas llevadas a cabo.<br>A su vez recibimos la buena noticia de que 15 pacientes lograron el alta m\u00e9dica tras recuperarse del virus arribando a 160.<br>De esta manera llegamos a 210 casos activos y 373 desde iniciada la pandemia.<br>Por la ma\u00f1ana se concret\u00f3 un nuevo Comit\u00e9 de Crisis donde se debatieron y analizaron distintos aspectos de la actualidad epidemiol\u00f3gica de la ciudad\u00bb.<\/p>\n\n\n\n<p><strong>Informe nacional<\/strong><br>El Ministerio de Salud de Naci\u00f3n confirm\u00f3 este mi\u00e9rcoles 5.782 nuevos casos de COVID-19. Del total de casos del d\u00eda, 3801 son de la provincia de Buenos Aires y 1390 de la ciudad de Buenos Aires. El resto de los casos positivos del d\u00eda se distribuyen entre: Catamarca 1; Chaco 73; C\u00f3rdoba 87; Entre R\u00edos 24; Formosa 1; Jujuy 155; La Rioja 10; Mendoza 56; Neuqu\u00e9n 26; R\u00edo Negro 57; Salta 19; San Juan 1; San Luis 2; Santa Cruz 17; Santa Fe 49; Santiago del Estero 1; Tierra del Fuego 10 y Tucum\u00e1n 2. Con estos registros, suman 141.900 positivos en el pa\u00eds.<\/p>\n\n\n\n<p>En las \u00faltimas 24 horas, fallecieron en el pa\u00eds 98 personas con covid-19. Los primeros 16 fallecimentos son: 10 hombres (siete residentes en la provincia de Buenos Aires; y tres residentes en la Ciudad de Buenos Aires); y 6 mujeres (dos residentes en la provincia de Buenos Aires; y cuatro residentes en la Ciudad de Buenos Aires). En el informe verpertino se comunicaron las 82 restantes: 46 hombres (veintisiete residentes en la provincia de Buenos Aires; dieciocho residentes en la Ciudad de Buenos Aires; y uno residente en la provincia de Chaco) y 36 mujeres (dieciseis residentes en la provincia de Buenos Aires; diecisiete residentes en la Ciudad de Buenos Aires; dos residentes en la provincia de Chaco;  y uno residente en la provincia de Mendoza. Al momento la cantidad de personas fallecidas es 2.588.<\/p>\n\n\n\n<p><\/p>\n","protected":false},"excerpt":{"rendered":"<p>El informe local de la situaci\u00f3n epidemiol\u00f3gia de Mercedes confirma que este mi\u00e9rcoles se suman 14 nuevos casos de covid-19, &#8230; <a title=\"Coronavirus en Mercedes: 14 nuevos casos en 51 testeos\" class=\"read-more\" href=\"https:\/\/www.hoymercedes.com.ar\/principal\/2020\/07\/22\/coronavirus-en-mercedes-14-nuevos-casos-en-51-testeos\/\" aria-label=\"Leer m\u00e1s sobre Coronavirus en Mercedes: 14 nuevos casos en 51 testeos\">Leer m\u00e1s<\/a><\/p>\n","protected":false},"author":1,"featured_media":114008,"comment_status":"closed","ping_status":"open","sticky":false,"template":"","format":"standard","meta":{"_monsterinsights_skip_tracking":false,"_monsterinsights_sitenote_active":false,"_monsterinsights_sitenote_note":"","_monsterinsights_sitenote_category":0,"jetpack_post_was_ever_published":false,"_jetpack_newsletter_access":"","_jetpack_dont_email_post_to_subs":false,"_jetpack_newsletter_tier_id":0,"_jetpack_memberships_contains_paywalled_content":false,"_jetpack_memberships_contains_paid_content":false,"footnotes":"","jetpack_publicize_message":"","jetpack_publicize_feature_enabled":true,"jetpack_social_post_already_shared":false,"jetpack_social_options":{"image_generator_settings":{"template":"highway","default_image_id":0,"font":"","enabled":false},"version":2},"_wpas_customize_per_network":false},"categories":[9791],"tags":[16428,16561,16175,16313],"class_list":["post-114005","post","type-post","status-publish","format-standard","has-post-thumbnail","hentry","category-salud","tag-casos-positivos","tag-cierre-del-dia","tag-coronavirus","tag-covid-19","generate-columns","tablet-grid-50","mobile-grid-100","grid-parent","grid-50"],"jetpack_publicize_connections":[],"jetpack_featured_media_url":"https:\/\/www.hoymercedes.com.ar\/principal\/wp-content\/uploads\/2020\/07\/WhatsApp-Image-2020-07-22-at-22.08.20.jpeg","wps_subtitle":"Cierre del d\u00eda","jetpack_sharing_enabled":true,"_links":{"self":[{"href":"https:\/\/www.hoymercedes.com.ar\/principal\/wp-json\/wp\/v2\/posts\/114005","targetHints":{"allow":["GET"]}}],"collection":[{"href":"https:\/\/www.hoymercedes.com.ar\/principal\/wp-json\/wp\/v2\/posts"}],"about":[{"href":"https:\/\/www.hoymercedes.com.ar\/principal\/wp-json\/wp\/v2\/types\/post"}],"author":[{"embeddable":true,"href":"https:\/\/www.hoymercedes.com.ar\/principal\/wp-json\/wp\/v2\/users\/1"}],"replies":[{"embeddable":true,"href":"https:\/\/www.hoymercedes.com.ar\/principal\/wp-json\/wp\/v2\/comments?post=114005"}],"version-history":[{"count":0,"href":"https:\/\/www.hoymercedes.com.ar\/principal\/wp-json\/wp\/v2\/posts\/114005\/revisions"}],"wp:featuredmedia":[{"embeddable":true,"href":"https:\/\/www.hoymercedes.com.ar\/principal\/wp-json\/wp\/v2\/media\/114008"}],"wp:attachment":[{"href":"https:\/\/www.hoymercedes.com.ar\/principal\/wp-json\/wp\/v2\/media?parent=114005"}],"wp:term":[{"taxonomy":"category","embeddable":true,"href":"https:\/\/www.hoymercedes.com.ar\/principal\/wp-json\/wp\/v2\/categories?post=114005"},{"taxonomy":"post_tag","embeddable":true,"href":"https:\/\/www.hoymercedes.com.ar\/principal\/wp-json\/wp\/v2\/tags?post=114005"}],"curies":[{"name":"wp","href":"https:\/\/api.w.org\/{rel}","templated":true}]}}