{"id":114014,"date":"2020-07-23T10:26:39","date_gmt":"2020-07-23T13:26:39","guid":{"rendered":"http:\/\/www.hoymercedes.com.ar\/principal\/?p=114014"},"modified":"2020-07-23T23:15:46","modified_gmt":"2020-07-24T02:15:46","slug":"corte-de-energia-electrica-en-centro-y-zona-de-acceso-sur","status":"publish","type":"post","link":"https:\/\/www.hoymercedes.com.ar\/principal\/2020\/07\/23\/corte-de-energia-electrica-en-centro-y-zona-de-acceso-sur\/","title":{"rendered":"Corte de energ\u00eda el\u00e9ctrica en centro y zona de acceso sur"},"content":{"rendered":"\n<p>Desde la empresa EDEN comunicaron que debido a la falla en un Centro de Transformaci\u00f3n, se produjo un corte en Zona Centro. Asimismo, comunicaron que por la quema de un aislador, se produjo la falla en un alimentador afectando el servicio en la zona del Acceso Sur.<\/p>\n\n\n\n<p>\u00abCerca de las 9.00 salio FS la CT que est\u00e1 en 26 y 37. Estamos trabajando en las reparaciones. Si bien la contingencia no es relevante en cantidad de usuarios afectados (215 usuarios) la zona es c\u00e9ntrica. Todo el equipo se encuentra trabajando para restablecer el servicio a la brevedad posible\u00bb, resaltan en la informaci\u00f3n  enviada a los medios. <\/p>\n","protected":false},"excerpt":{"rendered":"<p>Desde la empresa EDEN comunicaron que debido a la falla en un Centro de Transformaci\u00f3n, se produjo un corte en &#8230; <a title=\"Corte de energ\u00eda el\u00e9ctrica en centro y zona de acceso sur\" class=\"read-more\" href=\"https:\/\/www.hoymercedes.com.ar\/principal\/2020\/07\/23\/corte-de-energia-electrica-en-centro-y-zona-de-acceso-sur\/\" aria-label=\"Leer m\u00e1s sobre Corte de energ\u00eda el\u00e9ctrica en centro y zona de acceso sur\">Leer m\u00e1s<\/a><\/p>\n","protected":false},"author":1,"featured_media":46617,"comment_status":"closed","ping_status":"open","sticky":false,"template":"","format":"standard","meta":{"_monsterinsights_skip_tracking":false,"_monsterinsights_sitenote_active":false,"_monsterinsights_sitenote_note":"","_monsterinsights_sitenote_category":0,"jetpack_post_was_ever_published":false,"_jetpack_newsletter_access":"","_jetpack_dont_email_post_to_subs":false,"_jetpack_newsletter_tier_id":0,"_jetpack_memberships_contains_paywalled_content":false,"_jetpack_memberships_contains_paid_content":false,"footnotes":"","jetpack_publicize_message":"","jetpack_publicize_feature_enabled":true,"jetpack_social_post_already_shared":true,"jetpack_social_options":{"image_generator_settings":{"template":"highway","default_image_id":0,"font":"","enabled":false},"version":2},"_wpas_customize_per_network":false},"categories":[8],"tags":[1770,1023,8808],"class_list":["post-114014","post","type-post","status-publish","format-standard","has-post-thumbnail","hentry","category-sociedad","tag-corte-de-energia","tag-eden","tag-energia-electrica","generate-columns","tablet-grid-50","mobile-grid-100","grid-parent","grid-50"],"jetpack_publicize_connections":[],"jetpack_featured_media_url":"https:\/\/www.hoymercedes.com.ar\/principal\/wp-content\/uploads\/2015\/12\/eden.jpg","wps_subtitle":"Desde EDEN","jetpack_sharing_enabled":true,"_links":{"self":[{"href":"https:\/\/www.hoymercedes.com.ar\/principal\/wp-json\/wp\/v2\/posts\/114014","targetHints":{"allow":["GET"]}}],"collection":[{"href":"https:\/\/www.hoymercedes.com.ar\/principal\/wp-json\/wp\/v2\/posts"}],"about":[{"href":"https:\/\/www.hoymercedes.com.ar\/principal\/wp-json\/wp\/v2\/types\/post"}],"author":[{"embeddable":true,"href":"https:\/\/www.hoymercedes.com.ar\/principal\/wp-json\/wp\/v2\/users\/1"}],"replies":[{"embeddable":true,"href":"https:\/\/www.hoymercedes.com.ar\/principal\/wp-json\/wp\/v2\/comments?post=114014"}],"version-history":[{"count":0,"href":"https:\/\/www.hoymercedes.com.ar\/principal\/wp-json\/wp\/v2\/posts\/114014\/revisions"}],"wp:featuredmedia":[{"embeddable":true,"href":"https:\/\/www.hoymercedes.com.ar\/principal\/wp-json\/wp\/v2\/media\/46617"}],"wp:attachment":[{"href":"https:\/\/www.hoymercedes.com.ar\/principal\/wp-json\/wp\/v2\/media?parent=114014"}],"wp:term":[{"taxonomy":"category","embeddable":true,"href":"https:\/\/www.hoymercedes.com.ar\/principal\/wp-json\/wp\/v2\/categories?post=114014"},{"taxonomy":"post_tag","embeddable":true,"href":"https:\/\/www.hoymercedes.com.ar\/principal\/wp-json\/wp\/v2\/tags?post=114014"}],"curies":[{"name":"wp","href":"https:\/\/api.w.org\/{rel}","templated":true}]}}