{"id":114016,"date":"2020-07-23T10:59:58","date_gmt":"2020-07-23T13:59:58","guid":{"rendered":"http:\/\/www.hoymercedes.com.ar\/principal\/?p=114016"},"modified":"2020-07-23T23:15:18","modified_gmt":"2020-07-24T02:15:18","slug":"anses-hara-un-tercer-pago-de-ife-desde-el-10-de-agosto","status":"publish","type":"post","link":"https:\/\/www.hoymercedes.com.ar\/principal\/2020\/07\/23\/anses-hara-un-tercer-pago-de-ife-desde-el-10-de-agosto\/","title":{"rendered":"Anses har\u00e1 un tercer pago de IFE desde el 10 de agosto"},"content":{"rendered":"\n<p>Desde ANSES dieron a conocer que\u00a0a partir del 10 de agosto, se realizar\u00e1 el pago del tercer Ingreso Familiar de Emergencia (IFE) de 10.000 pesos. El mismo se abonar\u00e1 en conjunto con el cronograma de pago de la Asignaci\u00f3n Universal por Hijo (AUH). Pasado el cronograma de estos beneficiarios, lo recibir\u00e1n las personas que cobran el ingreso a trav\u00e9s de los dep\u00f3sitos bancarios de acuerdo a la informaci\u00f3n provista en su momento. <\/p>\n\n\n\n<p>Cabe recordar que el IFE est\u00e1 destinado a cuidar en materia econ\u00f3mica y social a las familias de los sectores m\u00e1s vulnerables que se ven afectadas por la emergencia sanitaria creada por el Coronavirus (COVID19). El bono volver\u00e1 a llegar a casi 9 millones de personas. Ante cualquier duda: <em><strong><a rel=\"noreferrer noopener\" target=\"_blank\" href=\"http:\/\/www.anses.gob.ar\/\">www.anses.gob.ar<\/a><\/strong><\/em><\/p>\n","protected":false},"excerpt":{"rendered":"<p>Desde ANSES dieron a conocer que\u00a0a partir del 10 de agosto, se realizar\u00e1 el pago del tercer Ingreso Familiar de &#8230; <a title=\"Anses har\u00e1 un tercer pago de IFE desde el 10 de agosto\" class=\"read-more\" href=\"https:\/\/www.hoymercedes.com.ar\/principal\/2020\/07\/23\/anses-hara-un-tercer-pago-de-ife-desde-el-10-de-agosto\/\" aria-label=\"Leer m\u00e1s sobre Anses har\u00e1 un tercer pago de IFE desde el 10 de agosto\">Leer m\u00e1s<\/a><\/p>\n","protected":false},"author":1,"featured_media":73507,"comment_status":"closed","ping_status":"open","sticky":false,"template":"","format":"standard","meta":{"_monsterinsights_skip_tracking":false,"_monsterinsights_sitenote_active":false,"_monsterinsights_sitenote_note":"","_monsterinsights_sitenote_category":0,"jetpack_post_was_ever_published":false,"_jetpack_newsletter_access":"","_jetpack_dont_email_post_to_subs":false,"_jetpack_newsletter_tier_id":0,"_jetpack_memberships_contains_paywalled_content":false,"_jetpack_memberships_contains_paid_content":false,"footnotes":"","jetpack_publicize_message":"","jetpack_publicize_feature_enabled":true,"jetpack_social_post_already_shared":true,"jetpack_social_options":{"image_generator_settings":{"template":"highway","default_image_id":0,"font":"","enabled":false},"version":2},"_wpas_customize_per_network":false},"categories":[8],"tags":[4,16416],"class_list":["post-114016","post","type-post","status-publish","format-standard","has-post-thumbnail","hentry","category-sociedad","tag-anses","tag-ife","generate-columns","tablet-grid-50","mobile-grid-100","grid-parent","grid-50"],"jetpack_publicize_connections":[],"jetpack_featured_media_url":"https:\/\/www.hoymercedes.com.ar\/principal\/wp-content\/uploads\/2018\/03\/15-anses-logo.jpg","wps_subtitle":"","jetpack_sharing_enabled":true,"_links":{"self":[{"href":"https:\/\/www.hoymercedes.com.ar\/principal\/wp-json\/wp\/v2\/posts\/114016","targetHints":{"allow":["GET"]}}],"collection":[{"href":"https:\/\/www.hoymercedes.com.ar\/principal\/wp-json\/wp\/v2\/posts"}],"about":[{"href":"https:\/\/www.hoymercedes.com.ar\/principal\/wp-json\/wp\/v2\/types\/post"}],"author":[{"embeddable":true,"href":"https:\/\/www.hoymercedes.com.ar\/principal\/wp-json\/wp\/v2\/users\/1"}],"replies":[{"embeddable":true,"href":"https:\/\/www.hoymercedes.com.ar\/principal\/wp-json\/wp\/v2\/comments?post=114016"}],"version-history":[{"count":0,"href":"https:\/\/www.hoymercedes.com.ar\/principal\/wp-json\/wp\/v2\/posts\/114016\/revisions"}],"wp:featuredmedia":[{"embeddable":true,"href":"https:\/\/www.hoymercedes.com.ar\/principal\/wp-json\/wp\/v2\/media\/73507"}],"wp:attachment":[{"href":"https:\/\/www.hoymercedes.com.ar\/principal\/wp-json\/wp\/v2\/media?parent=114016"}],"wp:term":[{"taxonomy":"category","embeddable":true,"href":"https:\/\/www.hoymercedes.com.ar\/principal\/wp-json\/wp\/v2\/categories?post=114016"},{"taxonomy":"post_tag","embeddable":true,"href":"https:\/\/www.hoymercedes.com.ar\/principal\/wp-json\/wp\/v2\/tags?post=114016"}],"curies":[{"name":"wp","href":"https:\/\/api.w.org\/{rel}","templated":true}]}}