{"id":114049,"date":"2020-07-23T18:21:23","date_gmt":"2020-07-23T21:21:23","guid":{"rendered":"http:\/\/www.hoymercedes.com.ar\/principal\/?p=114049"},"modified":"2020-07-23T19:36:09","modified_gmt":"2020-07-23T22:36:09","slug":"allanamiento-por-delito-de-pornografia-infantil","status":"publish","type":"post","link":"https:\/\/www.hoymercedes.com.ar\/principal\/2020\/07\/23\/allanamiento-por-delito-de-pornografia-infantil\/","title":{"rendered":"Allanamiento por delito de pornograf\u00eda infantil"},"content":{"rendered":"\n<p>Desde una popular red social se capt\u00f3 en el a\u00f1o 2017 la distribuci\u00f3n y publicaci\u00f3n de material de pornograf\u00eda infantil de un usuario de la misma residente en la localidad de Bragado. Desde la compa\u00f1\u00eda se emiti\u00f3 la correspondiente informaci\u00f3n a la justicia, recayendo la investigaci\u00f3n en la&nbsp;Unidad Funcional de Investigaciones Complejas&nbsp;&nbsp;del Departamento Judicial Mercedes desde la cual, y en conjunto con la Subdelegaci\u00f3n Departamental de Investigaciones con asiento en Bragado se iniciaron tareas investigativas para dar con el autor del il\u00edcito.&nbsp;<\/p>\n\n\n\n<p>Tras intensas labores para dar con el usuario real de la cuenta de la red social y establecer su domicilio,&nbsp;desde el Ministerio P\u00fablico Fiscal se solicit\u00f3&nbsp;ante el Juzgado de Garantas N\u00b0 3&nbsp;Departamental&nbsp;una orden de allanamiento y secuestro para un domicilio de la localidad.&nbsp;<\/p>\n\n\n\n<p>\u201cFacilitaci\u00f3n, publicaci\u00f3n y\/o distribuci\u00f3n de representaci\u00f3n de un menor dedicado a actividades sexuales expl\u00edcitas\u201d&nbsp;<\/p>\n\n\n\n<p>En el allanamiento se secuestraron\u00a0tres celulares, tarjetas de memoria y tres\u00a0routers, y se notific\u00f3 al morador del lugar de la formaci\u00f3n de causa. La investigaci\u00f3n contin\u00faa su curso.\u00a0<\/p>\n\n\n\n<p>Fuente: Ministerio P\u00fablico Fiscal &#8211; Depto Judicial Mercedes<\/p>\n","protected":false},"excerpt":{"rendered":"<p>Desde una popular red social se capt\u00f3 en el a\u00f1o 2017 la distribuci\u00f3n y publicaci\u00f3n de material de pornograf\u00eda infantil &#8230; <a title=\"Allanamiento por delito de pornograf\u00eda infantil\" class=\"read-more\" href=\"https:\/\/www.hoymercedes.com.ar\/principal\/2020\/07\/23\/allanamiento-por-delito-de-pornografia-infantil\/\" aria-label=\"Leer m\u00e1s sobre Allanamiento por delito de pornograf\u00eda infantil\">Leer m\u00e1s<\/a><\/p>\n","protected":false},"author":1,"featured_media":114050,"comment_status":"closed","ping_status":"open","sticky":false,"template":"","format":"standard","meta":{"_monsterinsights_skip_tracking":false,"_monsterinsights_sitenote_active":false,"_monsterinsights_sitenote_note":"","_monsterinsights_sitenote_category":0,"jetpack_post_was_ever_published":false,"_jetpack_newsletter_access":"","_jetpack_dont_email_post_to_subs":false,"_jetpack_newsletter_tier_id":0,"_jetpack_memberships_contains_paywalled_content":false,"_jetpack_memberships_contains_paid_content":false,"footnotes":"","jetpack_publicize_message":"","jetpack_publicize_feature_enabled":true,"jetpack_social_post_already_shared":true,"jetpack_social_options":{"image_generator_settings":{"template":"highway","default_image_id":0,"font":"","enabled":false},"version":2},"_wpas_customize_per_network":false},"categories":[85],"tags":[8695,96,16864,1057],"class_list":["post-114049","post","type-post","status-publish","format-standard","has-post-thumbnail","hentry","category-policial","tag-delitos","tag-policial-2","tag-pornografia-infantil","tag-regional","generate-columns","tablet-grid-50","mobile-grid-100","grid-parent","grid-50"],"jetpack_publicize_connections":[],"jetpack_featured_media_url":"https:\/\/www.hoymercedes.com.ar\/principal\/wp-content\/uploads\/2020\/07\/23-policial-bragado.jpg","wps_subtitle":"En Bragado","jetpack_sharing_enabled":true,"_links":{"self":[{"href":"https:\/\/www.hoymercedes.com.ar\/principal\/wp-json\/wp\/v2\/posts\/114049","targetHints":{"allow":["GET"]}}],"collection":[{"href":"https:\/\/www.hoymercedes.com.ar\/principal\/wp-json\/wp\/v2\/posts"}],"about":[{"href":"https:\/\/www.hoymercedes.com.ar\/principal\/wp-json\/wp\/v2\/types\/post"}],"author":[{"embeddable":true,"href":"https:\/\/www.hoymercedes.com.ar\/principal\/wp-json\/wp\/v2\/users\/1"}],"replies":[{"embeddable":true,"href":"https:\/\/www.hoymercedes.com.ar\/principal\/wp-json\/wp\/v2\/comments?post=114049"}],"version-history":[{"count":0,"href":"https:\/\/www.hoymercedes.com.ar\/principal\/wp-json\/wp\/v2\/posts\/114049\/revisions"}],"wp:featuredmedia":[{"embeddable":true,"href":"https:\/\/www.hoymercedes.com.ar\/principal\/wp-json\/wp\/v2\/media\/114050"}],"wp:attachment":[{"href":"https:\/\/www.hoymercedes.com.ar\/principal\/wp-json\/wp\/v2\/media?parent=114049"}],"wp:term":[{"taxonomy":"category","embeddable":true,"href":"https:\/\/www.hoymercedes.com.ar\/principal\/wp-json\/wp\/v2\/categories?post=114049"},{"taxonomy":"post_tag","embeddable":true,"href":"https:\/\/www.hoymercedes.com.ar\/principal\/wp-json\/wp\/v2\/tags?post=114049"}],"curies":[{"name":"wp","href":"https:\/\/api.w.org\/{rel}","templated":true}]}}