{"id":114053,"date":"2020-07-24T07:49:00","date_gmt":"2020-07-24T10:49:00","guid":{"rendered":"http:\/\/www.hoymercedes.com.ar\/principal\/?p=114053"},"modified":"2020-07-23T22:53:08","modified_gmt":"2020-07-24T01:53:08","slug":"allanamientos-por-juego-clandestino","status":"publish","type":"post","link":"https:\/\/www.hoymercedes.com.ar\/principal\/2020\/07\/24\/allanamientos-por-juego-clandestino\/","title":{"rendered":"Allanamientos por juego clandestino"},"content":{"rendered":"\n<p>A fines del mes de mayo, mediante\u00a0un llamado telef\u00f3nico a comisar\u00eda se da cuenta de que en un domicilio se estar\u00edan realizando actividades de juegos de azar de forma il\u00edcita\u00a0en la localidad de San Antonio de\u00a0Areco.\u00a0Se iniciaron actuaciones por\u00a0\u201cjuego clandestino\u201d\u00a0en\u00a0Unidad Funcional de Investigaciones Complejas \u2013 a cargo del doctor\u00a0Pedro\u00a0Illanes\u00a0en esta investigaci\u00f3n\u2013\u00a0y se inici\u00f3 una\u00a0investigaci\u00f3n en conjunto con personal policial de la comisar\u00eda local.\u00a0A ra\u00edz de ello se logr\u00f3 determinar\u00a0nuevos\u00a0domicilios donde se realizar\u00eda la misma maniobra.\u00a0<\/p>\n\n\n\n<p>De acuerdo a lo relevado, en los mencionados domicilios se desarrollaban juegos de azar en dos modalidades:&nbsp;uno de manera virtual y otro presencial.&nbsp;Con los elementos recabados se solicit\u00f3 al Juzgado de Garant\u00edas N\u00b0&nbsp;2 \u2013 a cargo del&nbsp;dr.&nbsp;Facundo Oliva &#8211;&nbsp;una orden de allanamiento y secuestro en cuatro domicilios identificados a fin del secuestro de elementos vinculados a la investigaci\u00f3n.&nbsp;La misma fue concedida y llevada&nbsp;a cabo en la jornada del s\u00e1bado 18 del corriente&nbsp;por personal policial con participaci\u00f3n de funcionarios de la Ayudant\u00eda Fiscal de la localidad, logrando incautarse una importante suma de dinero en efectivo, y dispositivos y elementos utilizados para el juego de azar,&nbsp;armas de fuego,&nbsp;entre otros.&nbsp;<\/p>\n\n\n\n<p>Se notific\u00f3 de formaci\u00f3n de causa a cuatro personas\u00a0oriundas de la misma localidad.\u00a0La investigaci\u00f3n contin\u00faa su curso.\u00a0<\/p>\n\n\n\n<p><strong>Allanamientos por comercializaci\u00f3n de licencias falsas<\/strong>&nbsp;<\/p>\n\n\n\n<p>A principios del mes de julio se&nbsp;recepcion\u00f3&nbsp;en sede policial una denuncia que hac\u00eda referencia a&nbsp;la confecci\u00f3n y\/o comercializaci\u00f3n de licencias para conducir falsas, al no ser \u00e9stas las expedidas por la autoridad competente,&nbsp;en la localidad de San Antonio de&nbsp;Areco. Se iniciaron actuaciones por \u201cAveriguaci\u00f3n de il\u00edcito\u201d que recayeron en la Unidad Funcional de Instrucci\u00f3n N\u00ba 3 \u2013 a cargo del doctor Pedro&nbsp;Illanes&nbsp;\u2013 y tras tareas investigativas se solicit\u00f3&nbsp;Juzgado de Garant\u00edas N\u00b0 2&nbsp;\u2013a cargo del&nbsp;Dr.&nbsp;Facundo Oliva &#8211;&nbsp;una orden de allanamiento y secuestro en&nbsp;tres<strong>&nbsp;<\/strong>domicilios particulares.<\/p>\n\n\n\n<p>La misma fue concedida y llevada a cabo en la jornada del mi\u00e9rcoles por parte de&nbsp;Estaci\u00f3n de Polic\u00eda Comunal&nbsp;junto a personal de la Ayudant\u00eda Fiscal de&nbsp;San Antonio de&nbsp;Areco. En los procedimientos se secuestraron tel\u00e9fonos celulares, notebook, tablet, impresora; y en el domicilio de uno de los imputados dos licencias ap\u00f3crifas y un arma de fuego.&nbsp;<\/p>\n\n\n\n<p>Por ello a dos personas se les notific\u00f3 de la formaci\u00f3n de causa en su contra, por&nbsp;el delito de&nbsp;\u201cEstafa y falsificaci\u00f3n material de documento p\u00fablico agravada\u201d, y a uno de ellos particularmente se le sumaron dos causas por \u201cUso de documento p\u00fablico falso\u201d&nbsp;y \u201cTenencia ilegal de arma de fuego de uso civil\u201d.&nbsp;La investigaci\u00f3n por estos delitos contin\u00faa su curso y no se descartan nuevas medidas.&nbsp;<\/p>\n\n\n\n<p><\/p>\n\n\n\n<p><\/p>\n","protected":false},"excerpt":{"rendered":"<p>A fines del mes de mayo, mediante\u00a0un llamado telef\u00f3nico a comisar\u00eda se da cuenta de que en un domicilio se &#8230; <a title=\"Allanamientos por juego clandestino\" class=\"read-more\" href=\"https:\/\/www.hoymercedes.com.ar\/principal\/2020\/07\/24\/allanamientos-por-juego-clandestino\/\" aria-label=\"Leer m\u00e1s sobre Allanamientos por juego clandestino\">Leer m\u00e1s<\/a><\/p>\n","protected":false},"author":1,"featured_media":114070,"comment_status":"closed","ping_status":"open","sticky":false,"template":"","format":"standard","meta":{"_monsterinsights_skip_tracking":false,"_monsterinsights_sitenote_active":false,"_monsterinsights_sitenote_note":"","_monsterinsights_sitenote_category":0,"jetpack_post_was_ever_published":false,"_jetpack_newsletter_access":"","_jetpack_dont_email_post_to_subs":false,"_jetpack_newsletter_tier_id":0,"_jetpack_memberships_contains_paywalled_content":false,"_jetpack_memberships_contains_paid_content":false,"footnotes":"","jetpack_publicize_message":"","jetpack_publicize_feature_enabled":true,"jetpack_social_post_already_shared":true,"jetpack_social_options":{"image_generator_settings":{"template":"highway","default_image_id":0,"font":"","enabled":false},"version":2},"_wpas_customize_per_network":false},"categories":[85],"tags":[7125,10083,96,9322],"class_list":["post-114053","post","type-post","status-publish","format-standard","has-post-thumbnail","hentry","category-policial","tag-allanamientos","tag-juegos-clandestinos","tag-policial-2","tag-region","generate-columns","tablet-grid-50","mobile-grid-100","grid-parent","grid-50"],"jetpack_publicize_connections":[],"jetpack_featured_media_url":"https:\/\/www.hoymercedes.com.ar\/principal\/wp-content\/uploads\/2020\/07\/24-Allanamientos.jpg","wps_subtitle":"En San Antonio de Areco","jetpack_sharing_enabled":true,"_links":{"self":[{"href":"https:\/\/www.hoymercedes.com.ar\/principal\/wp-json\/wp\/v2\/posts\/114053","targetHints":{"allow":["GET"]}}],"collection":[{"href":"https:\/\/www.hoymercedes.com.ar\/principal\/wp-json\/wp\/v2\/posts"}],"about":[{"href":"https:\/\/www.hoymercedes.com.ar\/principal\/wp-json\/wp\/v2\/types\/post"}],"author":[{"embeddable":true,"href":"https:\/\/www.hoymercedes.com.ar\/principal\/wp-json\/wp\/v2\/users\/1"}],"replies":[{"embeddable":true,"href":"https:\/\/www.hoymercedes.com.ar\/principal\/wp-json\/wp\/v2\/comments?post=114053"}],"version-history":[{"count":0,"href":"https:\/\/www.hoymercedes.com.ar\/principal\/wp-json\/wp\/v2\/posts\/114053\/revisions"}],"wp:featuredmedia":[{"embeddable":true,"href":"https:\/\/www.hoymercedes.com.ar\/principal\/wp-json\/wp\/v2\/media\/114070"}],"wp:attachment":[{"href":"https:\/\/www.hoymercedes.com.ar\/principal\/wp-json\/wp\/v2\/media?parent=114053"}],"wp:term":[{"taxonomy":"category","embeddable":true,"href":"https:\/\/www.hoymercedes.com.ar\/principal\/wp-json\/wp\/v2\/categories?post=114053"},{"taxonomy":"post_tag","embeddable":true,"href":"https:\/\/www.hoymercedes.com.ar\/principal\/wp-json\/wp\/v2\/tags?post=114053"}],"curies":[{"name":"wp","href":"https:\/\/api.w.org\/{rel}","templated":true}]}}