{"id":114084,"date":"2020-07-24T11:56:23","date_gmt":"2020-07-24T14:56:23","guid":{"rendered":"http:\/\/www.hoymercedes.com.ar\/principal\/?p=114084"},"modified":"2020-07-24T14:43:39","modified_gmt":"2020-07-24T17:43:39","slug":"refaccionan-las-oficinas-del-patronato-de-liberados","status":"publish","type":"post","link":"https:\/\/www.hoymercedes.com.ar\/principal\/2020\/07\/24\/refaccionan-las-oficinas-del-patronato-de-liberados\/","title":{"rendered":"Refaccionan las oficinas del Patronato de Liberados"},"content":{"rendered":"\n<p>Las oficinas regionales y locales del Patronato de Liberados que pertenecen a la provincia de Buenos Aires, ubicadas en la planta alta trasera en el edificio que comparten con el Registro Civil, est\u00e1n siendo remodeladas por cooperativistas dependientes del Municipio. <\/p>\n\n\n\n<p>La directora de la Regional VI de Patronato de Liberados, Celeste Burone explic\u00f3 el funcionamiento de las oficinas locales, haciendo que los trabajadores sociales lo hagan de manera remota. No obstante, las oficinas continuaron trabajando como esenciales a ra\u00edz de su fuerte vinculaci\u00f3n con el servicio penitenciario. En este contexto, dicidi\u00f3 que se aproveche la oportunidad para remodelar las oficinas. <\/p>\n\n\n\n<p>\u00abA trav\u00e9s de un trabajo de articulaci\u00f3n con el \u00e1rea de Desarrollo Social municipal, estamos llevando adelante trabajos en las oficinas. La Secretaria del \u00e1rea, Jorgelina Silva, puso a disposici\u00f3n al grupo de cooperativistas quienes est\u00e1n trabajando excelentemente bien\u201d, explic\u00f3 Burone.<\/p>\n\n\n\n<p>\u00abEst\u00e1n haciendo trabajos de pintura, han arreglado paredes, techos y todo lo han hecho con mucho cari\u00f1o y responsabilidad. Est\u00e1bamos teniendo tambi\u00e9n problemas de electricidad, y qui\u00e9n nos brind\u00f3 una mano para solucionarlo fue el Municipio, la verdad que todo se hace con buena voluntad y articulaci\u00f3n\u201d, agreg\u00f3 la Directora Regional  del Patronato de Liberados.<\/p>\n\n\n\n<p>\u201cEstamos esperando que nos manden las barras de separaci\u00f3n protocolar para poder ser instaladas en las oficinas, algo que generosamente har\u00e1n los cooperativistas, con la idea de tener todas medidas de seguridad sanitarias. Estamos trabajando para que las instituciones del Estado sean contenedoras e inclusivas\u201d, resalt\u00f3 finalmente.<\/p>\n","protected":false},"excerpt":{"rendered":"<p>Las oficinas regionales y locales del Patronato de Liberados que pertenecen a la provincia de Buenos Aires, ubicadas en la &#8230; <a title=\"Refaccionan las oficinas del Patronato de Liberados\" class=\"read-more\" href=\"https:\/\/www.hoymercedes.com.ar\/principal\/2020\/07\/24\/refaccionan-las-oficinas-del-patronato-de-liberados\/\" aria-label=\"Leer m\u00e1s sobre Refaccionan las oficinas del Patronato de Liberados\">Leer m\u00e1s<\/a><\/p>\n","protected":false},"author":1,"featured_media":114085,"comment_status":"closed","ping_status":"open","sticky":false,"template":"","format":"standard","meta":{"_monsterinsights_skip_tracking":false,"_monsterinsights_sitenote_active":false,"_monsterinsights_sitenote_note":"","_monsterinsights_sitenote_category":0,"jetpack_post_was_ever_published":false,"_jetpack_newsletter_access":"","_jetpack_dont_email_post_to_subs":false,"_jetpack_newsletter_tier_id":0,"_jetpack_memberships_contains_paywalled_content":false,"_jetpack_memberships_contains_paid_content":false,"footnotes":"","jetpack_publicize_message":"","jetpack_publicize_feature_enabled":true,"jetpack_social_post_already_shared":true,"jetpack_social_options":{"image_generator_settings":{"template":"highway","default_image_id":0,"font":"","enabled":false},"version":2},"_wpas_customize_per_network":false},"categories":[8],"tags":[244,13395,1803],"class_list":["post-114084","post","type-post","status-publish","format-standard","has-post-thumbnail","hentry","category-sociedad","tag-municipio-2","tag-patronato-de-liberados","tag-provincia","generate-columns","tablet-grid-50","mobile-grid-100","grid-parent","grid-50"],"jetpack_publicize_connections":[],"jetpack_featured_media_url":"https:\/\/www.hoymercedes.com.ar\/principal\/wp-content\/uploads\/2020\/07\/Patronato.jpeg","wps_subtitle":"","jetpack_sharing_enabled":true,"_links":{"self":[{"href":"https:\/\/www.hoymercedes.com.ar\/principal\/wp-json\/wp\/v2\/posts\/114084","targetHints":{"allow":["GET"]}}],"collection":[{"href":"https:\/\/www.hoymercedes.com.ar\/principal\/wp-json\/wp\/v2\/posts"}],"about":[{"href":"https:\/\/www.hoymercedes.com.ar\/principal\/wp-json\/wp\/v2\/types\/post"}],"author":[{"embeddable":true,"href":"https:\/\/www.hoymercedes.com.ar\/principal\/wp-json\/wp\/v2\/users\/1"}],"replies":[{"embeddable":true,"href":"https:\/\/www.hoymercedes.com.ar\/principal\/wp-json\/wp\/v2\/comments?post=114084"}],"version-history":[{"count":0,"href":"https:\/\/www.hoymercedes.com.ar\/principal\/wp-json\/wp\/v2\/posts\/114084\/revisions"}],"wp:featuredmedia":[{"embeddable":true,"href":"https:\/\/www.hoymercedes.com.ar\/principal\/wp-json\/wp\/v2\/media\/114085"}],"wp:attachment":[{"href":"https:\/\/www.hoymercedes.com.ar\/principal\/wp-json\/wp\/v2\/media?parent=114084"}],"wp:term":[{"taxonomy":"category","embeddable":true,"href":"https:\/\/www.hoymercedes.com.ar\/principal\/wp-json\/wp\/v2\/categories?post=114084"},{"taxonomy":"post_tag","embeddable":true,"href":"https:\/\/www.hoymercedes.com.ar\/principal\/wp-json\/wp\/v2\/tags?post=114084"}],"curies":[{"name":"wp","href":"https:\/\/api.w.org\/{rel}","templated":true}]}}