{"id":11409,"date":"2012-03-09T11:47:05","date_gmt":"2012-03-09T11:47:05","guid":{"rendered":"http:\/\/www.hoymercedes.com.ar\/principal\/?p=11409"},"modified":"2012-03-09T11:47:05","modified_gmt":"2012-03-09T11:47:05","slug":"el-14-se-reune-el-hcd-con-importante-cantidad-de-temas-a-resolver","status":"publish","type":"post","link":"https:\/\/www.hoymercedes.com.ar\/principal\/2012\/03\/09\/el-14-se-reune-el-hcd-con-importante-cantidad-de-temas-a-resolver\/","title":{"rendered":"El 14 se re\u00fane el HCD con importante cantidad de temas a resolver"},"content":{"rendered":"<p>El tema ferroviario luego del caso TBA y los problemas de la empresa ALL en Mercedes, y el estado de jardines y Plazas son los que en principio m\u00e1s preocupan a los integrantes del Cuerpo Deliberativo. Podr\u00edan pedir informes sobre la contrataci\u00f3n de un servicio para limpieza y cortes de pastos enjardines y plazas.<\/p>\n<p>En Concejo Deliberante de nuestra ciudad que finalmente concretar\u00e1 el mi\u00e9rcoles 14 su pr\u00f3xima sesi\u00f3n extraordinaria trat\u00f3 en las ultimas horas dentro del marco Lehar de una convocatoria reuni\u00f3n de Comisi\u00f3n Ampliada una importante cantidad de expedientes los cuales en su gran mayor\u00eda, casi el 90 por ciento, tienen despachos \u00fanicos, es decir por unanimidad de los 16 ediles que respondieron a la convocatoria efectuada.<\/p>\n<p>Sin lugar a dudas uno de los temas que m\u00e1s preocupa a los ediles de nuestra ciudad es el ferroviario y en tal sentido la semana venidera ser\u00e1n dos las propuestas que el Cuerpo analice y finalmente apruebe relacionado con las dos principales l\u00edneas que cruzan la ciudad, la es Sarmiento (TBA) y San Mart\u00edn (ALL).<\/p>\n<p>En el primero de los casos ya hab\u00edamos informado acerca d una nota que el HCD enviar\u00e1 no solo a los responsables de TBA sino tambi\u00e9n al Ministro De Vido marcando una importante cantidad de falencias detectadas a lo largo de varios meses con un trabajo especial llevado a cabo desde la Oficina Municipal de Informaci\u00f3n al Consumidor (OMIC)<\/p>\n<p>En el que corresponde a la empresa ALL la nota que se enviar\u00e1 tiene que ver de manera directa con el virtual estado de abandono que tienen los principales sectores ferroviarios que pertenecen a la citada empresa dentro de nuestro partido.<\/p>\n<p>En tal sentido el ahora concejal independiente Jos\u00e9 Cestari precis\u00f3 \u201ccon solo ver como se encuentra la edificaci\u00f3n y en general todo el sector de la calle 10 desde 29 a 17 podemos tener un ejemplo concreto,<\/p>\n<p>Parecer\u00eda ser que la empresa no dispone de personal que haga trabajos de mantenimiento tanto de los sectores con construcciones como la parte de los terrenos que lindan con las v\u00edas donde en muchos casos el pasto y su altura se han transformado el algo peligroso hasta para la seguridad de aquellos vecinos que deben circular por dichos espacios\u201d.<\/p>\n<p>Los ediles aclararon que \u201cen este caso no estamos haciendo el pedido para que la empresa proceda a actuar por los problemas ambientales que dichas deficiencias provoca sino lisa y llanamente por el tema seguridad\u201d.<\/p>\n<p>Por otra parte entre los expedientes que se analizaron en la Comisi\u00f3n Ampliada, seg\u00fan se pudo saber hab\u00eda varios relacionado con el estado de jardines, plazas y paseos p\u00fablicos de nuestra ciudad especialmente por la gran cantidad de de yuyos que tienen los mismos, un ejemplo puntual que mereci\u00f3 una presentaci\u00f3n individual es de la plaza Rivadavia (San Luis) y en tal sentido, si bien no se registr\u00f3 una informaci\u00f3n directamente emanada de los concejales que pueda ser considerada oficial, se pudo conocer que se podr\u00eda estar redactando, especialmente desde los bloque opositores, un pedido de informes para que el Departamento Ejecutivo haga conocer al Cuerpo cuales fueron los motivos que lo obligaron a efectuar un llamado a licitaci\u00f3n para contratar un servicio de limpieza y mantenimiento de plazas y jardines tal como se dio a conocer a trav\u00e9s de los medios de prensa de la ciudad al ser publicada como lo establecen las normas legales el correspondiente llamado a licitaci\u00f3n.<\/p>\n<p>Lo concejales que integran los bloques opositores se preguntaban ayer que hab\u00eda pasado con la parte de Parques y Jardines que con personal municipal afectado a varias cuadrillas hasta hace poco tiempo funcionaba trabajando especialmente en los sectores m\u00e1s comprometidos del Parque Municipal Independencia.<\/p>\n<p>Es muy probable que dicho proyecto pueda ser presentado el 14 directamente en el recinto pidiendo en el momento de la sesi\u00f3n su incorporaci\u00f3n al Orden del D\u00eda como es frecuente que pase en nuestro Concejo<\/p>\n","protected":false},"excerpt":{"rendered":"<p>El tema ferroviario luego del caso TBA y los problemas de la empresa ALL en Mercedes, y el estado de &#8230; <a title=\"El 14 se re\u00fane el HCD con importante cantidad de temas a resolver\" class=\"read-more\" href=\"https:\/\/www.hoymercedes.com.ar\/principal\/2012\/03\/09\/el-14-se-reune-el-hcd-con-importante-cantidad-de-temas-a-resolver\/\" aria-label=\"Leer m\u00e1s sobre El 14 se re\u00fane el HCD con importante cantidad de temas a resolver\">Leer m\u00e1s<\/a><\/p>\n","protected":false},"author":1,"featured_media":0,"comment_status":"open","ping_status":"open","sticky":false,"template":"","format":"standard","meta":{"_monsterinsights_skip_tracking":false,"_monsterinsights_sitenote_active":false,"_monsterinsights_sitenote_note":"","_monsterinsights_sitenote_category":0,"jetpack_post_was_ever_published":false,"_jetpack_newsletter_access":"","_jetpack_dont_email_post_to_subs":false,"_jetpack_newsletter_tier_id":0,"_jetpack_memberships_contains_paywalled_content":false,"_jetpack_memberships_contains_paid_content":false,"footnotes":"","jetpack_publicize_message":"","jetpack_publicize_feature_enabled":true,"jetpack_social_post_already_shared":false,"jetpack_social_options":{"image_generator_settings":{"template":"highway","default_image_id":0,"font":"","enabled":false},"version":2},"_wpas_customize_per_network":false},"categories":[5],"tags":[236],"class_list":["post-11409","post","type-post","status-publish","format-standard","hentry","category-politica","tag-concejo-deliberante","generate-columns","tablet-grid-50","mobile-grid-100","grid-parent","grid-50"],"jetpack_publicize_connections":[],"jetpack_featured_media_url":"","wps_subtitle":"","jetpack_sharing_enabled":true,"_links":{"self":[{"href":"https:\/\/www.hoymercedes.com.ar\/principal\/wp-json\/wp\/v2\/posts\/11409","targetHints":{"allow":["GET"]}}],"collection":[{"href":"https:\/\/www.hoymercedes.com.ar\/principal\/wp-json\/wp\/v2\/posts"}],"about":[{"href":"https:\/\/www.hoymercedes.com.ar\/principal\/wp-json\/wp\/v2\/types\/post"}],"author":[{"embeddable":true,"href":"https:\/\/www.hoymercedes.com.ar\/principal\/wp-json\/wp\/v2\/users\/1"}],"replies":[{"embeddable":true,"href":"https:\/\/www.hoymercedes.com.ar\/principal\/wp-json\/wp\/v2\/comments?post=11409"}],"version-history":[{"count":0,"href":"https:\/\/www.hoymercedes.com.ar\/principal\/wp-json\/wp\/v2\/posts\/11409\/revisions"}],"wp:attachment":[{"href":"https:\/\/www.hoymercedes.com.ar\/principal\/wp-json\/wp\/v2\/media?parent=11409"}],"wp:term":[{"taxonomy":"category","embeddable":true,"href":"https:\/\/www.hoymercedes.com.ar\/principal\/wp-json\/wp\/v2\/categories?post=11409"},{"taxonomy":"post_tag","embeddable":true,"href":"https:\/\/www.hoymercedes.com.ar\/principal\/wp-json\/wp\/v2\/tags?post=11409"}],"curies":[{"name":"wp","href":"https:\/\/api.w.org\/{rel}","templated":true}]}}