{"id":114092,"date":"2020-07-24T14:00:00","date_gmt":"2020-07-24T17:00:00","guid":{"rendered":"http:\/\/www.hoymercedes.com.ar\/principal\/?p=114092"},"modified":"2020-07-24T14:42:10","modified_gmt":"2020-07-24T17:42:10","slug":"reunion-con-referentes-barriales-en-articulacion-y-prevencion-de-covid-19","status":"publish","type":"post","link":"https:\/\/www.hoymercedes.com.ar\/principal\/2020\/07\/24\/reunion-con-referentes-barriales-en-articulacion-y-prevencion-de-covid-19\/","title":{"rendered":"Reuni\u00f3n con referentes barriales en articulaci\u00f3n y prevenci\u00f3n de covid-19"},"content":{"rendered":"\n<p>El intendente Juan I. Ustarroz mantuvo un encuentro con referentes barriales. El objetivo es continuar articulando medidas y herramientas para el control y prevenci\u00f3n del coronavirus.&nbsp; La reuni\u00f3n permiti\u00f3 continuar articulando herramientas y acciones que se vienen desplegando desde el Estado Nacional, Provincial y Municipal con el objetivo de no \u201cbajar la guardia\u201d respecto a la \u201ccirculaci\u00f3n del virus covid-19, que como se ha demostrado tiene un alt\u00edsimo nivel de contagio\u201d<\/p>\n\n\n\n<p>Desde hace tiempo se vienen implementando diversos dispositivos como ser los comit\u00e9s operativos de emergencia, la distribuci\u00f3n de refuerzos alimentarios, la coordinaci\u00f3n con las escuelas, el programa invierno, el acompa\u00f1amiento desde mil d\u00edas, el acompa\u00f1amiento desde comedores y el programa recreo, la acci\u00f3n de los operadores del centro de teleseguimiento, entre otras herramientas desplegadas en pos del cuidado de los vecinos.<\/p>\n\n\n\n<p>El encuentro permiti\u00f3 enriquecer las visiones vecinales como as\u00ed tambi\u00e9n comunales buscando mantener presentes la necesidad de sostener el distanciamiento social y las normas de cuidado y protecci\u00f3n.\u00a0<\/p>\n\n\n\n<p>Fuente: Prensa Municipal<\/p>\n\n\n\n<div class=\"wp-block-image\"><figure class=\"aligncenter size-large\"><img loading=\"lazy\" decoding=\"async\" width=\"800\" height=\"449\" data-attachment-id=\"114093\" data-permalink=\"https:\/\/www.hoymercedes.com.ar\/principal\/2020\/07\/24\/reunion-con-referentes-barriales-en-articulacion-y-prevencion-de-covid-19\/reunionreferentes\/#main\" data-orig-file=\"https:\/\/www.hoymercedes.com.ar\/principal\/wp-content\/uploads\/2020\/07\/ReunionReferentes.jpg\" data-orig-size=\"800,449\" data-comments-opened=\"0\" data-image-meta=\"{&quot;aperture&quot;:&quot;0&quot;,&quot;credit&quot;:&quot;&quot;,&quot;camera&quot;:&quot;&quot;,&quot;caption&quot;:&quot;&quot;,&quot;created_timestamp&quot;:&quot;0&quot;,&quot;copyright&quot;:&quot;&quot;,&quot;focal_length&quot;:&quot;0&quot;,&quot;iso&quot;:&quot;0&quot;,&quot;shutter_speed&quot;:&quot;0&quot;,&quot;title&quot;:&quot;&quot;,&quot;orientation&quot;:&quot;0&quot;}\" data-image-title=\"ReunionReferentes\" data-image-description=\"\" data-image-caption=\"\" data-large-file=\"https:\/\/www.hoymercedes.com.ar\/principal\/wp-content\/uploads\/2020\/07\/ReunionReferentes.jpg\" src=\"https:\/\/www.hoymercedes.com.ar\/principal\/wp-content\/uploads\/2020\/07\/ReunionReferentes.jpg\" alt=\"\" class=\"wp-image-114093\"\/><\/figure><\/div>\n","protected":false},"excerpt":{"rendered":"<p>El intendente Juan I. Ustarroz mantuvo un encuentro con referentes barriales. El objetivo es continuar articulando medidas y herramientas para &#8230; <a title=\"Reuni\u00f3n con referentes barriales en articulaci\u00f3n y prevenci\u00f3n de covid-19\" class=\"read-more\" href=\"https:\/\/www.hoymercedes.com.ar\/principal\/2020\/07\/24\/reunion-con-referentes-barriales-en-articulacion-y-prevencion-de-covid-19\/\" aria-label=\"Leer m\u00e1s sobre Reuni\u00f3n con referentes barriales en articulaci\u00f3n y prevenci\u00f3n de covid-19\">Leer m\u00e1s<\/a><\/p>\n","protected":false},"author":1,"featured_media":114093,"comment_status":"closed","ping_status":"open","sticky":false,"template":"","format":"standard","meta":{"_monsterinsights_skip_tracking":false,"_monsterinsights_sitenote_active":false,"_monsterinsights_sitenote_note":"","_monsterinsights_sitenote_category":0,"jetpack_post_was_ever_published":false,"_jetpack_newsletter_access":"","_jetpack_dont_email_post_to_subs":false,"_jetpack_newsletter_tier_id":0,"_jetpack_memberships_contains_paywalled_content":false,"_jetpack_memberships_contains_paid_content":false,"footnotes":"","jetpack_publicize_message":"","jetpack_publicize_feature_enabled":true,"jetpack_social_post_already_shared":true,"jetpack_social_options":{"image_generator_settings":{"template":"highway","default_image_id":0,"font":"","enabled":false},"version":2},"_wpas_customize_per_network":false},"categories":[30],"tags":[16175,244,16868],"class_list":["post-114092","post","type-post","status-publish","format-standard","has-post-thumbnail","hentry","category-municipio","tag-coronavirus","tag-municipio-2","tag-referentes-barriales","generate-columns","tablet-grid-50","mobile-grid-100","grid-parent","grid-50"],"jetpack_publicize_connections":[],"jetpack_featured_media_url":"https:\/\/www.hoymercedes.com.ar\/principal\/wp-content\/uploads\/2020\/07\/ReunionReferentes.jpg","wps_subtitle":"","jetpack_sharing_enabled":true,"_links":{"self":[{"href":"https:\/\/www.hoymercedes.com.ar\/principal\/wp-json\/wp\/v2\/posts\/114092","targetHints":{"allow":["GET"]}}],"collection":[{"href":"https:\/\/www.hoymercedes.com.ar\/principal\/wp-json\/wp\/v2\/posts"}],"about":[{"href":"https:\/\/www.hoymercedes.com.ar\/principal\/wp-json\/wp\/v2\/types\/post"}],"author":[{"embeddable":true,"href":"https:\/\/www.hoymercedes.com.ar\/principal\/wp-json\/wp\/v2\/users\/1"}],"replies":[{"embeddable":true,"href":"https:\/\/www.hoymercedes.com.ar\/principal\/wp-json\/wp\/v2\/comments?post=114092"}],"version-history":[{"count":0,"href":"https:\/\/www.hoymercedes.com.ar\/principal\/wp-json\/wp\/v2\/posts\/114092\/revisions"}],"wp:featuredmedia":[{"embeddable":true,"href":"https:\/\/www.hoymercedes.com.ar\/principal\/wp-json\/wp\/v2\/media\/114093"}],"wp:attachment":[{"href":"https:\/\/www.hoymercedes.com.ar\/principal\/wp-json\/wp\/v2\/media?parent=114092"}],"wp:term":[{"taxonomy":"category","embeddable":true,"href":"https:\/\/www.hoymercedes.com.ar\/principal\/wp-json\/wp\/v2\/categories?post=114092"},{"taxonomy":"post_tag","embeddable":true,"href":"https:\/\/www.hoymercedes.com.ar\/principal\/wp-json\/wp\/v2\/tags?post=114092"}],"curies":[{"name":"wp","href":"https:\/\/api.w.org\/{rel}","templated":true}]}}