{"id":114097,"date":"2020-07-24T18:13:00","date_gmt":"2020-07-24T21:13:00","guid":{"rendered":"http:\/\/www.hoymercedes.com.ar\/principal\/?p=114097"},"modified":"2020-07-25T09:52:28","modified_gmt":"2020-07-25T12:52:28","slug":"la-fiesta-de-la-torta-frita-incluida-entre-las-manifestaciones-del-patrimnio-cultural-inmaterial-de-nacion","status":"publish","type":"post","link":"https:\/\/www.hoymercedes.com.ar\/principal\/2020\/07\/24\/la-fiesta-de-la-torta-frita-incluida-entre-las-manifestaciones-del-patrimnio-cultural-inmaterial-de-nacion\/","title":{"rendered":"La Fiesta de la Torta Frita incluida entre las manifestaciones del patrimnio cultural inmaterial de Naci\u00f3n"},"content":{"rendered":"\n<p>El Ministerio de Cultura de Naci\u00f3n est\u00e1n realizando un relevamientos de las manifestaciones del patrimonio cultural inmaterial. Entre las festividades de la provincia de Buenos Aires  se encuentra la Fiesta Provincial de la Torta Frita. Las mercedinas Fatima Costa y Evelina Zunino, parte de la organizaci\u00f3n y registro de la fiesta, colaboraron con el relevamiento.<\/p>\n\n\n\n<div class=\"wp-block-image\"><figure class=\"aligncenter size-large\"><img loading=\"lazy\" decoding=\"async\" width=\"800\" height=\"600\" data-attachment-id=\"114106\" data-permalink=\"https:\/\/www.hoymercedes.com.ar\/principal\/2020\/07\/24\/la-fiesta-de-la-torta-frita-incluida-entre-las-manifestaciones-del-patrimnio-cultural-inmaterial-de-nacion\/24-tortafrita-ezunino\/#main\" data-orig-file=\"https:\/\/www.hoymercedes.com.ar\/principal\/wp-content\/uploads\/2020\/07\/24-tortafrita-EZunino.jpg\" data-orig-size=\"800,600\" data-comments-opened=\"0\" data-image-meta=\"{&quot;aperture&quot;:&quot;0&quot;,&quot;credit&quot;:&quot;&quot;,&quot;camera&quot;:&quot;&quot;,&quot;caption&quot;:&quot;&quot;,&quot;created_timestamp&quot;:&quot;0&quot;,&quot;copyright&quot;:&quot;&quot;,&quot;focal_length&quot;:&quot;0&quot;,&quot;iso&quot;:&quot;0&quot;,&quot;shutter_speed&quot;:&quot;0&quot;,&quot;title&quot;:&quot;&quot;,&quot;orientation&quot;:&quot;0&quot;}\" data-image-title=\"24 tortafrita EZunino\" data-image-description=\"\" data-image-caption=\"&lt;p&gt;Fotograf\u00eda: Evelina Zunino&lt;\/p&gt;\n\" data-large-file=\"https:\/\/www.hoymercedes.com.ar\/principal\/wp-content\/uploads\/2020\/07\/24-tortafrita-EZunino.jpg\" src=\"https:\/\/www.hoymercedes.com.ar\/principal\/wp-content\/uploads\/2020\/07\/24-tortafrita-EZunino.jpg\" alt=\"\" class=\"wp-image-114106\"\/><figcaption>Fotograf\u00eda: Evelina Zunino<\/figcaption><\/figure><\/div>\n\n\n\n<p>En enero, llega a la casilla de correo electr\u00f3nico de la fot\u00f3grafa mercedina Evelina Zunino una invitaci\u00f3n a participar de un relevamiento del patrimonio cultural inmaterial del pa\u00eds sobre la Fiesta de la Torta Frita. Ella retrat\u00f3 en diferentes oportunidades el festejo anual local del mes de abril que se distingue por su espiritu folkl\u00f3rico a trav\u00e9s de la m\u00fasica, las danzas y el desfile gaucho, por el homenaje a los Veteranos de la Guerra en Islas Malvinas y por preparar cada d\u00eda de su realizaci\u00f3n una Torta Frita Gigante. <\/p>\n\n\n\n<p>La invitaci\u00f3n se hizo extensiva a F\u00e1tima Costa, que, junto a su familia y a las agrupaciones gauchas que integra, forma parte de la organizaci\u00f3n de la fiesta desde hace 20 a\u00f1os. En ese moento, ambas comenzaron completando los formularios y relevaron la informaci\u00f3n para sumar a la Fiesta que comenz\u00f3 siendo excluivamente local y con los a\u00f1os form\u00f3 parte de la agenda de la provincia de Buenos AIres. En el marco de esta cuarentena, el Ministerio de Cultura de Naci\u00f3n les comunic\u00f3 la inclusi\u00f3n de la Fiesta como parte del patrimonio cultural inmaterial bonaerense. <\/p>\n\n\n\n<p>\u00abRealizaci\u00f3n de la Torta Frita Gigante en la Fiesta Provincial de la Torta Frita: Festividad popular que desde el a\u00f1o 2000 se realiza en honor a los ex combatientes de la Guerra de Malvinas de Mercedes, durante el primer fin de semana de abril. La celebraci\u00f3n incluye el \u00abConcurso de Torteras\u00bb; donde se elige entre 25 participantes a la tortera del a\u00f1o; desfiles gauchos; n\u00fameros musicales; y danza folcl\u00f3rica. Una de las actividades principales es la elaboraci\u00f3n de la Torta Frita Gigante, para la que se construy\u00f3 un sart\u00e9n especial y dos parrillas de aproximadamente 5 mts de di\u00e1metro donde colocar la masa que luego se fr\u00ede en 1.500 kg de grasa de cerdo. Participan de la manifestaci\u00f3n cultural la Municipalidad, las Agrupaciones Gauchas Unidas, las escuelas de m\u00fasica y danzas folcl\u00f3ricas, el grupo de 12 Amasadoras de la Torta Frita Gigante, y asistentes. Es una celebraci\u00f3n que contribuye a la promoci\u00f3n de artistas, artesanos, clubes, instituciones y torteras\/os de la localidad\u00bb, expresaron F\u00e1tima y Evelina en el relevamiento enviados sobre este acto festivo que reune la tradici\u00f3n nacional y bonaerense. <\/p>\n\n\n\n<p>Cabe destacar que el relevamiento realizado por el Ministerio de Cultura de Naci\u00f3n, \u00abes una herramienta para reunir y compartir informaci\u00f3n sobre las manifestaciones culturales que forman parte de la identidad de comunidades en el territorio argentino. Maneras tradicionales de hacer, nombrar, producir o celebrar que se contin\u00faan practicando, que son transmitidas a las nuevas generaciones y que contribuyen a fortalecer los lazos colectivos. De acuerdo con las caracter\u00edsticas en que se desarrollan, cada manifestaci\u00f3n se puede clasificar dentro de una o varias de las siguientes categor\u00edas o \u00e1mbitos:&nbsp;conocimiento o uso relacionado con la naturaleza y el universo; m\u00fasica, canto, danza o representaci\u00f3n; saber o pr\u00e1ctica artesanal tradicional; tradici\u00f3n o expresi\u00f3n oral; uso social, ritual o acto festivo\u00bb.<\/p>\n\n\n\n<p><\/p>\n","protected":false},"excerpt":{"rendered":"<p>El Ministerio de Cultura de Naci\u00f3n est\u00e1n realizando un relevamientos de las manifestaciones del patrimonio cultural inmaterial. Entre las festividades &#8230; <a title=\"La Fiesta de la Torta Frita incluida entre las manifestaciones del patrimnio cultural inmaterial de Naci\u00f3n\" class=\"read-more\" href=\"https:\/\/www.hoymercedes.com.ar\/principal\/2020\/07\/24\/la-fiesta-de-la-torta-frita-incluida-entre-las-manifestaciones-del-patrimnio-cultural-inmaterial-de-nacion\/\" aria-label=\"Leer m\u00e1s sobre La Fiesta de la Torta Frita incluida entre las manifestaciones del patrimnio cultural inmaterial de Naci\u00f3n\">Leer m\u00e1s<\/a><\/p>\n","protected":false},"author":1,"featured_media":114106,"comment_status":"closed","ping_status":"open","sticky":false,"template":"","format":"standard","meta":{"_monsterinsights_skip_tracking":false,"_monsterinsights_sitenote_active":false,"_monsterinsights_sitenote_note":"","_monsterinsights_sitenote_category":0,"jetpack_post_was_ever_published":false,"_jetpack_newsletter_access":"","_jetpack_dont_email_post_to_subs":false,"_jetpack_newsletter_tier_id":0,"_jetpack_memberships_contains_paywalled_content":false,"_jetpack_memberships_contains_paid_content":false,"footnotes":"","jetpack_publicize_message":"","jetpack_publicize_feature_enabled":true,"jetpack_social_post_already_shared":false,"jetpack_social_options":{"image_generator_settings":{"template":"highway","default_image_id":0,"font":"","enabled":false},"version":2},"_wpas_customize_per_network":false},"categories":[104],"tags":[7805,2057],"class_list":["post-114097","post","type-post","status-publish","format-standard","has-post-thumbnail","hentry","category-cultura","tag-cultura","tag-fiesta-de-la-torta-frita","generate-columns","tablet-grid-50","mobile-grid-100","grid-parent","grid-50"],"jetpack_publicize_connections":[],"jetpack_featured_media_url":"https:\/\/www.hoymercedes.com.ar\/principal\/wp-content\/uploads\/2020\/07\/24-tortafrita-EZunino.jpg","wps_subtitle":"En el relevamiento hecho por Cultura Naci\u00f3n","jetpack_sharing_enabled":true,"_links":{"self":[{"href":"https:\/\/www.hoymercedes.com.ar\/principal\/wp-json\/wp\/v2\/posts\/114097","targetHints":{"allow":["GET"]}}],"collection":[{"href":"https:\/\/www.hoymercedes.com.ar\/principal\/wp-json\/wp\/v2\/posts"}],"about":[{"href":"https:\/\/www.hoymercedes.com.ar\/principal\/wp-json\/wp\/v2\/types\/post"}],"author":[{"embeddable":true,"href":"https:\/\/www.hoymercedes.com.ar\/principal\/wp-json\/wp\/v2\/users\/1"}],"replies":[{"embeddable":true,"href":"https:\/\/www.hoymercedes.com.ar\/principal\/wp-json\/wp\/v2\/comments?post=114097"}],"version-history":[{"count":0,"href":"https:\/\/www.hoymercedes.com.ar\/principal\/wp-json\/wp\/v2\/posts\/114097\/revisions"}],"wp:featuredmedia":[{"embeddable":true,"href":"https:\/\/www.hoymercedes.com.ar\/principal\/wp-json\/wp\/v2\/media\/114106"}],"wp:attachment":[{"href":"https:\/\/www.hoymercedes.com.ar\/principal\/wp-json\/wp\/v2\/media?parent=114097"}],"wp:term":[{"taxonomy":"category","embeddable":true,"href":"https:\/\/www.hoymercedes.com.ar\/principal\/wp-json\/wp\/v2\/categories?post=114097"},{"taxonomy":"post_tag","embeddable":true,"href":"https:\/\/www.hoymercedes.com.ar\/principal\/wp-json\/wp\/v2\/tags?post=114097"}],"curies":[{"name":"wp","href":"https:\/\/api.w.org\/{rel}","templated":true}]}}