{"id":114116,"date":"2020-07-24T22:08:36","date_gmt":"2020-07-25T01:08:36","guid":{"rendered":"http:\/\/www.hoymercedes.com.ar\/principal\/?p=114116"},"modified":"2020-07-25T09:52:13","modified_gmt":"2020-07-25T12:52:13","slug":"coronavirus-en-mercedes-en-41-test-dieron-4-positivos","status":"publish","type":"post","link":"https:\/\/www.hoymercedes.com.ar\/principal\/2020\/07\/24\/coronavirus-en-mercedes-en-41-test-dieron-4-positivos\/","title":{"rendered":"Coronavirus en Mercedes: En 41 test, dieron 4 positivos"},"content":{"rendered":"\n<p>El informe local sobre la situaci\u00f3n epidemiol\u00f3gica en cuanto al covid-19 dado a conocer en la noche del viernes asegurida que son 4 los nuevos pacientes con la enfermedad que preocupa el mundo. Con esta cifra, Mercedes suma 385 positivos desde que la pandemia lleg\u00f3 al pa\u00eds. Por otra parte, diaron a conocer que doce pacientes fueron dados de alta, en tanto nueve est\u00e1n alojados en el Centro de Aislamiento del Mart\u00edn Rodr\u00edguez.  <\/p>\n\n\n\n<div class=\"wp-block-image\"><figure class=\"aligncenter size-large\"><img loading=\"lazy\" decoding=\"async\" width=\"900\" height=\"900\" data-attachment-id=\"114118\" data-permalink=\"https:\/\/www.hoymercedes.com.ar\/principal\/2020\/07\/24\/coronavirus-en-mercedes-en-41-test-dieron-4-positivos\/whatsapp-image-2020-07-24-at-21-46-32\/#main\" data-orig-file=\"https:\/\/www.hoymercedes.com.ar\/principal\/wp-content\/uploads\/2020\/07\/WhatsApp-Image-2020-07-24-at-21.46.32.jpeg\" data-orig-size=\"900,900\" data-comments-opened=\"0\" data-image-meta=\"{&quot;aperture&quot;:&quot;0&quot;,&quot;credit&quot;:&quot;&quot;,&quot;camera&quot;:&quot;&quot;,&quot;caption&quot;:&quot;&quot;,&quot;created_timestamp&quot;:&quot;0&quot;,&quot;copyright&quot;:&quot;&quot;,&quot;focal_length&quot;:&quot;0&quot;,&quot;iso&quot;:&quot;0&quot;,&quot;shutter_speed&quot;:&quot;0&quot;,&quot;title&quot;:&quot;&quot;,&quot;orientation&quot;:&quot;0&quot;}\" data-image-title=\"WhatsApp Image 2020-07-24 at 21.46.32\" data-image-description=\"\" data-image-caption=\"\" data-large-file=\"https:\/\/www.hoymercedes.com.ar\/principal\/wp-content\/uploads\/2020\/07\/WhatsApp-Image-2020-07-24-at-21.46.32.jpeg\" src=\"https:\/\/www.hoymercedes.com.ar\/principal\/wp-content\/uploads\/2020\/07\/WhatsApp-Image-2020-07-24-at-21.46.32.jpeg\" alt=\"\" class=\"wp-image-114118\"\/><\/figure><\/div>\n\n\n\n<p>Desde el Municipio de Mercedes y el Hospital Blas L. Dubarry informan:<\/p>\n\n\n\n<p>\u00abEn el d\u00eda de la fecha en el Laboratorio de Virolog\u00eda Molecular Municipal se identificaron 4 nuevos casos para covid-19. Se realizaron 41 test.<br>Los mismos tienen ra\u00edz epidemiol\u00f3gica y se debe su detecci\u00f3n a los rastreos y b\u00fasquedas activas llevadas a cabo.<br>Adem\u00e1s, podemos dar la excelente noticia que otros 12 pacientes fueron dados de alta tras su recuperaci\u00f3n m\u00e9dica arribando a un total de 181.<br>Al d\u00eda de la fecha tenemos 201 casos activos y 385 desde iniciada la pandemia.<br>En cuanto al Centro de Aislamiento Sanitario II con todas las normas socio sanitarias y un fuerte trabajo de Salud, Protecci\u00f3n Civil, SAME, Seguridad, Desarrollo Social y Servicios P\u00fablicos tiene 9 pecientes alojados, aislaos y monitoreados\u00bb.<\/p>\n\n\n\n<p><strong>Informe Nacional<\/strong><\/p>\n\n\n\n<p>Desde el Ministerio de Salud de Naci\u00f3n confirmaron 5.493 nuevos casos de COVID-19. Del total del d\u00eda, la provincia de Buenos Aires sum\u00f3 3.790 casos, mientras que la Ciudad de Buenos Aires confirm\u00f3 1.157 pacientes con coronavirus. El resto de los casos positivos de este viernes se distribuye en: Chaco 63; Chubut 6; C\u00f3rdoba 56; Entre R\u00edos 11; Formosa 2; Jujuy 155; La Rioja 10; Mendoza 56; Misiones 1; Neuqu\u00e9n 18; R\u00edo Negro 40; Salta 13; San Juan 1; San Luis 1; Santa Cruz 38; Santa Fe 32; Santiago del Estero 2; Tierra del Fuego 37 y Tucum\u00e1n 4. Con estos registros, suman 153.520 positivos en el pa\u00eds.<\/p>\n\n\n\n<p>Ciento cinco (105) personas fallecieron en las \u00faltimas 24 horas de acuerdo a los informes nacionales. Por la ma\u00f1ana, anunciaron los primeros 20 fallecidos: 11 hombres (siete residentes en la provincia de Buenos Aires; tres residentes en la Ciudad de Buenos Aires; y uno residente en la provincia de Chaco) y 9 mujeres (cinco residentes en la provincia de Buenos Aires; un residente en la Ciudad de Buenos Aires; dos residentes en la provincia de Chaco; y una residente en la provincia de R\u00edo Negro).<\/p>\n\n\n\n<p>En el informe vespertino, confirmaron los fallecimientos retantes: 40 hombres (treintaidos residentes en la provincia de Buenos Aires; ocho residentes en la Ciudad de Buenos Aires); y 45 mujeres (treinta y seis residentes en la provincia de Buenos Aires; siete residentes en la Ciudad de Buenos Aires; una residente en la provincia de C\u00f3rdoba; y una residente en la provincia de Mendoza). Al momento la cantidad de personas fallecidas es 2.807.<\/p>\n","protected":false},"excerpt":{"rendered":"<p>El informe local sobre la situaci\u00f3n epidemiol\u00f3gica en cuanto al covid-19 dado a conocer en la noche del viernes asegurida &#8230; <a title=\"Coronavirus en Mercedes: En 41 test, dieron 4 positivos\" class=\"read-more\" href=\"https:\/\/www.hoymercedes.com.ar\/principal\/2020\/07\/24\/coronavirus-en-mercedes-en-41-test-dieron-4-positivos\/\" aria-label=\"Leer m\u00e1s sobre Coronavirus en Mercedes: En 41 test, dieron 4 positivos\">Leer m\u00e1s<\/a><\/p>\n","protected":false},"author":1,"featured_media":114118,"comment_status":"closed","ping_status":"open","sticky":false,"template":"","format":"standard","meta":{"_monsterinsights_skip_tracking":false,"_monsterinsights_sitenote_active":false,"_monsterinsights_sitenote_note":"","_monsterinsights_sitenote_category":0,"jetpack_post_was_ever_published":false,"_jetpack_newsletter_access":"","_jetpack_dont_email_post_to_subs":false,"_jetpack_newsletter_tier_id":0,"_jetpack_memberships_contains_paywalled_content":false,"_jetpack_memberships_contains_paid_content":false,"footnotes":"","jetpack_publicize_message":"","jetpack_publicize_feature_enabled":true,"jetpack_social_post_already_shared":true,"jetpack_social_options":{"image_generator_settings":{"template":"highway","default_image_id":0,"font":"","enabled":false},"version":2},"_wpas_customize_per_network":false},"categories":[9791],"tags":[16428,16561,16175,16313],"class_list":["post-114116","post","type-post","status-publish","format-standard","has-post-thumbnail","hentry","category-salud","tag-casos-positivos","tag-cierre-del-dia","tag-coronavirus","tag-covid-19","generate-columns","tablet-grid-50","mobile-grid-100","grid-parent","grid-50"],"jetpack_publicize_connections":[],"jetpack_featured_media_url":"https:\/\/www.hoymercedes.com.ar\/principal\/wp-content\/uploads\/2020\/07\/WhatsApp-Image-2020-07-24-at-21.46.32.jpeg","wps_subtitle":"Cierre del d\u00eda","jetpack_sharing_enabled":true,"_links":{"self":[{"href":"https:\/\/www.hoymercedes.com.ar\/principal\/wp-json\/wp\/v2\/posts\/114116","targetHints":{"allow":["GET"]}}],"collection":[{"href":"https:\/\/www.hoymercedes.com.ar\/principal\/wp-json\/wp\/v2\/posts"}],"about":[{"href":"https:\/\/www.hoymercedes.com.ar\/principal\/wp-json\/wp\/v2\/types\/post"}],"author":[{"embeddable":true,"href":"https:\/\/www.hoymercedes.com.ar\/principal\/wp-json\/wp\/v2\/users\/1"}],"replies":[{"embeddable":true,"href":"https:\/\/www.hoymercedes.com.ar\/principal\/wp-json\/wp\/v2\/comments?post=114116"}],"version-history":[{"count":0,"href":"https:\/\/www.hoymercedes.com.ar\/principal\/wp-json\/wp\/v2\/posts\/114116\/revisions"}],"wp:featuredmedia":[{"embeddable":true,"href":"https:\/\/www.hoymercedes.com.ar\/principal\/wp-json\/wp\/v2\/media\/114118"}],"wp:attachment":[{"href":"https:\/\/www.hoymercedes.com.ar\/principal\/wp-json\/wp\/v2\/media?parent=114116"}],"wp:term":[{"taxonomy":"category","embeddable":true,"href":"https:\/\/www.hoymercedes.com.ar\/principal\/wp-json\/wp\/v2\/categories?post=114116"},{"taxonomy":"post_tag","embeddable":true,"href":"https:\/\/www.hoymercedes.com.ar\/principal\/wp-json\/wp\/v2\/tags?post=114116"}],"curies":[{"name":"wp","href":"https:\/\/api.w.org\/{rel}","templated":true}]}}