{"id":114121,"date":"2020-07-25T09:43:06","date_gmt":"2020-07-25T12:43:06","guid":{"rendered":"http:\/\/www.hoymercedes.com.ar\/principal\/?p=114121"},"modified":"2020-07-25T09:51:49","modified_gmt":"2020-07-25T12:51:49","slug":"continua-plan-de-bacheo-municipal","status":"publish","type":"post","link":"https:\/\/www.hoymercedes.com.ar\/principal\/2020\/07\/25\/continua-plan-de-bacheo-municipal\/","title":{"rendered":"Contin\u00faa Plan de Bacheo Municipal"},"content":{"rendered":"\n<p>El Municipio de Mercedes contin\u00faa con su plan de bacheo, una instancia para solucionar las problem\u00e1ticas en la cinta asf\u00e1ltica. Un plan que implement\u00f3 equipos de trabajadores comunales con los equipamientos necesarios para cada uno de los trabajos. <\/p>\n\n\n\n<p>El Sub Secretario de Obras p\u00fablicas, Miguel Brady explic\u00f3: \u201ceste es un trabajo que hemos comenzado desde el Municipio con los cooperativistas de la Secretar\u00eda de Desarrollo Social y el aporte t\u00e9cnico de nuestra \u00e1rea. En poco tiempo hemos adquirido el equipamiento necesario para poder llevar adelante la tarea, y la constituci\u00f3n de equipos a los cuales vamos formando\u201d.<\/p>\n\n\n\n<p>\u00abEsa es un poco nuestra tarea desde la Secretar\u00eda de obras P\u00fablicas en conjunto con diferentes \u00e1reas, con el apoyo de Luis Ponce, Daniel Apestegu\u00eda y Jorgelina Silva, en fin, es un equipo muy interesante que se est\u00e1 conformando y estamos llevando adelante varias tareas. Estamos interviniendo en distintos sectores de nuestra ciudad, paliando la problem\u00e1tica de los baches, que dada la circunstancia de la pandemia, durante un tiempo, no pudimos salir a resolverlos\u201d, agreg\u00f3.<\/p>\n\n\n\n<p>\u00abEn muy poco tiempo llevamos hechos trescientos metros cuadrados de bacheo. Para nosotros, es una cantidad enorme. A los vecinos les pedimos que tengan un poco de precauci\u00f3n y paciencia que ya vamos a estar llegando a todos ya que estos trabajos tienen esa finalidad, tener una continuidad\u201d. <\/p>\n\n\n\n<p><\/p>\n","protected":false},"excerpt":{"rendered":"<p>El Municipio de Mercedes contin\u00faa con su plan de bacheo, una instancia para solucionar las problem\u00e1ticas en la cinta asf\u00e1ltica. &#8230; <a title=\"Contin\u00faa Plan de Bacheo Municipal\" class=\"read-more\" href=\"https:\/\/www.hoymercedes.com.ar\/principal\/2020\/07\/25\/continua-plan-de-bacheo-municipal\/\" aria-label=\"Leer m\u00e1s sobre Contin\u00faa Plan de Bacheo Municipal\">Leer m\u00e1s<\/a><\/p>\n","protected":false},"author":1,"featured_media":114122,"comment_status":"closed","ping_status":"open","sticky":false,"template":"","format":"standard","meta":{"_monsterinsights_skip_tracking":false,"_monsterinsights_sitenote_active":false,"_monsterinsights_sitenote_note":"","_monsterinsights_sitenote_category":0,"jetpack_post_was_ever_published":false,"_jetpack_newsletter_access":"","_jetpack_dont_email_post_to_subs":false,"_jetpack_newsletter_tier_id":0,"_jetpack_memberships_contains_paywalled_content":false,"_jetpack_memberships_contains_paid_content":false,"footnotes":"","jetpack_publicize_message":"","jetpack_publicize_feature_enabled":true,"jetpack_social_post_already_shared":true,"jetpack_social_options":{"image_generator_settings":{"template":"highway","default_image_id":0,"font":"","enabled":false},"version":2},"_wpas_customize_per_network":false},"categories":[30],"tags":[244,16869,8628],"class_list":["post-114121","post","type-post","status-publish","format-standard","has-post-thumbnail","hentry","category-municipio","tag-municipio-2","tag-plan-bacheo","tag-servicios-publicos","generate-columns","tablet-grid-50","mobile-grid-100","grid-parent","grid-50"],"jetpack_publicize_connections":[],"jetpack_featured_media_url":"https:\/\/www.hoymercedes.com.ar\/principal\/wp-content\/uploads\/2020\/07\/DSC04498.jpg","wps_subtitle":"","jetpack_sharing_enabled":true,"_links":{"self":[{"href":"https:\/\/www.hoymercedes.com.ar\/principal\/wp-json\/wp\/v2\/posts\/114121","targetHints":{"allow":["GET"]}}],"collection":[{"href":"https:\/\/www.hoymercedes.com.ar\/principal\/wp-json\/wp\/v2\/posts"}],"about":[{"href":"https:\/\/www.hoymercedes.com.ar\/principal\/wp-json\/wp\/v2\/types\/post"}],"author":[{"embeddable":true,"href":"https:\/\/www.hoymercedes.com.ar\/principal\/wp-json\/wp\/v2\/users\/1"}],"replies":[{"embeddable":true,"href":"https:\/\/www.hoymercedes.com.ar\/principal\/wp-json\/wp\/v2\/comments?post=114121"}],"version-history":[{"count":0,"href":"https:\/\/www.hoymercedes.com.ar\/principal\/wp-json\/wp\/v2\/posts\/114121\/revisions"}],"wp:featuredmedia":[{"embeddable":true,"href":"https:\/\/www.hoymercedes.com.ar\/principal\/wp-json\/wp\/v2\/media\/114122"}],"wp:attachment":[{"href":"https:\/\/www.hoymercedes.com.ar\/principal\/wp-json\/wp\/v2\/media?parent=114121"}],"wp:term":[{"taxonomy":"category","embeddable":true,"href":"https:\/\/www.hoymercedes.com.ar\/principal\/wp-json\/wp\/v2\/categories?post=114121"},{"taxonomy":"post_tag","embeddable":true,"href":"https:\/\/www.hoymercedes.com.ar\/principal\/wp-json\/wp\/v2\/tags?post=114121"}],"curies":[{"name":"wp","href":"https:\/\/api.w.org\/{rel}","templated":true}]}}