{"id":114124,"date":"2020-07-25T10:10:00","date_gmt":"2020-07-25T13:10:00","guid":{"rendered":"http:\/\/www.hoymercedes.com.ar\/principal\/?p=114124"},"modified":"2020-07-25T09:51:32","modified_gmt":"2020-07-25T12:51:32","slug":"dos-aprehendidos-por-escruches-tras-allanamiento","status":"publish","type":"post","link":"https:\/\/www.hoymercedes.com.ar\/principal\/2020\/07\/25\/dos-aprehendidos-por-escruches-tras-allanamiento\/","title":{"rendered":"Dos aprehendidos por escruches tras allanamiento"},"content":{"rendered":"\n<p>Tras hechos\u00a0ocurridos\u00a0el\u00a022 de julio en barrio\u00a0Ayres\u00a0de San Antonio, Hoster\u00eda y Altos del Valle\u00a0de la localidad de Luj\u00e1n, bajo la modalidad conocida como \u201cescruche\u201d, donde desconocidos tras forzar\u00a0aberturas en los domicilios se hicieron de diferentes elementos de valor,\u00a0electr\u00f3nicos y electrodom\u00e9sticos\u00a0se comenz\u00f3 una investigaci\u00f3n que recay\u00f3 en la Unidad Funcional de Instrucci\u00f3n N\u00b0 9 del Departamento Judicial Mercedes, a cargo de la\u00a0Dra.\u00a0Mariana Su\u00e1rez.<\/p>\n\n\n\n<div class=\"wp-block-image\"><figure class=\"aligncenter size-large\"><img loading=\"lazy\" decoding=\"async\" width=\"900\" height=\"506\" data-attachment-id=\"114125\" data-permalink=\"https:\/\/www.hoymercedes.com.ar\/principal\/2020\/07\/25\/dos-aprehendidos-por-escruches-tras-allanamiento\/25-poli-lujan\/#main\" data-orig-file=\"https:\/\/www.hoymercedes.com.ar\/principal\/wp-content\/uploads\/2020\/07\/25-poli-lujan.jpg\" data-orig-size=\"900,506\" data-comments-opened=\"0\" data-image-meta=\"{&quot;aperture&quot;:&quot;0&quot;,&quot;credit&quot;:&quot;&quot;,&quot;camera&quot;:&quot;&quot;,&quot;caption&quot;:&quot;&quot;,&quot;created_timestamp&quot;:&quot;0&quot;,&quot;copyright&quot;:&quot;&quot;,&quot;focal_length&quot;:&quot;0&quot;,&quot;iso&quot;:&quot;0&quot;,&quot;shutter_speed&quot;:&quot;0&quot;,&quot;title&quot;:&quot;&quot;,&quot;orientation&quot;:&quot;0&quot;}\" data-image-title=\"25 poli lujan\" data-image-description=\"\" data-image-caption=\"\" data-large-file=\"https:\/\/www.hoymercedes.com.ar\/principal\/wp-content\/uploads\/2020\/07\/25-poli-lujan.jpg\" src=\"https:\/\/www.hoymercedes.com.ar\/principal\/wp-content\/uploads\/2020\/07\/25-poli-lujan.jpg\" alt=\"\" class=\"wp-image-114125\"\/><\/figure><\/div>\n\n\n\n<p>Personal policial\u00a0de la\u00a0Comisar\u00eda de Luj\u00e1n, Seccional Segunda,\u00a0emprendi\u00f3 las tareas investigativas correspondientes, recabando las filmaciones de las c\u00e1maras de seguridad privadas de la zona y lograron determinar el recorrido por el lugar de un veh\u00edculo marca Fiat modelo\u00a0Regatta\u00a0de color gris.\u00a0<\/p>\n\n\n\n<p>Posteriormente, tras diversas tareas tendientes a dar con el veh\u00edculo&nbsp;se logr\u00f3 determinar que&nbsp;el mismo&nbsp;se encontraba en el barrio Padre Varela&nbsp;y se individualizaron dos domicilios.&nbsp;Es por ello que la agente fiscal a cargo \u2013 en el marco de&nbsp;las facultades que le son propias \u2013 orden\u00f3 un allanamiento en&nbsp;las&nbsp;dos viviendas de dicha localidad, y al encontrarse varios elementos compatibles con los sustra\u00eddos d\u00edas atr\u00e1s se procedi\u00f3 a la aprehensi\u00f3n de dos hombres mayores de edad.&nbsp;En el allanamiento se cont\u00f3 tambi\u00e9n con colaboraci\u00f3n de la Comisar\u00eda Luj\u00e1n Seccional Primera y DDI Luj\u00e1n.&nbsp;<\/p>\n\n\n\n<p>Adem\u00e1s, se encontraron elementos que hab\u00edan sido denunciados anteriormente por al menos dos v\u00edctimas de robo, esclareci\u00e9ndose en total cinco hechos delictivos.&nbsp;<\/p>\n\n\n\n<p>Los aprehendidos \u2013 de 27 y 24 a\u00f1os \u2013 comparecer\u00e1n\u00a0este s\u00e1bado\u00a0ante la agente fiscal a cargo\u00a0en el marco de la audiencia de declaraci\u00f3n en los t\u00e9rminos del art. 308 del C\u00f3digo Procesal Penal\u00a0por\u00a0los\u00a0delitos\u00a0de \u201cRobo agravado por cometerse con efracci\u00f3n\u201d, \u201cHurto simple\u201d y \u201cRobo simple\u201d.\u00a0<\/p>\n\n\n\n<p>Fuente: Ministerio P\u00fablico Fiscal  &#8211; Departamento Judicial Mercedes<\/p>\n","protected":false},"excerpt":{"rendered":"<p>Tras hechos\u00a0ocurridos\u00a0el\u00a022 de julio en barrio\u00a0Ayres\u00a0de San Antonio, Hoster\u00eda y Altos del Valle\u00a0de la localidad de Luj\u00e1n, bajo la modalidad &#8230; <a title=\"Dos aprehendidos por escruches tras allanamiento\" class=\"read-more\" href=\"https:\/\/www.hoymercedes.com.ar\/principal\/2020\/07\/25\/dos-aprehendidos-por-escruches-tras-allanamiento\/\" aria-label=\"Leer m\u00e1s sobre Dos aprehendidos por escruches tras allanamiento\">Leer m\u00e1s<\/a><\/p>\n","protected":false},"author":1,"featured_media":114125,"comment_status":"closed","ping_status":"open","sticky":false,"template":"","format":"standard","meta":{"_monsterinsights_skip_tracking":false,"_monsterinsights_sitenote_active":false,"_monsterinsights_sitenote_note":"","_monsterinsights_sitenote_category":0,"jetpack_post_was_ever_published":false,"_jetpack_newsletter_access":"","_jetpack_dont_email_post_to_subs":false,"_jetpack_newsletter_tier_id":0,"_jetpack_memberships_contains_paywalled_content":false,"_jetpack_memberships_contains_paid_content":false,"footnotes":"","jetpack_publicize_message":"","jetpack_publicize_feature_enabled":true,"jetpack_social_post_already_shared":true,"jetpack_social_options":{"image_generator_settings":{"template":"highway","default_image_id":0,"font":"","enabled":false},"version":2},"_wpas_customize_per_network":false},"categories":[85],"tags":[14998,96,1057],"class_list":["post-114124","post","type-post","status-publish","format-standard","has-post-thumbnail","hentry","category-policial","tag-ministerio-publico-fiscal","tag-policial-2","tag-regional","generate-columns","tablet-grid-50","mobile-grid-100","grid-parent","grid-50"],"jetpack_publicize_connections":[],"jetpack_featured_media_url":"https:\/\/www.hoymercedes.com.ar\/principal\/wp-content\/uploads\/2020\/07\/25-poli-lujan.jpg","wps_subtitle":"En Luj\u00e1n","jetpack_sharing_enabled":true,"_links":{"self":[{"href":"https:\/\/www.hoymercedes.com.ar\/principal\/wp-json\/wp\/v2\/posts\/114124","targetHints":{"allow":["GET"]}}],"collection":[{"href":"https:\/\/www.hoymercedes.com.ar\/principal\/wp-json\/wp\/v2\/posts"}],"about":[{"href":"https:\/\/www.hoymercedes.com.ar\/principal\/wp-json\/wp\/v2\/types\/post"}],"author":[{"embeddable":true,"href":"https:\/\/www.hoymercedes.com.ar\/principal\/wp-json\/wp\/v2\/users\/1"}],"replies":[{"embeddable":true,"href":"https:\/\/www.hoymercedes.com.ar\/principal\/wp-json\/wp\/v2\/comments?post=114124"}],"version-history":[{"count":0,"href":"https:\/\/www.hoymercedes.com.ar\/principal\/wp-json\/wp\/v2\/posts\/114124\/revisions"}],"wp:featuredmedia":[{"embeddable":true,"href":"https:\/\/www.hoymercedes.com.ar\/principal\/wp-json\/wp\/v2\/media\/114125"}],"wp:attachment":[{"href":"https:\/\/www.hoymercedes.com.ar\/principal\/wp-json\/wp\/v2\/media?parent=114124"}],"wp:term":[{"taxonomy":"category","embeddable":true,"href":"https:\/\/www.hoymercedes.com.ar\/principal\/wp-json\/wp\/v2\/categories?post=114124"},{"taxonomy":"post_tag","embeddable":true,"href":"https:\/\/www.hoymercedes.com.ar\/principal\/wp-json\/wp\/v2\/tags?post=114124"}],"curies":[{"name":"wp","href":"https:\/\/api.w.org\/{rel}","templated":true}]}}