{"id":114151,"date":"2020-07-26T10:56:00","date_gmt":"2020-07-26T13:56:00","guid":{"rendered":"http:\/\/www.hoymercedes.com.ar\/principal\/?p=114151"},"modified":"2020-07-26T13:41:32","modified_gmt":"2020-07-26T16:41:32","slug":"juntan-juguetes-para-regalar-en-el-dia-del-nino","status":"publish","type":"post","link":"https:\/\/www.hoymercedes.com.ar\/principal\/2020\/07\/26\/juntan-juguetes-para-regalar-en-el-dia-del-nino\/","title":{"rendered":"Juntan juguetes para regalar en el D\u00eda del Ni\u00f1o"},"content":{"rendered":"\n<p>Desde Desarrollo Social del Municipio de Mercedes impulsan campa\u00f1a de donaci\u00f3n de juguetes nuevos y usados en buen estado para ser entregados el pr\u00f3ximo d\u00eda del ni\u00f1o. Importante cantidad de instituciones participan para poder acercarlos en diversos puntos de la ciudad. \u201cPensamos en iniciar esta colecta para que todos los chicos y chicas que asisten a merenderos y comedores puedan tener un regalo el d\u00eda del ni\u00f1o\u201d coment\u00f3 la Secretaria del \u00e1rea, Jorgelina Silva.<\/p>\n\n\n\n<div class=\"wp-block-image\"><figure class=\"aligncenter size-large\"><img loading=\"lazy\" decoding=\"async\" width=\"800\" height=\"800\" data-attachment-id=\"114152\" data-permalink=\"https:\/\/www.hoymercedes.com.ar\/principal\/2020\/07\/26\/juntan-juguetes-para-regalar-en-el-dia-del-nino\/114584718_3152617734832030_6069387098024046357_o\/#main\" data-orig-file=\"https:\/\/www.hoymercedes.com.ar\/principal\/wp-content\/uploads\/2020\/07\/114584718_3152617734832030_6069387098024046357_o.jpg\" data-orig-size=\"800,800\" data-comments-opened=\"0\" data-image-meta=\"{&quot;aperture&quot;:&quot;0&quot;,&quot;credit&quot;:&quot;&quot;,&quot;camera&quot;:&quot;&quot;,&quot;caption&quot;:&quot;&quot;,&quot;created_timestamp&quot;:&quot;0&quot;,&quot;copyright&quot;:&quot;&quot;,&quot;focal_length&quot;:&quot;0&quot;,&quot;iso&quot;:&quot;0&quot;,&quot;shutter_speed&quot;:&quot;0&quot;,&quot;title&quot;:&quot;&quot;,&quot;orientation&quot;:&quot;0&quot;}\" data-image-title=\"114584718_3152617734832030_6069387098024046357_o\" data-image-description=\"\" data-image-caption=\"\" data-large-file=\"https:\/\/www.hoymercedes.com.ar\/principal\/wp-content\/uploads\/2020\/07\/114584718_3152617734832030_6069387098024046357_o.jpg\" src=\"https:\/\/www.hoymercedes.com.ar\/principal\/wp-content\/uploads\/2020\/07\/114584718_3152617734832030_6069387098024046357_o.jpg\" alt=\"\" class=\"wp-image-114152\"\/><\/figure><\/div>\n\n\n\n<p>M\u00e1s adelante la secretar\u00eda de desarrollo social sostuvo que \u201cdado el contexto desfavorable que hoy nos toca transitar a todos es importante fomentar la solidaridad y trabajar como comunidad en proyectos comunes. Invitamos a las mercedinas&nbsp;&nbsp;y mercedinos a donar juguetes nuevos o usados en buen estado para que sean entregados el d\u00eda del ni\u00f1o\u201d afirm\u00f3.<\/p>\n\n\n\n<p>Tambi\u00e9n coment\u00f3 que \u201cya que no podemos realizar el cl\u00e1sico festejo en el Mart\u00edn Rodr\u00edguez es que pensamos en realizar una acci\u00f3n colectiva y solidaria\u201d<\/p>\n\n\n\n<p>Respecto a la red de espacios para poder entregar los juguetes inform\u00f3 que \u201cinvitamos a los clubes a participar de la colecta y se sumaron much\u00edsimos, sabemos que el trabajo de los clubes es fundamental para la ni\u00f1ez y que siguieron realizando acciones a\u00fan en cuarentena\u201d<\/p>\n\n\n\n<p>La funcionaria afirm\u00f3 a su vez que \u201ctambi\u00e9n contamos con varios voluntarios que se van a encargar de clasificar, poner en condiciones, envolver y presentar los regalos, as\u00ed como otros que est\u00e1n haciendo juguetes artesanales. Tambi\u00e9n la Pe\u00f1a de boca y la c\u00e1mara de comercio van a apadrinar 2 comedores con juguetes lo cual nos facilita mucho m\u00e1s la tarea. Siempre que proponemos actividades solidarias en nuestra ciudad, la comunidad de Mercedes responde. Antes fue con donaciones de frazadas y con donaciones para familias que han sufrido incendios. Hoy le toca a las ni\u00f1as y ni\u00f1os y ya estamos teniendo mucho acompa\u00f1amiento\u201d<\/p>\n\n\n\n<p>La acci\u00f3n y propuesta solidaria cuenta con muchas instituciones participantes para realizar la donaci\u00f3n. Entre ellas Club Ateneo, 11 y 114, Club Estudiantes, A.M.E.F.I.P, Club San Mart\u00edn, Secretar\u00eda de Desarrollo Social, La Trocha, Club Quilmes, Club Palometas, Club Cartoneros, Mercedes Rugby Club. Para m\u00e1s detalles de d\u00edas y horarios en Facebook de Desarrollo Social est\u00e1n todos los datos.<\/p>\n\n\n\n<p>Por Prensa Municipal<\/p>\n","protected":false},"excerpt":{"rendered":"<p>Desde Desarrollo Social del Municipio de Mercedes impulsan campa\u00f1a de donaci\u00f3n de juguetes nuevos y usados en buen estado para &#8230; <a title=\"Juntan juguetes para regalar en el D\u00eda del Ni\u00f1o\" class=\"read-more\" href=\"https:\/\/www.hoymercedes.com.ar\/principal\/2020\/07\/26\/juntan-juguetes-para-regalar-en-el-dia-del-nino\/\" aria-label=\"Leer m\u00e1s sobre Juntan juguetes para regalar en el D\u00eda del Ni\u00f1o\">Leer m\u00e1s<\/a><\/p>\n","protected":false},"author":1,"featured_media":60633,"comment_status":"closed","ping_status":"open","sticky":false,"template":"","format":"standard","meta":{"_monsterinsights_skip_tracking":false,"_monsterinsights_sitenote_active":false,"_monsterinsights_sitenote_note":"","_monsterinsights_sitenote_category":0,"jetpack_post_was_ever_published":false,"_jetpack_newsletter_access":"","_jetpack_dont_email_post_to_subs":false,"_jetpack_newsletter_tier_id":0,"_jetpack_memberships_contains_paywalled_content":false,"_jetpack_memberships_contains_paid_content":false,"footnotes":"","jetpack_publicize_message":"","jetpack_publicize_feature_enabled":true,"jetpack_social_post_already_shared":true,"jetpack_social_options":{"image_generator_settings":{"template":"highway","default_image_id":0,"font":"","enabled":false},"version":2},"_wpas_customize_per_network":false},"categories":[30],"tags":[870,1174,244],"class_list":["post-114151","post","type-post","status-publish","format-standard","has-post-thumbnail","hentry","category-municipio","tag-desarrollo-social","tag-dia-del-nino","tag-municipio-2","generate-columns","tablet-grid-50","mobile-grid-100","grid-parent","grid-50"],"jetpack_publicize_connections":[],"jetpack_featured_media_url":"https:\/\/www.hoymercedes.com.ar\/principal\/wp-content\/uploads\/2017\/03\/13-Jorgelina-Silva.jpg","wps_subtitle":"","jetpack_sharing_enabled":true,"_links":{"self":[{"href":"https:\/\/www.hoymercedes.com.ar\/principal\/wp-json\/wp\/v2\/posts\/114151","targetHints":{"allow":["GET"]}}],"collection":[{"href":"https:\/\/www.hoymercedes.com.ar\/principal\/wp-json\/wp\/v2\/posts"}],"about":[{"href":"https:\/\/www.hoymercedes.com.ar\/principal\/wp-json\/wp\/v2\/types\/post"}],"author":[{"embeddable":true,"href":"https:\/\/www.hoymercedes.com.ar\/principal\/wp-json\/wp\/v2\/users\/1"}],"replies":[{"embeddable":true,"href":"https:\/\/www.hoymercedes.com.ar\/principal\/wp-json\/wp\/v2\/comments?post=114151"}],"version-history":[{"count":0,"href":"https:\/\/www.hoymercedes.com.ar\/principal\/wp-json\/wp\/v2\/posts\/114151\/revisions"}],"wp:featuredmedia":[{"embeddable":true,"href":"https:\/\/www.hoymercedes.com.ar\/principal\/wp-json\/wp\/v2\/media\/60633"}],"wp:attachment":[{"href":"https:\/\/www.hoymercedes.com.ar\/principal\/wp-json\/wp\/v2\/media?parent=114151"}],"wp:term":[{"taxonomy":"category","embeddable":true,"href":"https:\/\/www.hoymercedes.com.ar\/principal\/wp-json\/wp\/v2\/categories?post=114151"},{"taxonomy":"post_tag","embeddable":true,"href":"https:\/\/www.hoymercedes.com.ar\/principal\/wp-json\/wp\/v2\/tags?post=114151"}],"curies":[{"name":"wp","href":"https:\/\/api.w.org\/{rel}","templated":true}]}}