{"id":114198,"date":"2020-07-27T14:44:00","date_gmt":"2020-07-27T17:44:00","guid":{"rendered":"http:\/\/www.hoymercedes.com.ar\/principal\/?p=114198"},"modified":"2020-07-28T12:47:54","modified_gmt":"2020-07-28T15:47:54","slug":"el-estado-en-tu-barrio-estuvo-en-gowland-y-tomas-jofre","status":"publish","type":"post","link":"https:\/\/www.hoymercedes.com.ar\/principal\/2020\/07\/27\/el-estado-en-tu-barrio-estuvo-en-gowland-y-tomas-jofre\/","title":{"rendered":"El Estado en Tu Barrio estuvo en Gowland y Tom\u00e1s Jofr\u00e9"},"content":{"rendered":"\n<p>A trav\u00e9s del programa \u201cEl Estado en tu barrio\u201d oficinas nacionales, provinciales y municipales se acercan al vecino para que estos puedan resolver, en este tiempo de pandemia y cuarentena, temas administrativos que por la distancia o falta de conectividad no pueden hacer. En los \u00faltimos d\u00edas este programa estuvo en la localidad de Gowland y Tom\u00e1s Jofr\u00e9.<\/p>\n\n\n\n<div class=\"wp-block-image\"><figure class=\"aligncenter size-large\"><img loading=\"lazy\" decoding=\"async\" width=\"929\" height=\"620\" data-attachment-id=\"114199\" data-permalink=\"https:\/\/www.hoymercedes.com.ar\/principal\/2020\/07\/27\/el-estado-en-tu-barrio-estuvo-en-gowland-y-tomas-jofre\/27-estado-en-tu-barrio\/#main\" data-orig-file=\"https:\/\/www.hoymercedes.com.ar\/principal\/wp-content\/uploads\/2020\/07\/27-estado-en-tu-barrio.png\" data-orig-size=\"929,620\" data-comments-opened=\"0\" data-image-meta=\"{&quot;aperture&quot;:&quot;0&quot;,&quot;credit&quot;:&quot;&quot;,&quot;camera&quot;:&quot;&quot;,&quot;caption&quot;:&quot;&quot;,&quot;created_timestamp&quot;:&quot;0&quot;,&quot;copyright&quot;:&quot;&quot;,&quot;focal_length&quot;:&quot;0&quot;,&quot;iso&quot;:&quot;0&quot;,&quot;shutter_speed&quot;:&quot;0&quot;,&quot;title&quot;:&quot;&quot;,&quot;orientation&quot;:&quot;0&quot;}\" data-image-title=\"27 estado en tu barrio\" data-image-description=\"\" data-image-caption=\"\" data-large-file=\"https:\/\/www.hoymercedes.com.ar\/principal\/wp-content\/uploads\/2020\/07\/27-estado-en-tu-barrio.png\" src=\"https:\/\/www.hoymercedes.com.ar\/principal\/wp-content\/uploads\/2020\/07\/27-estado-en-tu-barrio.png\" alt=\"\" class=\"wp-image-114199\"\/><\/figure><\/div>\n\n\n\n<p>El concejal Juli\u00e1n Inzaugarat, vecino de la localidad de Gowland se\u00f1al\u00f3 \u201cfue excelente en cuanto a la cantidad de consultas y situaciones que se pudieron resolver\u201d y apunt\u00f3 \u201ceste programa le ha dado prioridades a la zona rural ya que por distancia o conectividad no est\u00e1 pudiendo hacer los tr\u00e1mites que por ah\u00ed un vecino de la zona m\u00e1s c\u00e9ntrica o la ciudad puede hacer\u201d.<\/p>\n\n\n\n<p>Desde el Centro de Referencia estuvieron junto a equipos t\u00e9cnicos de la Secretar\u00eda de Desarrollo Social de la Municipalidad de Mercedes, ANSES, PAMI y Proeba en la Sociedad de Fomento de Gowland \u2013 Agote y en el SUM de Tom\u00e1s Jofr\u00e9, atendiendo consultas sobre IFE, fondo de desempleo, asignaciones familiares y denuncias de extrav\u00edo de documentaci\u00f3n, entre otros tr\u00e1mites.<\/p>\n\n\n\n<p>\u201cLas problem\u00e1ticas a las que m\u00e1s apunta el vecino, tienen que ver en su mayor\u00eda, en todo lo referente a ANSES -A.U.H, fondos de desempleo, IFE, etc- como as\u00ed tambi\u00e9n, consultan por PAMI, tema remedios y recetas\u201d expres\u00f3 Inzaugarat y a\u00f1adi\u00f3 \u201cen el tema salud se est\u00e1 haciendo un trabajo coordinado, entre los CAPS, la sociedad de fomento y los vecinos, y lo que tiene que ver con los medicamentos, tambi\u00e9n se suma la farmacia de Gowland, que les permite a los vecinos acceder a ellos sin tener que ir hasta Mercedes\u201d.&nbsp;&nbsp;<\/p>\n\n\n\n<p>Por otro lado, Inzaugarat cont\u00f3 \u201cen la zona de Tom\u00e1s Jofr\u00e9 asistimos con mercader\u00eda a los vecinos, mientras que en la zona de Gowland, La Pampita y Agote continuamos con los cuatro (4) comedores, donde, ah\u00ed s\u00ed, seguimos coordinando para que todos los d\u00edas se cocine para que todos los vecinos que se acerquen tengan su plato de comida caliente\u201d y en este sentido destac\u00f3 \u201crecibimos much\u00edsima ayuda por parte del Municipio de Mercedes como as\u00ed tambi\u00e9n donaciones de vecinos que se han acercado\u201d. &nbsp;&nbsp;<\/p>\n\n\n\n<p>En cuanto a la visita del programa a la localidad de Tom\u00e1s Jofr\u00e9, El concejal Juli\u00e1n Inzaugarat manifest\u00f3 \u201cmucha gente, tomando las medidas de distanciamiento, se acercaron al SUM a tratar de resolver las distintas consultas. Tom\u00e1s Jofr\u00e9 tiene muchos restaurants que desde comenz\u00f3 la pandemia est\u00e1n cerrados, eso trajo aparejadas problem\u00e1ticas que estamos tratando de resolver, como as\u00ed tambi\u00e9n, para que los diferentes programas que existen puedan llegarles como paliativos a la situaci\u00f3n actual\u201d.&nbsp;&nbsp;&nbsp; &nbsp;<\/p>\n\n\n\n<p>En otro orden de temas, Inzaugarat subray\u00f3 \u201chago recorridas a diferentes domicilios donde entrego viandas de comida, mercader\u00eda y art\u00edculos de primera necesidad porque muchos vecinos no se acercan a los centros de atenci\u00f3n o a la sociedad de fomento, porque para muchos pedir un plato de comida es perder la dignidad y es por eso que nos vamos acercando, algo que hacemos con much\u00edsima responsabilidad, sabiendo que existe la necesidad\u201d y a\u00f1adi\u00f3 \u201cexisten muchos vecinos que realizaban trabajos de manera precarizada -alba\u00f1iles, pintores, parqueros, etc- los cuales eran su medio de vida y que en estos momentos se ha cortado, por eso intentamos ayudarlas\u201d.\u00a0<\/p>\n\n\n\n<p>Por Prensa Municipal<\/p>\n","protected":false},"excerpt":{"rendered":"<p>A trav\u00e9s del programa \u201cEl Estado en tu barrio\u201d oficinas nacionales, provinciales y municipales se acercan al vecino para que &#8230; <a title=\"El Estado en Tu Barrio estuvo en Gowland y Tom\u00e1s Jofr\u00e9\" class=\"read-more\" href=\"https:\/\/www.hoymercedes.com.ar\/principal\/2020\/07\/27\/el-estado-en-tu-barrio-estuvo-en-gowland-y-tomas-jofre\/\" aria-label=\"Leer m\u00e1s sobre El Estado en Tu Barrio estuvo en Gowland y Tom\u00e1s Jofr\u00e9\">Leer m\u00e1s<\/a><\/p>\n","protected":false},"author":1,"featured_media":114199,"comment_status":"closed","ping_status":"open","sticky":false,"template":"","format":"standard","meta":{"_monsterinsights_skip_tracking":false,"_monsterinsights_sitenote_active":false,"_monsterinsights_sitenote_note":"","_monsterinsights_sitenote_category":0,"jetpack_post_was_ever_published":false,"_jetpack_newsletter_access":"","_jetpack_dont_email_post_to_subs":false,"_jetpack_newsletter_tier_id":0,"_jetpack_memberships_contains_paywalled_content":false,"_jetpack_memberships_contains_paid_content":false,"footnotes":"","jetpack_publicize_message":"","jetpack_publicize_feature_enabled":true,"jetpack_social_post_already_shared":true,"jetpack_social_options":{"image_generator_settings":{"template":"highway","default_image_id":0,"font":"","enabled":false},"version":2},"_wpas_customize_per_network":false},"categories":[30],"tags":[16890,875,594],"class_list":["post-114198","post","type-post","status-publish","format-standard","has-post-thumbnail","hentry","category-municipio","tag-estado-en-tu-barrio","tag-gowland","tag-tomas-jofre","generate-columns","tablet-grid-50","mobile-grid-100","grid-parent","grid-50"],"jetpack_publicize_connections":[],"jetpack_featured_media_url":"https:\/\/www.hoymercedes.com.ar\/principal\/wp-content\/uploads\/2020\/07\/27-estado-en-tu-barrio.png","wps_subtitle":"","jetpack_sharing_enabled":true,"_links":{"self":[{"href":"https:\/\/www.hoymercedes.com.ar\/principal\/wp-json\/wp\/v2\/posts\/114198","targetHints":{"allow":["GET"]}}],"collection":[{"href":"https:\/\/www.hoymercedes.com.ar\/principal\/wp-json\/wp\/v2\/posts"}],"about":[{"href":"https:\/\/www.hoymercedes.com.ar\/principal\/wp-json\/wp\/v2\/types\/post"}],"author":[{"embeddable":true,"href":"https:\/\/www.hoymercedes.com.ar\/principal\/wp-json\/wp\/v2\/users\/1"}],"replies":[{"embeddable":true,"href":"https:\/\/www.hoymercedes.com.ar\/principal\/wp-json\/wp\/v2\/comments?post=114198"}],"version-history":[{"count":0,"href":"https:\/\/www.hoymercedes.com.ar\/principal\/wp-json\/wp\/v2\/posts\/114198\/revisions"}],"wp:featuredmedia":[{"embeddable":true,"href":"https:\/\/www.hoymercedes.com.ar\/principal\/wp-json\/wp\/v2\/media\/114199"}],"wp:attachment":[{"href":"https:\/\/www.hoymercedes.com.ar\/principal\/wp-json\/wp\/v2\/media?parent=114198"}],"wp:term":[{"taxonomy":"category","embeddable":true,"href":"https:\/\/www.hoymercedes.com.ar\/principal\/wp-json\/wp\/v2\/categories?post=114198"},{"taxonomy":"post_tag","embeddable":true,"href":"https:\/\/www.hoymercedes.com.ar\/principal\/wp-json\/wp\/v2\/tags?post=114198"}],"curies":[{"name":"wp","href":"https:\/\/api.w.org\/{rel}","templated":true}]}}