{"id":114202,"date":"2020-07-27T17:24:00","date_gmt":"2020-07-27T20:24:00","guid":{"rendered":"http:\/\/www.hoymercedes.com.ar\/principal\/?p=114202"},"modified":"2020-07-28T12:42:48","modified_gmt":"2020-07-28T15:42:48","slug":"la-policia-federal-mercedes-detuvo-carga-por-incumplimiento-tributario","status":"publish","type":"post","link":"https:\/\/www.hoymercedes.com.ar\/principal\/2020\/07\/27\/la-policia-federal-mercedes-detuvo-carga-por-incumplimiento-tributario\/","title":{"rendered":"La Polic\u00eda Federal Mercedes detuvo carga por incumplimiento tributario"},"content":{"rendered":"\n<p>El lunes 27 de Julio, personal de brigada de la Delegaci\u00f3n Mercedes de la Polic\u00eda  Federal Argentina, llev\u00f3 a cabo un procedimiento por infracci\u00f3n a la Ley 11.683 (Penal Tributaria), en la ciudad de San Andr\u00e9s de Giles<\/p>\n\n\n\n<div class=\"wp-block-image\"><figure class=\"aligncenter size-large\"><img loading=\"lazy\" decoding=\"async\" width=\"751\" height=\"501\" data-attachment-id=\"114204\" data-permalink=\"https:\/\/www.hoymercedes.com.ar\/principal\/2020\/07\/27\/la-policia-federal-mercedes-detuvo-carga-por-incumplimiento-tributario\/27-poli-fedela-1\/#main\" data-orig-file=\"https:\/\/www.hoymercedes.com.ar\/principal\/wp-content\/uploads\/2020\/07\/27-POLI-FEDELA-1.jpg\" data-orig-size=\"751,501\" data-comments-opened=\"0\" data-image-meta=\"{&quot;aperture&quot;:&quot;0&quot;,&quot;credit&quot;:&quot;&quot;,&quot;camera&quot;:&quot;&quot;,&quot;caption&quot;:&quot;&quot;,&quot;created_timestamp&quot;:&quot;0&quot;,&quot;copyright&quot;:&quot;&quot;,&quot;focal_length&quot;:&quot;0&quot;,&quot;iso&quot;:&quot;0&quot;,&quot;shutter_speed&quot;:&quot;0&quot;,&quot;title&quot;:&quot;&quot;,&quot;orientation&quot;:&quot;0&quot;}\" data-image-title=\"27 POLI FEDELA (1)\" data-image-description=\"\" data-image-caption=\"\" data-large-file=\"https:\/\/www.hoymercedes.com.ar\/principal\/wp-content\/uploads\/2020\/07\/27-POLI-FEDELA-1.jpg\" src=\"https:\/\/www.hoymercedes.com.ar\/principal\/wp-content\/uploads\/2020\/07\/27-POLI-FEDELA-1.jpg\" alt=\"\" class=\"wp-image-114204\"\/><\/figure><\/div>\n\n\n\n<p>Personal de la Fuerza Federal, se encontraba realizando un control vehicular en la Ruta Prov. N\u00b041 y Acceso Col\u00f3n de San Andr\u00e9s de Giles, desalentando el tr\u00e1nsito de veh\u00edculos, ordenado en Decreto 297\/2020 &#8211; por el Aislamiento Social Preventivo y Obligatorio en prevenci\u00f3n del COVID-19, como as\u00ed tambi\u00e9n realizando tareas de prevenci\u00f3n en general.<\/p>\n\n\n\n<p>Es as\u00ed que, que en el dia de la fecha, en horas de la tarde, Detectives Federales, procedieron a detener la marcha de un cami\u00f3n Mercedes Benz, el cual circulaba sobre la cinta asf\u00e1ltica de Ruta 41, procediendo a identificar a su conductor, siendo este un masculino mayor de edad, oriundo de la ciudad de San Antonio de Areco, consultado sobre lo que transportaba, el conductor refiri\u00f3 que en \u00e9l se acoplado del veh\u00edculo llevaba 22.400 pollitos bebes, sin el debido comprobante fiscal que acredite la compra efectuada, con un valor aproximado en el mercado de $670.000 pesos argentinos.<\/p>\n\n\n\n<p>En el hecho intervino la A.F.I.P. regional Mercedes, quien dispuso que se labre acta por infracci\u00f3n a la Ley 11.683, no adoptando temperamento sobre la mercader\u00eda y veh\u00edculo.<\/p>\n","protected":false},"excerpt":{"rendered":"<p>El lunes 27 de Julio, personal de brigada de la Delegaci\u00f3n Mercedes de la Polic\u00eda Federal Argentina, llev\u00f3 a cabo &#8230; <a title=\"La Polic\u00eda Federal Mercedes detuvo carga por incumplimiento tributario\" class=\"read-more\" href=\"https:\/\/www.hoymercedes.com.ar\/principal\/2020\/07\/27\/la-policia-federal-mercedes-detuvo-carga-por-incumplimiento-tributario\/\" aria-label=\"Leer m\u00e1s sobre La Polic\u00eda Federal Mercedes detuvo carga por incumplimiento tributario\">Leer m\u00e1s<\/a><\/p>\n","protected":false},"author":1,"featured_media":114205,"comment_status":"closed","ping_status":"open","sticky":false,"template":"","format":"standard","meta":{"_monsterinsights_skip_tracking":false,"_monsterinsights_sitenote_active":false,"_monsterinsights_sitenote_note":"","_monsterinsights_sitenote_category":0,"jetpack_post_was_ever_published":false,"_jetpack_newsletter_access":"","_jetpack_dont_email_post_to_subs":false,"_jetpack_newsletter_tier_id":0,"_jetpack_memberships_contains_paywalled_content":false,"_jetpack_memberships_contains_paid_content":false,"footnotes":"","jetpack_publicize_message":"","jetpack_publicize_feature_enabled":true,"jetpack_social_post_already_shared":true,"jetpack_social_options":{"image_generator_settings":{"template":"highway","default_image_id":0,"font":"","enabled":false},"version":2},"_wpas_customize_per_network":false},"categories":[85],"tags":[1066,6549],"class_list":["post-114202","post","type-post","status-publish","format-standard","has-post-thumbnail","hentry","category-policial","tag-afip","tag-policia-federal","generate-columns","tablet-grid-50","mobile-grid-100","grid-parent","grid-50"],"jetpack_publicize_connections":[],"jetpack_featured_media_url":"https:\/\/www.hoymercedes.com.ar\/principal\/wp-content\/uploads\/2020\/07\/27-POLI-FEDELA-2.jpg","wps_subtitle":"","jetpack_sharing_enabled":true,"_links":{"self":[{"href":"https:\/\/www.hoymercedes.com.ar\/principal\/wp-json\/wp\/v2\/posts\/114202","targetHints":{"allow":["GET"]}}],"collection":[{"href":"https:\/\/www.hoymercedes.com.ar\/principal\/wp-json\/wp\/v2\/posts"}],"about":[{"href":"https:\/\/www.hoymercedes.com.ar\/principal\/wp-json\/wp\/v2\/types\/post"}],"author":[{"embeddable":true,"href":"https:\/\/www.hoymercedes.com.ar\/principal\/wp-json\/wp\/v2\/users\/1"}],"replies":[{"embeddable":true,"href":"https:\/\/www.hoymercedes.com.ar\/principal\/wp-json\/wp\/v2\/comments?post=114202"}],"version-history":[{"count":0,"href":"https:\/\/www.hoymercedes.com.ar\/principal\/wp-json\/wp\/v2\/posts\/114202\/revisions"}],"wp:featuredmedia":[{"embeddable":true,"href":"https:\/\/www.hoymercedes.com.ar\/principal\/wp-json\/wp\/v2\/media\/114205"}],"wp:attachment":[{"href":"https:\/\/www.hoymercedes.com.ar\/principal\/wp-json\/wp\/v2\/media?parent=114202"}],"wp:term":[{"taxonomy":"category","embeddable":true,"href":"https:\/\/www.hoymercedes.com.ar\/principal\/wp-json\/wp\/v2\/categories?post=114202"},{"taxonomy":"post_tag","embeddable":true,"href":"https:\/\/www.hoymercedes.com.ar\/principal\/wp-json\/wp\/v2\/tags?post=114202"}],"curies":[{"name":"wp","href":"https:\/\/api.w.org\/{rel}","templated":true}]}}