{"id":114229,"date":"2020-07-28T11:11:55","date_gmt":"2020-07-28T14:11:55","guid":{"rendered":"http:\/\/www.hoymercedes.com.ar\/principal\/?p=114229"},"modified":"2020-07-28T11:11:58","modified_gmt":"2020-07-28T14:11:58","slug":"matias-caputo-el-primero-de-los-cuatro-mercedinos-que-renovo-con-lujan","status":"publish","type":"post","link":"https:\/\/www.hoymercedes.com.ar\/principal\/2020\/07\/28\/matias-caputo-el-primero-de-los-cuatro-mercedinos-que-renovo-con-lujan\/","title":{"rendered":"Mat\u00edas Caputo, el primero de los cuatro mercedinos que renov\u00f3 con Lujan"},"content":{"rendered":"\n<p>La pandemia trajo muchas inseguridades en los contratos de los futbolistas y el ascenso se vio seriamente golpeado. Uno de los casos es el del Club Luj\u00e1n, quien en este momento se encuentra revisando la situaci\u00f3n jugador por jugador. En el cuadro que milita en la Primera C hay cuatro mercedinos: el arquero Mat\u00edas Caputo, los volantes Thiago Portessi y Gonzalo P\u00e9rez y el delantero Franco Gatti.<\/p>\n\n\n\n<div class=\"wp-block-image\"><figure class=\"aligncenter size-large\"><img loading=\"lazy\" decoding=\"async\" width=\"305\" height=\"360\" data-attachment-id=\"114231\" data-permalink=\"https:\/\/www.hoymercedes.com.ar\/principal\/2020\/07\/28\/matias-caputo-el-primero-de-los-cuatro-mercedinos-que-renovo-con-lujan\/matias-caputo-renovo-con-lujan-1\/#main\" data-orig-file=\"https:\/\/www.hoymercedes.com.ar\/principal\/wp-content\/uploads\/2020\/07\/Matias-Caputo-renovo-con-Lujan-1.jpg\" data-orig-size=\"305,360\" data-comments-opened=\"0\" data-image-meta=\"{&quot;aperture&quot;:&quot;0&quot;,&quot;credit&quot;:&quot;&quot;,&quot;camera&quot;:&quot;&quot;,&quot;caption&quot;:&quot;&quot;,&quot;created_timestamp&quot;:&quot;0&quot;,&quot;copyright&quot;:&quot;&quot;,&quot;focal_length&quot;:&quot;0&quot;,&quot;iso&quot;:&quot;0&quot;,&quot;shutter_speed&quot;:&quot;0&quot;,&quot;title&quot;:&quot;&quot;,&quot;orientation&quot;:&quot;0&quot;}\" data-image-title=\"Matias-Caputo-renovo-con-Lujan-1\" data-image-description=\"\" data-image-caption=\"\" data-large-file=\"https:\/\/www.hoymercedes.com.ar\/principal\/wp-content\/uploads\/2020\/07\/Matias-Caputo-renovo-con-Lujan-1.jpg\" src=\"https:\/\/www.hoymercedes.com.ar\/principal\/wp-content\/uploads\/2020\/07\/Matias-Caputo-renovo-con-Lujan-1.jpg\" alt=\"\" class=\"wp-image-114231\"\/><\/figure><\/div>\n\n\n\n<p>De los cuatro, el primero que confirm\u00f3 su continuidad fue Caputo. \u201cEstoy muy contento de poder continuar en el club, me siento muy a gusto con el grupo y la idea que tenemos. Ojal\u00e1 se pueda terminar el torneo que qued\u00f3 inconcluso cuando est\u00e9n dadas las condiciones\u201d, indic\u00f3 a la web Solo Ascenso, a quien le agreg\u00f3 que ambas partes hicieron esfuerzo para acordar la renovaci\u00f3n.<\/p>\n\n\n\n<p>Respecto a la vuelta a la actividad, Caputo indic\u00f3: \u201cMe parece que hace falta m\u00e1s que buena voluntad, estamos hablando de costos muy altos. Al margen de lo econ\u00f3mico creo que se pueden cumplir y adaptar a cualquier club, lo m\u00e1s complicado para muchos ser\u00eda el medio de transporte\u201d.<\/p>\n","protected":false},"excerpt":{"rendered":"<p>La pandemia trajo muchas inseguridades en los contratos de los futbolistas y el ascenso se vio seriamente golpeado. Uno de &#8230; <a title=\"Mat\u00edas Caputo, el primero de los cuatro mercedinos que renov\u00f3 con Lujan\" class=\"read-more\" href=\"https:\/\/www.hoymercedes.com.ar\/principal\/2020\/07\/28\/matias-caputo-el-primero-de-los-cuatro-mercedinos-que-renovo-con-lujan\/\" aria-label=\"Leer m\u00e1s sobre Mat\u00edas Caputo, el primero de los cuatro mercedinos que renov\u00f3 con Lujan\">Leer m\u00e1s<\/a><\/p>\n","protected":false},"author":1,"featured_media":114231,"comment_status":"closed","ping_status":"open","sticky":false,"template":"","format":"standard","meta":{"_monsterinsights_skip_tracking":false,"_monsterinsights_sitenote_active":false,"_monsterinsights_sitenote_note":"","_monsterinsights_sitenote_category":0,"jetpack_post_was_ever_published":false,"_jetpack_newsletter_access":"","_jetpack_dont_email_post_to_subs":false,"_jetpack_newsletter_tier_id":0,"_jetpack_memberships_contains_paywalled_content":false,"_jetpack_memberships_contains_paid_content":false,"footnotes":"","jetpack_publicize_message":"","jetpack_publicize_feature_enabled":true,"jetpack_social_post_already_shared":true,"jetpack_social_options":{"image_generator_settings":{"template":"highway","default_image_id":0,"font":"","enabled":false},"version":2},"_wpas_customize_per_network":false},"categories":[21],"tags":[9897,10725],"class_list":["post-114229","post","type-post","status-publish","format-standard","has-post-thumbnail","hentry","category-deportes","tag-matias-caputo","tag-primera-c","generate-columns","tablet-grid-50","mobile-grid-100","grid-parent","grid-50"],"jetpack_publicize_connections":[],"jetpack_featured_media_url":"https:\/\/www.hoymercedes.com.ar\/principal\/wp-content\/uploads\/2020\/07\/Matias-Caputo-renovo-con-Lujan-1.jpg","wps_subtitle":"La Legi\u00f3n","jetpack_sharing_enabled":true,"_links":{"self":[{"href":"https:\/\/www.hoymercedes.com.ar\/principal\/wp-json\/wp\/v2\/posts\/114229","targetHints":{"allow":["GET"]}}],"collection":[{"href":"https:\/\/www.hoymercedes.com.ar\/principal\/wp-json\/wp\/v2\/posts"}],"about":[{"href":"https:\/\/www.hoymercedes.com.ar\/principal\/wp-json\/wp\/v2\/types\/post"}],"author":[{"embeddable":true,"href":"https:\/\/www.hoymercedes.com.ar\/principal\/wp-json\/wp\/v2\/users\/1"}],"replies":[{"embeddable":true,"href":"https:\/\/www.hoymercedes.com.ar\/principal\/wp-json\/wp\/v2\/comments?post=114229"}],"version-history":[{"count":0,"href":"https:\/\/www.hoymercedes.com.ar\/principal\/wp-json\/wp\/v2\/posts\/114229\/revisions"}],"wp:featuredmedia":[{"embeddable":true,"href":"https:\/\/www.hoymercedes.com.ar\/principal\/wp-json\/wp\/v2\/media\/114231"}],"wp:attachment":[{"href":"https:\/\/www.hoymercedes.com.ar\/principal\/wp-json\/wp\/v2\/media?parent=114229"}],"wp:term":[{"taxonomy":"category","embeddable":true,"href":"https:\/\/www.hoymercedes.com.ar\/principal\/wp-json\/wp\/v2\/categories?post=114229"},{"taxonomy":"post_tag","embeddable":true,"href":"https:\/\/www.hoymercedes.com.ar\/principal\/wp-json\/wp\/v2\/tags?post=114229"}],"curies":[{"name":"wp","href":"https:\/\/api.w.org\/{rel}","templated":true}]}}