{"id":11423,"date":"2012-03-09T12:08:16","date_gmt":"2012-03-09T12:08:16","guid":{"rendered":"http:\/\/www.hoymercedes.com.ar\/principal\/?p=11423"},"modified":"2012-03-09T12:08:16","modified_gmt":"2012-03-09T12:08:16","slug":"selva-no-logro-al-final-reunirse-con-el-ministro-de-salud-alejandro-collia","status":"publish","type":"post","link":"https:\/\/www.hoymercedes.com.ar\/principal\/2012\/03\/09\/selva-no-logro-al-final-reunirse-con-el-ministro-de-salud-alejandro-collia\/","title":{"rendered":"Selva no logro al final reunirse con el Ministro de Salud Alejandro Collia"},"content":{"rendered":"<p>El viaje del jefe comunal de nuestra ciudad hab\u00eda despertado muchas expectativas relacionadas con posibles cambios en la conducci\u00f3n del Hospital. Sin embargo el intendente sostuvo que \u00abno entiende con que finalidad se hacia una campa\u00f1a en contra de Rodolfo Principi \u201cquien hasta hoy es el leg\u00edtimo director del Blas L Dubarry pese al gran loby en su contra que se est\u00e1 haciendo.\u00bb<\/p>\n<p>Hac\u00eda realmente bastante tiempo que un viaje de los habituales, com\u00fanmente denominados de trabajo, del intendente Carlos Selva a la ciudad de La Plata no despertaba tanto inter\u00e9s y expectativas al menos en un sector puntual de la comunidad mercedina, como lo es en este caso la que forman quienes desarrollan sus tareas en el hospital Blas L Dubarry, donde al decir de los propios empleados \u201cdurante la semana el tema que mas se hablo entre nosotros es del posible reemplazo de Fito (Rodolfo Principi) como director del hospital\u201d, tal como lo indicaban hasta con mucha fuerza los comentarios que se escuchaban en los pasillos del centro asistencial.<\/p>\n<p>Pero dicha expectativa deber\u00e1, al menos aguardar un tiempo m\u00e1s, ya que si bien el jefe comunal viaj\u00f3 a La Plata finalmente no se pudo entrevistar con el Ministro de Salud bonaerense Dr. Alejandro Collia ya que el mismo hab\u00eda viajado a una ciudad del interior de la provincia.<\/p>\n<p>De cualquier manera el intendente sostuvo ayer \u201cen estos momentos el intendente no tiene m\u00e1s nada que ver con cualquier decisi\u00f3n de ese tipo, solo podemos marcar la realidad que el Hospital ha tenido en los \u00faltimos a\u00f1os un marcado cambio a trav\u00e9s de la conducci\u00f3n del Dr. Rodolfo Princip\u00ed al frente del mismo y por lo tanto nosotros lo hemos ratificado en dicho lugar , pero si la decisi\u00f3n del Ministerio es otra ya escapa realmente a nuestra posibilidades y ello tal vez pueda suceder, no es algo que sepamos con certeza, que el Ministro quiera darle otro rumbo, otro empuje al trabajo que se hace en el Blas L Dubarry ya es un resorte directamente propio de \u00e9l.<\/p>\n<p>Lamentablemente con todos estos comentario lo que se ha generado por estos d\u00edas es una incertidumbre realmente infundada porque al d\u00eda de hoy el Dr. Principi es el leg\u00edtimo director del Hospital, con su firma debidamente habilitada y todas las atribuciones pertinentes para poder adoptar decisiones, es decir que lamentablemente todos estos comentarios no han contribuido absolutamente en nada a favor dela tareas habituales dentro del nosocomio, creo que se ha producido un clima muy perverso no solo para el director sino tambi\u00e9n para el propio funcionamiento interno del Hospital que no se con que finalidad se est\u00e1 llevando a cabo, es un verdadero loby en contra de su persona y no entiendo porque.<\/p>\n<p>Reitero que al d\u00eda de hoy Rodolfo Principi es el Director del Hospital Dubarry y se encuentra haciendo su trabajo con la solvencia que debe tener para hacer las cosas como corresponden y toda esta ebullici\u00f3n que se nota no ha contribuido a organizar para nada bien las tareas que hay que efectuar\u201d.<\/p>\n","protected":false},"excerpt":{"rendered":"<p>El viaje del jefe comunal de nuestra ciudad hab\u00eda despertado muchas expectativas relacionadas con posibles cambios en la conducci\u00f3n del &#8230; <a title=\"Selva no logro al final reunirse con el Ministro de Salud Alejandro Collia\" class=\"read-more\" href=\"https:\/\/www.hoymercedes.com.ar\/principal\/2012\/03\/09\/selva-no-logro-al-final-reunirse-con-el-ministro-de-salud-alejandro-collia\/\" aria-label=\"Leer m\u00e1s sobre Selva no logro al final reunirse con el Ministro de Salud Alejandro Collia\">Leer m\u00e1s<\/a><\/p>\n","protected":false},"author":1,"featured_media":0,"comment_status":"open","ping_status":"open","sticky":false,"template":"","format":"standard","meta":{"_monsterinsights_skip_tracking":false,"_monsterinsights_sitenote_active":false,"_monsterinsights_sitenote_note":"","_monsterinsights_sitenote_category":0,"jetpack_post_was_ever_published":false,"_jetpack_newsletter_access":"","_jetpack_dont_email_post_to_subs":false,"_jetpack_newsletter_tier_id":0,"_jetpack_memberships_contains_paywalled_content":false,"_jetpack_memberships_contains_paid_content":false,"footnotes":"","jetpack_publicize_message":"","jetpack_publicize_feature_enabled":true,"jetpack_social_post_already_shared":false,"jetpack_social_options":{"image_generator_settings":{"template":"highway","default_image_id":0,"font":"","enabled":false},"version":2},"_wpas_customize_per_network":false},"categories":[5],"tags":[39],"class_list":["post-11423","post","type-post","status-publish","format-standard","hentry","category-politica","tag-carlos-selva","generate-columns","tablet-grid-50","mobile-grid-100","grid-parent","grid-50"],"jetpack_publicize_connections":[],"jetpack_featured_media_url":"","wps_subtitle":"","jetpack_sharing_enabled":true,"_links":{"self":[{"href":"https:\/\/www.hoymercedes.com.ar\/principal\/wp-json\/wp\/v2\/posts\/11423","targetHints":{"allow":["GET"]}}],"collection":[{"href":"https:\/\/www.hoymercedes.com.ar\/principal\/wp-json\/wp\/v2\/posts"}],"about":[{"href":"https:\/\/www.hoymercedes.com.ar\/principal\/wp-json\/wp\/v2\/types\/post"}],"author":[{"embeddable":true,"href":"https:\/\/www.hoymercedes.com.ar\/principal\/wp-json\/wp\/v2\/users\/1"}],"replies":[{"embeddable":true,"href":"https:\/\/www.hoymercedes.com.ar\/principal\/wp-json\/wp\/v2\/comments?post=11423"}],"version-history":[{"count":0,"href":"https:\/\/www.hoymercedes.com.ar\/principal\/wp-json\/wp\/v2\/posts\/11423\/revisions"}],"wp:attachment":[{"href":"https:\/\/www.hoymercedes.com.ar\/principal\/wp-json\/wp\/v2\/media?parent=11423"}],"wp:term":[{"taxonomy":"category","embeddable":true,"href":"https:\/\/www.hoymercedes.com.ar\/principal\/wp-json\/wp\/v2\/categories?post=11423"},{"taxonomy":"post_tag","embeddable":true,"href":"https:\/\/www.hoymercedes.com.ar\/principal\/wp-json\/wp\/v2\/tags?post=11423"}],"curies":[{"name":"wp","href":"https:\/\/api.w.org\/{rel}","templated":true}]}}