{"id":114258,"date":"2020-07-28T20:53:05","date_gmt":"2020-07-28T23:53:05","guid":{"rendered":"http:\/\/www.hoymercedes.com.ar\/principal\/?p=114258"},"modified":"2020-07-28T16:59:48","modified_gmt":"2020-07-28T19:59:48","slug":"matias-silvestre-sumo-sus-primeros-minutos-en-mouscron","status":"publish","type":"post","link":"https:\/\/www.hoymercedes.com.ar\/principal\/2020\/07\/28\/matias-silvestre-sumo-sus-primeros-minutos-en-mouscron\/","title":{"rendered":"Mat\u00edas Silvestre sum\u00f3 sus primeros minutos en Mouscron"},"content":{"rendered":"\n<p>La temporada en B\u00e9lgica comenzar\u00e1 el 16 de agosto, momento en el que Royal Excel Mouscron visite al Anderlecht por la J\u00fapiter League. Mientras tanto, como es de costumbre, todos los equipos se encuentran de pretemporada y jugando amistosos. El nuevo equipo de Mat\u00edas Silvestre, Mouscron, jug\u00f3 este lunes su segundo amistoso (primero para el mercedino) en el que venci\u00f3 por 2 a 1 a Racing White Daring Molenbeek de la Primera B de B\u00e9lgica.<\/p>\n\n\n\n<figure class=\"wp-block-image size-large\"><img loading=\"lazy\" decoding=\"async\" width=\"1189\" height=\"669\" data-attachment-id=\"114260\" data-permalink=\"https:\/\/www.hoymercedes.com.ar\/principal\/2020\/07\/28\/matias-silvestre-sumo-sus-primeros-minutos-en-mouscron\/amistoso-mouscron-rwdn\/#main\" data-orig-file=\"https:\/\/www.hoymercedes.com.ar\/principal\/wp-content\/uploads\/2020\/07\/Amistoso-Mouscron-RWDN.jpg\" data-orig-size=\"1189,669\" data-comments-opened=\"0\" data-image-meta=\"{&quot;aperture&quot;:&quot;0&quot;,&quot;credit&quot;:&quot;&quot;,&quot;camera&quot;:&quot;&quot;,&quot;caption&quot;:&quot;&quot;,&quot;created_timestamp&quot;:&quot;0&quot;,&quot;copyright&quot;:&quot;&quot;,&quot;focal_length&quot;:&quot;0&quot;,&quot;iso&quot;:&quot;0&quot;,&quot;shutter_speed&quot;:&quot;0&quot;,&quot;title&quot;:&quot;&quot;,&quot;orientation&quot;:&quot;0&quot;}\" data-image-title=\"Amistoso-Mouscron-RWDN\" data-image-description=\"\" data-image-caption=\"\" data-large-file=\"https:\/\/www.hoymercedes.com.ar\/principal\/wp-content\/uploads\/2020\/07\/Amistoso-Mouscron-RWDN.jpg\" src=\"https:\/\/www.hoymercedes.com.ar\/principal\/wp-content\/uploads\/2020\/07\/Amistoso-Mouscron-RWDN.jpg\" alt=\"\" class=\"wp-image-114260\"\/><\/figure>\n\n\n\n<p>El ex Boca Juniors fue titular y jug\u00f3 64 minutos, momento en que fue reemplazado por Henry.  El torneo comenzar\u00e1 el 8 de agosto, pero Mouscron quedar\u00e1 libre. Luego de visitar al ex equipo de Lucas Biglia, jugar\u00e1 otra vez de visitante el 21 frente al Mechelen y ya el 29 recibir\u00e1 al Brujas.<\/p>\n","protected":false},"excerpt":{"rendered":"<p>La temporada en B\u00e9lgica comenzar\u00e1 el 16 de agosto, momento en el que Royal Excel Mouscron visite al Anderlecht por &#8230; <a title=\"Mat\u00edas Silvestre sum\u00f3 sus primeros minutos en Mouscron\" class=\"read-more\" href=\"https:\/\/www.hoymercedes.com.ar\/principal\/2020\/07\/28\/matias-silvestre-sumo-sus-primeros-minutos-en-mouscron\/\" aria-label=\"Leer m\u00e1s sobre Mat\u00edas Silvestre sum\u00f3 sus primeros minutos en Mouscron\">Leer m\u00e1s<\/a><\/p>\n","protected":false},"author":1,"featured_media":114260,"comment_status":"closed","ping_status":"open","sticky":false,"template":"","format":"standard","meta":{"_monsterinsights_skip_tracking":false,"_monsterinsights_sitenote_active":false,"_monsterinsights_sitenote_note":"","_monsterinsights_sitenote_category":0,"jetpack_post_was_ever_published":false,"_jetpack_newsletter_access":"","_jetpack_dont_email_post_to_subs":false,"_jetpack_newsletter_tier_id":0,"_jetpack_memberships_contains_paywalled_content":false,"_jetpack_memberships_contains_paid_content":false,"footnotes":"","jetpack_publicize_message":"","jetpack_publicize_feature_enabled":true,"jetpack_social_post_already_shared":true,"jetpack_social_options":{"image_generator_settings":{"template":"highway","default_image_id":0,"font":"","enabled":false},"version":2},"_wpas_customize_per_network":false},"categories":[21],"tags":[16857,753],"class_list":["post-114258","post","type-post","status-publish","format-standard","has-post-thumbnail","hentry","category-deportes","tag-belgica","tag-matias-silvestre","generate-columns","tablet-grid-50","mobile-grid-100","grid-parent","grid-50"],"jetpack_publicize_connections":[],"jetpack_featured_media_url":"https:\/\/www.hoymercedes.com.ar\/principal\/wp-content\/uploads\/2020\/07\/Amistoso-Mouscron-RWDN.jpg","wps_subtitle":"La Legi\u00f3n","jetpack_sharing_enabled":true,"_links":{"self":[{"href":"https:\/\/www.hoymercedes.com.ar\/principal\/wp-json\/wp\/v2\/posts\/114258","targetHints":{"allow":["GET"]}}],"collection":[{"href":"https:\/\/www.hoymercedes.com.ar\/principal\/wp-json\/wp\/v2\/posts"}],"about":[{"href":"https:\/\/www.hoymercedes.com.ar\/principal\/wp-json\/wp\/v2\/types\/post"}],"author":[{"embeddable":true,"href":"https:\/\/www.hoymercedes.com.ar\/principal\/wp-json\/wp\/v2\/users\/1"}],"replies":[{"embeddable":true,"href":"https:\/\/www.hoymercedes.com.ar\/principal\/wp-json\/wp\/v2\/comments?post=114258"}],"version-history":[{"count":0,"href":"https:\/\/www.hoymercedes.com.ar\/principal\/wp-json\/wp\/v2\/posts\/114258\/revisions"}],"wp:featuredmedia":[{"embeddable":true,"href":"https:\/\/www.hoymercedes.com.ar\/principal\/wp-json\/wp\/v2\/media\/114260"}],"wp:attachment":[{"href":"https:\/\/www.hoymercedes.com.ar\/principal\/wp-json\/wp\/v2\/media?parent=114258"}],"wp:term":[{"taxonomy":"category","embeddable":true,"href":"https:\/\/www.hoymercedes.com.ar\/principal\/wp-json\/wp\/v2\/categories?post=114258"},{"taxonomy":"post_tag","embeddable":true,"href":"https:\/\/www.hoymercedes.com.ar\/principal\/wp-json\/wp\/v2\/tags?post=114258"}],"curies":[{"name":"wp","href":"https:\/\/api.w.org\/{rel}","templated":true}]}}