{"id":114283,"date":"2020-07-28T22:48:45","date_gmt":"2020-07-29T01:48:45","guid":{"rendered":"http:\/\/www.hoymercedes.com.ar\/principal\/?p=114283"},"modified":"2020-07-29T13:01:00","modified_gmt":"2020-07-29T16:01:00","slug":"desinfectan-oficinas-de-ioma-mercedes","status":"publish","type":"post","link":"https:\/\/www.hoymercedes.com.ar\/principal\/2020\/07\/28\/desinfectan-oficinas-de-ioma-mercedes\/","title":{"rendered":"Desinfectan oficinas de IOMA Mercedes"},"content":{"rendered":"\n<p>Luego de conocerse que un trabajador de IOMA Mercedes es positivo de covid-19, se procedi\u00f3 a desinfectar las oficinas de calle 25 con una dispositivo que permite la eliminaci\u00f3n del virus, bacterias y g\u00e9rmenes en superficies. Asimismo, se aisl\u00f3 al personal de manera preventiva. Se espera que en los pr\u00f3ximos d\u00edas reabra la atenci\u00f3n presencial, mientras tanto, los afiliados pueden comunicarse de manera telef\u00f3nica o enviando un correo electr\u00f3nico a la regional de Saladillo. <\/p>\n\n\n\n<div class=\"wp-block-image\"><figure class=\"aligncenter size-large\"><img loading=\"lazy\" decoding=\"async\" width=\"800\" height=\"533\" data-attachment-id=\"114287\" data-permalink=\"https:\/\/www.hoymercedes.com.ar\/principal\/2020\/07\/28\/desinfectan-oficinas-de-ioma-mercedes\/whatsapp-image-2020-07-28-at-22-23-42\/#main\" data-orig-file=\"https:\/\/www.hoymercedes.com.ar\/principal\/wp-content\/uploads\/2020\/07\/WhatsApp-Image-2020-07-28-at-22.23.42.jpeg\" data-orig-size=\"800,533\" data-comments-opened=\"0\" data-image-meta=\"{&quot;aperture&quot;:&quot;0&quot;,&quot;credit&quot;:&quot;&quot;,&quot;camera&quot;:&quot;&quot;,&quot;caption&quot;:&quot;&quot;,&quot;created_timestamp&quot;:&quot;0&quot;,&quot;copyright&quot;:&quot;&quot;,&quot;focal_length&quot;:&quot;0&quot;,&quot;iso&quot;:&quot;0&quot;,&quot;shutter_speed&quot;:&quot;0&quot;,&quot;title&quot;:&quot;&quot;,&quot;orientation&quot;:&quot;0&quot;}\" data-image-title=\"WhatsApp Image 2020-07-28 at 22.23.42\" data-image-description=\"\" data-image-caption=\"\" data-large-file=\"https:\/\/www.hoymercedes.com.ar\/principal\/wp-content\/uploads\/2020\/07\/WhatsApp-Image-2020-07-28-at-22.23.42.jpeg\" src=\"https:\/\/www.hoymercedes.com.ar\/principal\/wp-content\/uploads\/2020\/07\/WhatsApp-Image-2020-07-28-at-22.23.42.jpeg\" alt=\"\" class=\"wp-image-114287\"\/><\/figure><\/div>\n\n\n\n<p>El trabajo de desinfecci\u00f3n lo llevaron adelante los Bomberos Voluntarios de Mercedes. con un ca\u00f1\u00f3n de ozono se procedi\u00f3 a la esterilizaci\u00f3n del lugar. El ca\u00f1\u00f3n de ozono se trata de un dispositivo que permite generar altas concentraciones de ese gas que, esparcido en los diferentes espacios p\u00fablicos, elimina de forma r\u00e1pida, segura y eficiente virus, bacterias y g\u00e9rmenes que pueda haber en las superficies. El gas que esparce el dispositivo se acopla a la estructura molecular del virus y lo destruye.<\/p>\n\n\n\n<p>El Jefe del Cuerpo de Bomberos Voluntarios de Mercedes, Mario Quaglia, explic\u00f3 que utilizan la misma m\u00e1quina que ellos usan para desinfectar m\u00f3viles y el cuartel. \u00abUsamos dos sistemas, un ca\u00f1\u00f3n de ozono -para ozonizar- que utilizamos bajo un cronograma semanal para el edificio, como as\u00ed tambi\u00e9n, las cabinas de lo m\u00f3viles cuando volvemos de un servicio. Y, por otro lado, tenemos el sistema de rayos UVC que trabaja por irradiaci\u00f3n, este sistema esteriliza por luz\u201d, explic\u00f3 para luego dar cuenta de que usaron el primero en las oficinas de IOMA Mercedes.<\/p>\n\n\n\n<p>Quaglia cont\u00f3 que el mismo lunes, Mat\u00edas Dematei (NdR: el titular del HCD ser\u00eda nombrado a cargo de la dependencia local de IOMA en las pr\u00f3ximas d\u00edas, faltar\u00eda la firma que oficilice su nombramiento), le solicit\u00f3 la colaboraci\u00f3n del cuerpo de Bomberos Voluntarios para la desinfecci\u00f3n ante la confirmaci\u00f3n de covid-19 en uno de los trabajadores. Es as\u00ed que, los Bomberos tuvieron acceso a las oficinas para hacer el trabajo necesario y dejar las oficinas desinfectadas para la atenci\u00f3n de los afilidos. <\/p>\n\n\n\n<p>Por su parte, IOMA Mercedes comunic\u00f3 el cierre de sus puertas por desinfecci\u00f3n a trav\u00e9s de una comunicaci\u00f3n en la puerta de su edificio, solicit\u00e1ndole a los afiliados que para consultas podr\u00edan llamar a los tel\u00e9fono 02344-451453\/452427\/451665; enviar mensaje de whatsapp a 2345498403 o enviar correo electr\u00f3nico a iomasaladillo@gmail.com \u00f3 afiliaciones.iomaregsaladillo@gmail.com Precisamente en Saladillo est\u00e1 la sede regional de la cual depende IOMA Mercedes. <\/p>\n\n\n\n<div class=\"wp-block-image\"><figure class=\"aligncenter size-large\"><img loading=\"lazy\" decoding=\"async\" width=\"800\" height=\"533\" data-attachment-id=\"114288\" data-permalink=\"https:\/\/www.hoymercedes.com.ar\/principal\/2020\/07\/28\/desinfectan-oficinas-de-ioma-mercedes\/whatsapp-image-2020-07-28-at-22-23-42-1\/#main\" data-orig-file=\"https:\/\/www.hoymercedes.com.ar\/principal\/wp-content\/uploads\/2020\/07\/WhatsApp-Image-2020-07-28-at-22.23.42-1.jpeg\" data-orig-size=\"800,533\" data-comments-opened=\"0\" data-image-meta=\"{&quot;aperture&quot;:&quot;0&quot;,&quot;credit&quot;:&quot;&quot;,&quot;camera&quot;:&quot;&quot;,&quot;caption&quot;:&quot;&quot;,&quot;created_timestamp&quot;:&quot;0&quot;,&quot;copyright&quot;:&quot;&quot;,&quot;focal_length&quot;:&quot;0&quot;,&quot;iso&quot;:&quot;0&quot;,&quot;shutter_speed&quot;:&quot;0&quot;,&quot;title&quot;:&quot;&quot;,&quot;orientation&quot;:&quot;0&quot;}\" data-image-title=\"WhatsApp Image 2020-07-28 at 22.23.42 (1)\" data-image-description=\"\" data-image-caption=\"\" data-large-file=\"https:\/\/www.hoymercedes.com.ar\/principal\/wp-content\/uploads\/2020\/07\/WhatsApp-Image-2020-07-28-at-22.23.42-1.jpeg\" src=\"https:\/\/www.hoymercedes.com.ar\/principal\/wp-content\/uploads\/2020\/07\/WhatsApp-Image-2020-07-28-at-22.23.42-1.jpeg\" alt=\"\" class=\"wp-image-114288\"\/><\/figure><\/div>\n","protected":false},"excerpt":{"rendered":"<p>Luego de conocerse que un trabajador de IOMA Mercedes es positivo de covid-19, se procedi\u00f3 a desinfectar las oficinas de &#8230; <a title=\"Desinfectan oficinas de IOMA Mercedes\" class=\"read-more\" href=\"https:\/\/www.hoymercedes.com.ar\/principal\/2020\/07\/28\/desinfectan-oficinas-de-ioma-mercedes\/\" aria-label=\"Leer m\u00e1s sobre Desinfectan oficinas de IOMA Mercedes\">Leer m\u00e1s<\/a><\/p>\n","protected":false},"author":1,"featured_media":114288,"comment_status":"closed","ping_status":"open","sticky":false,"template":"","format":"standard","meta":{"_monsterinsights_skip_tracking":false,"_monsterinsights_sitenote_active":false,"_monsterinsights_sitenote_note":"","_monsterinsights_sitenote_category":0,"jetpack_post_was_ever_published":false,"_jetpack_newsletter_access":"","_jetpack_dont_email_post_to_subs":false,"_jetpack_newsletter_tier_id":0,"_jetpack_memberships_contains_paywalled_content":false,"_jetpack_memberships_contains_paid_content":false,"footnotes":"","jetpack_publicize_message":"","jetpack_publicize_feature_enabled":true,"jetpack_social_post_already_shared":true,"jetpack_social_options":{"image_generator_settings":{"template":"highway","default_image_id":0,"font":"","enabled":false},"version":2},"_wpas_customize_per_network":false},"categories":[8],"tags":[16175,16313,16379,16891],"class_list":["post-114283","post","type-post","status-publish","format-standard","has-post-thumbnail","hentry","category-sociedad","tag-coronavirus","tag-covid-19","tag-desinfeccion","tag-ioma-mercedes","generate-columns","tablet-grid-50","mobile-grid-100","grid-parent","grid-50"],"jetpack_publicize_connections":[],"jetpack_featured_media_url":"https:\/\/www.hoymercedes.com.ar\/principal\/wp-content\/uploads\/2020\/07\/WhatsApp-Image-2020-07-28-at-22.23.42-1.jpeg","wps_subtitle":"Ante positivos de covid-19","jetpack_sharing_enabled":true,"_links":{"self":[{"href":"https:\/\/www.hoymercedes.com.ar\/principal\/wp-json\/wp\/v2\/posts\/114283","targetHints":{"allow":["GET"]}}],"collection":[{"href":"https:\/\/www.hoymercedes.com.ar\/principal\/wp-json\/wp\/v2\/posts"}],"about":[{"href":"https:\/\/www.hoymercedes.com.ar\/principal\/wp-json\/wp\/v2\/types\/post"}],"author":[{"embeddable":true,"href":"https:\/\/www.hoymercedes.com.ar\/principal\/wp-json\/wp\/v2\/users\/1"}],"replies":[{"embeddable":true,"href":"https:\/\/www.hoymercedes.com.ar\/principal\/wp-json\/wp\/v2\/comments?post=114283"}],"version-history":[{"count":0,"href":"https:\/\/www.hoymercedes.com.ar\/principal\/wp-json\/wp\/v2\/posts\/114283\/revisions"}],"wp:featuredmedia":[{"embeddable":true,"href":"https:\/\/www.hoymercedes.com.ar\/principal\/wp-json\/wp\/v2\/media\/114288"}],"wp:attachment":[{"href":"https:\/\/www.hoymercedes.com.ar\/principal\/wp-json\/wp\/v2\/media?parent=114283"}],"wp:term":[{"taxonomy":"category","embeddable":true,"href":"https:\/\/www.hoymercedes.com.ar\/principal\/wp-json\/wp\/v2\/categories?post=114283"},{"taxonomy":"post_tag","embeddable":true,"href":"https:\/\/www.hoymercedes.com.ar\/principal\/wp-json\/wp\/v2\/tags?post=114283"}],"curies":[{"name":"wp","href":"https:\/\/api.w.org\/{rel}","templated":true}]}}