{"id":114303,"date":"2020-07-29T09:40:00","date_gmt":"2020-07-29T12:40:00","guid":{"rendered":"http:\/\/www.hoymercedes.com.ar\/principal\/?p=114303"},"modified":"2020-07-29T12:59:02","modified_gmt":"2020-07-29T15:59:02","slug":"ultima-etapa-de-la-vacunacion-contra-la-gripe","status":"publish","type":"post","link":"https:\/\/www.hoymercedes.com.ar\/principal\/2020\/07\/29\/ultima-etapa-de-la-vacunacion-contra-la-gripe\/","title":{"rendered":"\u00daltima etapa de la vacunaci\u00f3n contra la gripe"},"content":{"rendered":"\n<p>Desde PAMI Mercedes informaron que el jueves 30 y el viernes 31 de julio llevar\u00e1n adelante la \u00faltima etapa de vacunaci\u00f3n, abierta para afiliados o no de la obra social de jubilados y pensionados de naci\u00f3n. Anunciaron que el jueves 30, desde las 10, estar\u00e1n en la avenida 29, entre 22 y 24, frente al Banco Provincia; en tanto, el viernes 31 de julio, la vacunaci\u00f3n ser\u00e1 de 13 a 17 horas en el barrio Unidad y Progreso, calle 26 esquina 55. . <\/p>\n","protected":false},"excerpt":{"rendered":"<p>Desde PAMI Mercedes informaron que el jueves 30 y el viernes 31 de julio llevar\u00e1n adelante la \u00faltima etapa de &#8230; <a title=\"\u00daltima etapa de la vacunaci\u00f3n contra la gripe\" class=\"read-more\" href=\"https:\/\/www.hoymercedes.com.ar\/principal\/2020\/07\/29\/ultima-etapa-de-la-vacunacion-contra-la-gripe\/\" aria-label=\"Leer m\u00e1s sobre \u00daltima etapa de la vacunaci\u00f3n contra la gripe\">Leer m\u00e1s<\/a><\/p>\n","protected":false},"author":1,"featured_media":75264,"comment_status":"closed","ping_status":"open","sticky":false,"template":"","format":"standard","meta":{"_monsterinsights_skip_tracking":false,"_monsterinsights_sitenote_active":false,"_monsterinsights_sitenote_note":"","_monsterinsights_sitenote_category":0,"jetpack_post_was_ever_published":false,"_jetpack_newsletter_access":"","_jetpack_dont_email_post_to_subs":false,"_jetpack_newsletter_tier_id":0,"_jetpack_memberships_contains_paywalled_content":false,"_jetpack_memberships_contains_paid_content":false,"footnotes":"","jetpack_publicize_message":"","jetpack_publicize_feature_enabled":true,"jetpack_social_post_already_shared":false,"jetpack_social_options":{"image_generator_settings":{"template":"highway","default_image_id":0,"font":"","enabled":false},"version":2},"_wpas_customize_per_network":false},"categories":[9791],"tags":[2781,13011],"class_list":["post-114303","post","type-post","status-publish","format-standard","has-post-thumbnail","hentry","category-salud","tag-pami","tag-vacunacion-antigripal","generate-columns","tablet-grid-50","mobile-grid-100","grid-parent","grid-50"],"jetpack_publicize_connections":[],"jetpack_featured_media_url":"https:\/\/www.hoymercedes.com.ar\/principal\/wp-content\/uploads\/2018\/05\/02-logo_pami.png","wps_subtitle":"Antigripales","jetpack_sharing_enabled":true,"_links":{"self":[{"href":"https:\/\/www.hoymercedes.com.ar\/principal\/wp-json\/wp\/v2\/posts\/114303","targetHints":{"allow":["GET"]}}],"collection":[{"href":"https:\/\/www.hoymercedes.com.ar\/principal\/wp-json\/wp\/v2\/posts"}],"about":[{"href":"https:\/\/www.hoymercedes.com.ar\/principal\/wp-json\/wp\/v2\/types\/post"}],"author":[{"embeddable":true,"href":"https:\/\/www.hoymercedes.com.ar\/principal\/wp-json\/wp\/v2\/users\/1"}],"replies":[{"embeddable":true,"href":"https:\/\/www.hoymercedes.com.ar\/principal\/wp-json\/wp\/v2\/comments?post=114303"}],"version-history":[{"count":0,"href":"https:\/\/www.hoymercedes.com.ar\/principal\/wp-json\/wp\/v2\/posts\/114303\/revisions"}],"wp:featuredmedia":[{"embeddable":true,"href":"https:\/\/www.hoymercedes.com.ar\/principal\/wp-json\/wp\/v2\/media\/75264"}],"wp:attachment":[{"href":"https:\/\/www.hoymercedes.com.ar\/principal\/wp-json\/wp\/v2\/media?parent=114303"}],"wp:term":[{"taxonomy":"category","embeddable":true,"href":"https:\/\/www.hoymercedes.com.ar\/principal\/wp-json\/wp\/v2\/categories?post=114303"},{"taxonomy":"post_tag","embeddable":true,"href":"https:\/\/www.hoymercedes.com.ar\/principal\/wp-json\/wp\/v2\/tags?post=114303"}],"curies":[{"name":"wp","href":"https:\/\/api.w.org\/{rel}","templated":true}]}}