{"id":114332,"date":"2020-07-30T07:25:00","date_gmt":"2020-07-30T10:25:00","guid":{"rendered":"http:\/\/www.hoymercedes.com.ar\/principal\/?p=114332"},"modified":"2020-07-30T08:59:55","modified_gmt":"2020-07-30T11:59:55","slug":"municipipo-de-mercedes-firma-convenio-con-ministro-arroyo","status":"publish","type":"post","link":"https:\/\/www.hoymercedes.com.ar\/principal\/2020\/07\/30\/municipipo-de-mercedes-firma-convenio-con-ministro-arroyo\/","title":{"rendered":"Municipipo de Mercedes firma convenio con Ministro Arroyo"},"content":{"rendered":"\n<p>El intendente Ustarroz recibi\u00f3 y firm\u00f3 convenio con el ministro de Desarrollo Social de la naci\u00f3n, Daniel Arroyo. Se busca potencial acciones de gesti\u00f3n y articulaci\u00f3n de pol\u00edticas de Estado. Tras la r\u00fabrica visitaron la iglesia San Jos\u00e9. \u201cEs muy importante recibir el acompa\u00f1amiento permanente y sistem\u00e1tico por parte del Estado Nacional y Provincial\u201d, afirm\u00f3 el jefe comunal.<\/p>\n\n\n\n<div class=\"wp-block-image\"><figure class=\"aligncenter size-large\"><img loading=\"lazy\" decoding=\"async\" width=\"800\" height=\"533\" data-attachment-id=\"114333\" data-permalink=\"https:\/\/www.hoymercedes.com.ar\/principal\/2020\/07\/30\/municipipo-de-mercedes-firma-convenio-con-ministro-arroyo\/dsc05690\/#main\" data-orig-file=\"https:\/\/www.hoymercedes.com.ar\/principal\/wp-content\/uploads\/2020\/07\/DSC05690.jpg\" data-orig-size=\"800,533\" data-comments-opened=\"0\" data-image-meta=\"{&quot;aperture&quot;:&quot;0&quot;,&quot;credit&quot;:&quot;&quot;,&quot;camera&quot;:&quot;&quot;,&quot;caption&quot;:&quot;&quot;,&quot;created_timestamp&quot;:&quot;0&quot;,&quot;copyright&quot;:&quot;&quot;,&quot;focal_length&quot;:&quot;0&quot;,&quot;iso&quot;:&quot;0&quot;,&quot;shutter_speed&quot;:&quot;0&quot;,&quot;title&quot;:&quot;&quot;,&quot;orientation&quot;:&quot;0&quot;}\" data-image-title=\"30 muni desarr arroyo\" data-image-description=\"\" data-image-caption=\"\" data-large-file=\"https:\/\/www.hoymercedes.com.ar\/principal\/wp-content\/uploads\/2020\/07\/DSC05690.jpg\" src=\"https:\/\/www.hoymercedes.com.ar\/principal\/wp-content\/uploads\/2020\/07\/DSC05690.jpg\" alt=\"\" class=\"wp-image-114333\"\/><\/figure><\/div>\n\n\n\n<p>El intendente tambi\u00e9n coment\u00f3 que \u201choy en concreto estamos firmando convenios que nos van a permitir potenciar el trabajo que vienen realizando las cooperativas. Nosotros tuvimos una realidad, que durante mucho tiempo el Municipio se hizo cargo de solventar todos los recursos para que las y los cooperativistas pudieran realizar su trabajo\u201d y ahond\u00f3 \u201centonces esta inyecci\u00f3n econ\u00f3mica y de acompa\u00f1amiento por parte del Estado realmente va a representar para toda la comunidad un claro avance en cuanto a peque\u00f1as obras, como as\u00ed tambi\u00e9n potenciar los emprendimientos de los trabajadores que est\u00e1n en el marco de las cooperativas\u201d.<\/p>\n\n\n\n<p>Por otro lado, Ustarroz apunt\u00f3 \u201ctodo lo que tiene que ver con el \u201cprograma Invierno\u201d, nosotros ven\u00edamos realizando durante varios a\u00f1os este programa y ahora podremos potenciarlos con el acompa\u00f1amiento del Estado Nacional lo cual es muy importante\u201d y a su vez celebr\u00f3 \u201clas pol\u00edticas que tienen como prioridad el hambre, acciones que asistan a nuestra gente, por ejemplo, hoy vemos el impacto positivo que tiene la tarjeta Alimentar, la forma eficiente, honesta y transparente de asignaci\u00f3n de recursos\u201d.<\/p>\n\n\n\n<p>Conjuntamente, el intendente Ustarroz manifest\u00f3 \u201ctambi\u00e9n vemos todo este trabajo mancomunado que hace todo el Ministerio y el Estado, pensando en este presente de pandemia pero tambi\u00e9n proyectando lo que vendr\u00e1, algo que nos resulta muy alentador porque nos marca un horizonte, nos da una luz importante para llevar tranquilidad, confianza y unidad a nuestro pueblo\u201d y agreg\u00f3 \u201cse est\u00e1n crenado las condiciones para salir de este momento, y tambi\u00e9n en ese sentido, agradecer la recepci\u00f3n de las diferentes propuestas que hemos efectuado desde el Municipio de Mercedes\u201d.<\/p>\n\n\n\n<p>\u201cMuchas gracias por este acompa\u00f1amiento al pueblo de Mercedes que tanto lo necesita\u201d subray\u00f3 el intendente Ustarroz.<\/p>\n\n\n\n<p>Estuvo presente qui\u00e9n articula constantemente con el \u00e1rea, la secretaria de desarrollo social, Lic. Jorgelina Silva y el jefe de gabinete, Pablo L\u00f3pez Baggio. Por parte del ministerio tambi\u00e9n el sub secretario de asistencia cr\u00edtica, Gustavo Aguilera.<\/p>\n\n\n\n<p>Por su parte, el ministro de desarrollo Daniel Arroyo declar\u00f3 \u201cpara m\u00ed es gusto venir, yo vengo a aprender a Mercedes, creo mucho en la gesti\u00f3n que est\u00e1 llevando adelante el intendente Ustarroz, claramente es un modelo de gesti\u00f3n social porque integra a trav\u00e9s de viviendas, con los ni\u00f1os por medio del programa primeros Mil D\u00edas, con pol\u00edticas vinculadas al trabajo, obras, para m\u00ed es un honor y admiro, repito, la gesti\u00f3n que se viene haciendo en Mercedes\u201d.<\/p>\n\n\n\n<p>\u201cTengo claro que es un modelo que tenemos que llevar a delante en varios lugares del pa\u00eds\u201d subray\u00f3 el Ministro Arroyo y a\u00f1adi\u00f3 \u201cde verdad lo que estamos haciendo hoy es sumamente significativo, lo que estamos poniendo en marcha hoy es la pol\u00edtica post pandemia\u201d.<\/p>\n\n\n\n<p>\u201cQueremos generar trabajo a trav\u00e9s de la construcci\u00f3n -construcci\u00f3n y mejoramiento de vivienda- nosotros vemos potencial en esto, como as\u00ed tambi\u00e9n, en la producci\u00f3n de alimento, textil, en el cuidado de personas y el reciclado. Es decir, en estos cinco (5) sectores vemos mano de obra intensiva\u201d recalc\u00f3 Ministerio de Desarrollo Social y ampli\u00f3 \u201cesto de potenciar trabajo tiene que ver con vincular personas que tienen planes sociales con trabajo, armar un fondo -convenio por m\u00e1s de diecinueve (19) millones de pesos- para la compra de m\u00e1quinas y herramientas para que accedan a estos insumos de trabajo y as\u00ed realizar una labor\u201d.<\/p>\n\n\n\n<p>\u201cLo que estamos haciendo hoy en Mercedes es poner en marcha la salida, la reconstrucci\u00f3n que viene de abajo hacia arriba, algo que comenzar\u00e1 a mover la econom\u00eda\u201d remarc\u00f3 Daniel Arroyo.<\/p>\n\n\n\n<p>Por otro lado, el Ministro de Desarrollo cont\u00f3 \u201cahora vamos a ir a una iglesia con el operativo fr\u00edo, esto que ya lo viene haciendo el municipio y que nosotros acompa\u00f1amos con camperas, frazadas, estufas etc, es decir, con todo lo que tiene que ver paliar las inclemencias clim\u00e1ticas\u201d destac\u00f3 \u201ces muy buena la pol\u00edtica social que viene llevando adelante el Municipio de Mercedes y nosotros venimos a acompa\u00f1ar, a mejorar en el mejoramiento de viviendas, a ayudar al programa Primeros Mil D\u00edas, a fortalecer la pol\u00edtica alimentaria que est\u00e1n haciendo, a potenciar el trabajo y las cooperativas que ya vienen llevando adelante, la pol\u00edtica de tierra y vivienda\u201d.<\/p>\n\n\n\n<p>Finalmente, el Ministro de Desarrollo Daniel Arroyo dijo \u201cnosotros queremos decirles a todos que esto se reconstruye de abajo hacia arriba, estamos generando condiciones de trabajo, esto es reconstruir la Argentina\u201d.&nbsp;<\/p>\n\n\n\n<p>En la Parroquia San Jos\u00e9 el padre Hern\u00e1n, quien adem\u00e1s es parte en representaci\u00f3n de las iglesias cat\u00f3licas del Comit\u00e9 de Crisis, escucharon las distintas reflexiones, opiniones y realidades que el p\u00e1rroco expres\u00f3, como as\u00ed tambi\u00e9n detalles del trabajo que junto a su comunidad realiza apoyando, conteniendo y asistiendo a los vecinos y vecinas.<\/p>\n\n\n\n<p>Por Prensa Municipal<\/p>\n","protected":false},"excerpt":{"rendered":"<p>El intendente Ustarroz recibi\u00f3 y firm\u00f3 convenio con el ministro de Desarrollo Social de la naci\u00f3n, Daniel Arroyo. Se busca &#8230; <a title=\"Municipipo de Mercedes firma convenio con Ministro Arroyo\" class=\"read-more\" href=\"https:\/\/www.hoymercedes.com.ar\/principal\/2020\/07\/30\/municipipo-de-mercedes-firma-convenio-con-ministro-arroyo\/\" aria-label=\"Leer m\u00e1s sobre Municipipo de Mercedes firma convenio con Ministro Arroyo\">Leer m\u00e1s<\/a><\/p>\n","protected":false},"author":1,"featured_media":114333,"comment_status":"closed","ping_status":"open","sticky":false,"template":"","format":"standard","meta":{"_monsterinsights_skip_tracking":false,"_monsterinsights_sitenote_active":false,"_monsterinsights_sitenote_note":"","_monsterinsights_sitenote_category":0,"jetpack_post_was_ever_published":false,"_jetpack_newsletter_access":"","_jetpack_dont_email_post_to_subs":false,"_jetpack_newsletter_tier_id":0,"_jetpack_memberships_contains_paywalled_content":false,"_jetpack_memberships_contains_paid_content":false,"footnotes":"","jetpack_publicize_message":"","jetpack_publicize_feature_enabled":true,"jetpack_social_post_already_shared":false,"jetpack_social_options":{"image_generator_settings":{"template":"highway","default_image_id":0,"font":"","enabled":false},"version":2},"_wpas_customize_per_network":false},"categories":[30],"tags":[],"class_list":["post-114332","post","type-post","status-publish","format-standard","has-post-thumbnail","hentry","category-municipio","generate-columns","tablet-grid-50","mobile-grid-100","grid-parent","grid-50"],"jetpack_publicize_connections":[],"jetpack_featured_media_url":"https:\/\/www.hoymercedes.com.ar\/principal\/wp-content\/uploads\/2020\/07\/DSC05690.jpg","wps_subtitle":"","jetpack_sharing_enabled":true,"_links":{"self":[{"href":"https:\/\/www.hoymercedes.com.ar\/principal\/wp-json\/wp\/v2\/posts\/114332","targetHints":{"allow":["GET"]}}],"collection":[{"href":"https:\/\/www.hoymercedes.com.ar\/principal\/wp-json\/wp\/v2\/posts"}],"about":[{"href":"https:\/\/www.hoymercedes.com.ar\/principal\/wp-json\/wp\/v2\/types\/post"}],"author":[{"embeddable":true,"href":"https:\/\/www.hoymercedes.com.ar\/principal\/wp-json\/wp\/v2\/users\/1"}],"replies":[{"embeddable":true,"href":"https:\/\/www.hoymercedes.com.ar\/principal\/wp-json\/wp\/v2\/comments?post=114332"}],"version-history":[{"count":0,"href":"https:\/\/www.hoymercedes.com.ar\/principal\/wp-json\/wp\/v2\/posts\/114332\/revisions"}],"wp:featuredmedia":[{"embeddable":true,"href":"https:\/\/www.hoymercedes.com.ar\/principal\/wp-json\/wp\/v2\/media\/114333"}],"wp:attachment":[{"href":"https:\/\/www.hoymercedes.com.ar\/principal\/wp-json\/wp\/v2\/media?parent=114332"}],"wp:term":[{"taxonomy":"category","embeddable":true,"href":"https:\/\/www.hoymercedes.com.ar\/principal\/wp-json\/wp\/v2\/categories?post=114332"},{"taxonomy":"post_tag","embeddable":true,"href":"https:\/\/www.hoymercedes.com.ar\/principal\/wp-json\/wp\/v2\/tags?post=114332"}],"curies":[{"name":"wp","href":"https:\/\/api.w.org\/{rel}","templated":true}]}}