{"id":114384,"date":"2020-07-31T11:05:00","date_gmt":"2020-07-31T14:05:00","guid":{"rendered":"http:\/\/www.hoymercedes.com.ar\/principal\/?p=114384"},"modified":"2020-07-31T11:15:20","modified_gmt":"2020-07-31T14:15:20","slug":"profesores-de-deportes-de-la-municipalidad-realizan-tareas-en-los-jardines-maternales","status":"publish","type":"post","link":"https:\/\/www.hoymercedes.com.ar\/principal\/2020\/07\/31\/profesores-de-deportes-de-la-municipalidad-realizan-tareas-en-los-jardines-maternales\/","title":{"rendered":"Profesores de Deportes de la Municipalidad realizan tareas en los jardines maternales"},"content":{"rendered":"\n<p>Desde la Direcci\u00f3n de Deportes Municipal, en un trabajo en conjunto con el Consejo Escolar, se lanz\u00f3 una campa\u00f1a solidaria que tiene como objetivo embellecer los jardines maternales municipales. De esta manera, mientras se espera el retorno de los ni\u00f1os y ni\u00f1as a las instituciones educativas, los profesores de educaci\u00f3n f\u00edsica est\u00e1n pintando parte de los jardines.<\/p>\n\n\n\n<div class=\"wp-block-image\"><figure class=\"aligncenter size-large\"><img loading=\"lazy\" decoding=\"async\" width=\"492\" height=\"1040\" data-attachment-id=\"114385\" data-permalink=\"https:\/\/www.hoymercedes.com.ar\/principal\/2020\/07\/31\/profesores-de-deportes-de-la-municipalidad-realizan-tareas-en-los-jardines-maternales\/d2\/#main\" data-orig-file=\"https:\/\/www.hoymercedes.com.ar\/principal\/wp-content\/uploads\/2020\/07\/D2.jpeg\" data-orig-size=\"492,1040\" data-comments-opened=\"0\" data-image-meta=\"{&quot;aperture&quot;:&quot;0&quot;,&quot;credit&quot;:&quot;&quot;,&quot;camera&quot;:&quot;&quot;,&quot;caption&quot;:&quot;&quot;,&quot;created_timestamp&quot;:&quot;0&quot;,&quot;copyright&quot;:&quot;&quot;,&quot;focal_length&quot;:&quot;0&quot;,&quot;iso&quot;:&quot;0&quot;,&quot;shutter_speed&quot;:&quot;0&quot;,&quot;title&quot;:&quot;&quot;,&quot;orientation&quot;:&quot;0&quot;}\" data-image-title=\"D2\" data-image-description=\"\" data-image-caption=\"\" data-large-file=\"https:\/\/www.hoymercedes.com.ar\/principal\/wp-content\/uploads\/2020\/07\/D2.jpeg\" src=\"https:\/\/www.hoymercedes.com.ar\/principal\/wp-content\/uploads\/2020\/07\/D2.jpeg\" alt=\"\" class=\"wp-image-114385\"\/><\/figure><\/div>\n\n\n\n<p>Esteban Casta\u00f1ares, profesor de educaci\u00f3n f\u00edsica cont\u00f3 \u201cdebido a la pandemia, lamentablemente el \u00e1rea deportiva est\u00e1 afectada, por eso arrancamos con esta iniciativa de pintar juegos motrices en los jardines maternales municipales\u201d y agreg\u00f3 \u201ccomenzamos ayer en el jard\u00edn maternal municipal N\u00b01, continuamos con el 2 y terminamos con el 3\u201d.<\/p>\n\n\n\n<p>En este sentido, destac\u00f3 \u201csi bien los jardines maternales tienen de todo -no les falta nada- est\u00e1n impecables, les sumamos esta propuesta de pintar los juegos motrices para mantenerlos a punto\u201d.<\/p>\n\n\n\n<p>\u201cYa ven\u00edamos d\u00e1ndole una mano al Consejo Escolar con \u201cJosi\u201d Pisano, ahora surgi\u00f3 este los proyecto de pintar los jardines que lo pensamos en conjunto con todos los profes. Esto lo hacemos tomando todos los recaudos sanitarios correspondientes\u201d apunt\u00f3 Casta\u00f1ares y se\u00f1al\u00f3 \u201cestamos yendo de a seis (6) o siete (7) profesores para poder respetar el protocolo de distanciamiento\u201d.<\/p>\n\n\n\n<p>Conjuntamente, Esteban Casta\u00f1ares, profesor de educaci\u00f3n f\u00edsica apunt\u00f3 \u201csiempre estamos tratando de ayudar a las instituciones p\u00fablicas, intentando hacer la mayor cantidad de actividades posibles en estas \u00e9pocas que nos tocan vivir\u201d.\u00a0\u00a0<\/p>\n\n\n\n<div class=\"wp-block-image\"><figure class=\"aligncenter size-large\"><img loading=\"lazy\" decoding=\"async\" width=\"640\" height=\"648\" data-attachment-id=\"114387\" data-permalink=\"https:\/\/www.hoymercedes.com.ar\/principal\/2020\/07\/31\/profesores-de-deportes-de-la-municipalidad-realizan-tareas-en-los-jardines-maternales\/juegos-1\/#main\" data-orig-file=\"https:\/\/www.hoymercedes.com.ar\/principal\/wp-content\/uploads\/2020\/07\/juegos-1.jpg\" data-orig-size=\"640,648\" data-comments-opened=\"0\" data-image-meta=\"{&quot;aperture&quot;:&quot;0&quot;,&quot;credit&quot;:&quot;&quot;,&quot;camera&quot;:&quot;&quot;,&quot;caption&quot;:&quot;&quot;,&quot;created_timestamp&quot;:&quot;0&quot;,&quot;copyright&quot;:&quot;&quot;,&quot;focal_length&quot;:&quot;0&quot;,&quot;iso&quot;:&quot;0&quot;,&quot;shutter_speed&quot;:&quot;0&quot;,&quot;title&quot;:&quot;&quot;,&quot;orientation&quot;:&quot;0&quot;}\" data-image-title=\"juegos-1\" data-image-description=\"\" data-image-caption=\"\" data-large-file=\"https:\/\/www.hoymercedes.com.ar\/principal\/wp-content\/uploads\/2020\/07\/juegos-1.jpg\" src=\"https:\/\/www.hoymercedes.com.ar\/principal\/wp-content\/uploads\/2020\/07\/juegos-1.jpg\" alt=\"\" class=\"wp-image-114387\"\/><\/figure><\/div>\n\n\n\n<p>\u00a0\u00a0<\/p>\n","protected":false},"excerpt":{"rendered":"<p>Desde la Direcci\u00f3n de Deportes Municipal, en un trabajo en conjunto con el Consejo Escolar, se lanz\u00f3 una campa\u00f1a solidaria &#8230; <a title=\"Profesores de Deportes de la Municipalidad realizan tareas en los jardines maternales\" class=\"read-more\" href=\"https:\/\/www.hoymercedes.com.ar\/principal\/2020\/07\/31\/profesores-de-deportes-de-la-municipalidad-realizan-tareas-en-los-jardines-maternales\/\" aria-label=\"Leer m\u00e1s sobre Profesores de Deportes de la Municipalidad realizan tareas en los jardines maternales\">Leer m\u00e1s<\/a><\/p>\n","protected":false},"author":1,"featured_media":114386,"comment_status":"closed","ping_status":"open","sticky":false,"template":"","format":"standard","meta":{"_monsterinsights_skip_tracking":false,"_monsterinsights_sitenote_active":false,"_monsterinsights_sitenote_note":"","_monsterinsights_sitenote_category":0,"jetpack_post_was_ever_published":false,"_jetpack_newsletter_access":"","_jetpack_dont_email_post_to_subs":false,"_jetpack_newsletter_tier_id":0,"_jetpack_memberships_contains_paywalled_content":false,"_jetpack_memberships_contains_paid_content":false,"footnotes":"","jetpack_publicize_message":"","jetpack_publicize_feature_enabled":true,"jetpack_social_post_already_shared":true,"jetpack_social_options":{"image_generator_settings":{"template":"highway","default_image_id":0,"font":"","enabled":false},"version":2},"_wpas_customize_per_network":false},"categories":[21],"tags":[16175,16903],"class_list":["post-114384","post","type-post","status-publish","format-standard","has-post-thumbnail","hentry","category-deportes","tag-coronavirus","tag-municiaplidad","generate-columns","tablet-grid-50","mobile-grid-100","grid-parent","grid-50"],"jetpack_publicize_connections":[],"jetpack_featured_media_url":"https:\/\/www.hoymercedes.com.ar\/principal\/wp-content\/uploads\/2020\/07\/juegos.jpg","wps_subtitle":"Direcci\u00f3n de Deportes","jetpack_sharing_enabled":true,"_links":{"self":[{"href":"https:\/\/www.hoymercedes.com.ar\/principal\/wp-json\/wp\/v2\/posts\/114384","targetHints":{"allow":["GET"]}}],"collection":[{"href":"https:\/\/www.hoymercedes.com.ar\/principal\/wp-json\/wp\/v2\/posts"}],"about":[{"href":"https:\/\/www.hoymercedes.com.ar\/principal\/wp-json\/wp\/v2\/types\/post"}],"author":[{"embeddable":true,"href":"https:\/\/www.hoymercedes.com.ar\/principal\/wp-json\/wp\/v2\/users\/1"}],"replies":[{"embeddable":true,"href":"https:\/\/www.hoymercedes.com.ar\/principal\/wp-json\/wp\/v2\/comments?post=114384"}],"version-history":[{"count":0,"href":"https:\/\/www.hoymercedes.com.ar\/principal\/wp-json\/wp\/v2\/posts\/114384\/revisions"}],"wp:featuredmedia":[{"embeddable":true,"href":"https:\/\/www.hoymercedes.com.ar\/principal\/wp-json\/wp\/v2\/media\/114386"}],"wp:attachment":[{"href":"https:\/\/www.hoymercedes.com.ar\/principal\/wp-json\/wp\/v2\/media?parent=114384"}],"wp:term":[{"taxonomy":"category","embeddable":true,"href":"https:\/\/www.hoymercedes.com.ar\/principal\/wp-json\/wp\/v2\/categories?post=114384"},{"taxonomy":"post_tag","embeddable":true,"href":"https:\/\/www.hoymercedes.com.ar\/principal\/wp-json\/wp\/v2\/tags?post=114384"}],"curies":[{"name":"wp","href":"https:\/\/api.w.org\/{rel}","templated":true}]}}