{"id":114391,"date":"2020-07-31T13:38:35","date_gmt":"2020-07-31T16:38:35","guid":{"rendered":"http:\/\/www.hoymercedes.com.ar\/principal\/?p=114391"},"modified":"2020-07-31T13:38:37","modified_gmt":"2020-07-31T16:38:37","slug":"francisco-viola-y-martin-gioscio-volvieron-a-ascender-en-el-torneo-chesscovid","status":"publish","type":"post","link":"https:\/\/www.hoymercedes.com.ar\/principal\/2020\/07\/31\/francisco-viola-y-martin-gioscio-volvieron-a-ascender-en-el-torneo-chesscovid\/","title":{"rendered":"Francisco Viola y Mart\u00edn Gioscio volvieron a ascender en el torneo Chesscovid"},"content":{"rendered":"\n<p>Se realiz\u00f3 este mi\u00e9rcoles 29 una nueva batalla por equipos de ajedrez denominada Chesscovid, torneo en el que varias instituciones participan en grupos de 9, donde tres consiguen un ascenso y otros tres un descenso, mientras que los tres restantes, se mantienen en el grupo. Luego de haber subido al Grupo E, los mercedinos Francisco Viola y Mart\u00edn Gioscio, que representan al C\u00edrculo de Escobar, volvieron a lograr el objetivo y el mi\u00e9rcoles que viene participar\u00e1n en la D.<\/p>\n\n\n\n<div class=\"wp-block-image\"><figure class=\"aligncenter size-large\"><img loading=\"lazy\" decoding=\"async\" width=\"767\" height=\"767\" data-attachment-id=\"114396\" data-permalink=\"https:\/\/www.hoymercedes.com.ar\/principal\/2020\/07\/31\/francisco-viola-y-martin-gioscio-volvieron-a-ascender-en-el-torneo-chesscovid\/martin-gioscio-1\/#main\" data-orig-file=\"https:\/\/www.hoymercedes.com.ar\/principal\/wp-content\/uploads\/2020\/07\/Martin-Gioscio-1.jpg\" data-orig-size=\"767,767\" data-comments-opened=\"0\" data-image-meta=\"{&quot;aperture&quot;:&quot;0&quot;,&quot;credit&quot;:&quot;&quot;,&quot;camera&quot;:&quot;&quot;,&quot;caption&quot;:&quot;&quot;,&quot;created_timestamp&quot;:&quot;0&quot;,&quot;copyright&quot;:&quot;&quot;,&quot;focal_length&quot;:&quot;0&quot;,&quot;iso&quot;:&quot;0&quot;,&quot;shutter_speed&quot;:&quot;0&quot;,&quot;title&quot;:&quot;&quot;,&quot;orientation&quot;:&quot;0&quot;}\" data-image-title=\"Martin-Gioscio-1\" data-image-description=\"\" data-image-caption=\"\" data-large-file=\"https:\/\/www.hoymercedes.com.ar\/principal\/wp-content\/uploads\/2020\/07\/Martin-Gioscio-1.jpg\" src=\"https:\/\/www.hoymercedes.com.ar\/principal\/wp-content\/uploads\/2020\/07\/Martin-Gioscio-1.jpg\" alt=\"\" class=\"wp-image-114396\"\/><\/figure><\/div>\n\n\n\n<p>Escobar jug\u00f3 ante Parque Rivadavia (CABA), APSEE (Asociaci\u00f3n Empresas de Energ\u00eda), Circulo de Ajedrez Monte Caseros (Corrientes), Racing Club (Avellaneda), UNTREF (Universidad de tres de Febrero), Club Posadas (Misiones), Club Atl\u00e9tico Independiente (Avellaneda), Liga Chaque\u00f1a, Club 64 (Tucuman).<\/p>\n\n\n\n<p>Gioscio sum\u00f3 22 puntos y Francisco Viola 19 y eso ayud\u00f3 a que Escobar fue el l\u00edder del E con 193 puntos y ascendiera al D. Los otros dos equipos que tambi\u00e9n lograron el ascenso completando el podio fueron: Parque Rivadavia 180 puntos (segundo puesto) y APSEE 163 puntos (tercer puesto).<\/p>\n\n\n\n<figure class=\"wp-block-image size-large\"><img loading=\"lazy\" decoding=\"async\" width=\"960\" height=\"960\" data-attachment-id=\"113518\" data-permalink=\"https:\/\/www.hoymercedes.com.ar\/principal\/2020\/07\/13\/francisco-viola-a-un-paso-de-quedarse-con-el-titulo-de-la-unlz\/francisco-viola-universidad-de-lomas-de-zamora-ajedrez\/#main\" data-orig-file=\"https:\/\/www.hoymercedes.com.ar\/principal\/wp-content\/uploads\/2020\/07\/Francisco-Viola-Universidad-de-Lomas-de-Zamora-Ajedrez.jpg\" data-orig-size=\"960,960\" data-comments-opened=\"0\" data-image-meta=\"{&quot;aperture&quot;:&quot;0&quot;,&quot;credit&quot;:&quot;&quot;,&quot;camera&quot;:&quot;&quot;,&quot;caption&quot;:&quot;&quot;,&quot;created_timestamp&quot;:&quot;0&quot;,&quot;copyright&quot;:&quot;&quot;,&quot;focal_length&quot;:&quot;0&quot;,&quot;iso&quot;:&quot;0&quot;,&quot;shutter_speed&quot;:&quot;0&quot;,&quot;title&quot;:&quot;&quot;,&quot;orientation&quot;:&quot;0&quot;}\" data-image-title=\"Francisco-Viola-Universidad-de-Lomas-de-Zamora-Ajedrez\" data-image-description=\"\" data-image-caption=\"\" data-large-file=\"https:\/\/www.hoymercedes.com.ar\/principal\/wp-content\/uploads\/2020\/07\/Francisco-Viola-Universidad-de-Lomas-de-Zamora-Ajedrez.jpg\" src=\"https:\/\/www.hoymercedes.com.ar\/principal\/wp-content\/uploads\/2020\/07\/Francisco-Viola-Universidad-de-Lomas-de-Zamora-Ajedrez.jpg\" alt=\"\" class=\"wp-image-113518\"\/><\/figure>\n\n\n\n<p>El pr\u00f3ximo mi\u00e9rcoles se vendr\u00e1 un duro desafio en el grupo D ya que a partir de este grupo,los ascensos pasan de ser tres a ser dos, por ende al quitar una plaza har\u00e1 que la categor\u00eda sea m\u00e1s dif\u00edcil de lo normal.<\/p>\n","protected":false},"excerpt":{"rendered":"<p>Se realiz\u00f3 este mi\u00e9rcoles 29 una nueva batalla por equipos de ajedrez denominada Chesscovid, torneo en el que varias instituciones &#8230; <a title=\"Francisco Viola y Mart\u00edn Gioscio volvieron a ascender en el torneo Chesscovid\" class=\"read-more\" href=\"https:\/\/www.hoymercedes.com.ar\/principal\/2020\/07\/31\/francisco-viola-y-martin-gioscio-volvieron-a-ascender-en-el-torneo-chesscovid\/\" aria-label=\"Leer m\u00e1s sobre Francisco Viola y Mart\u00edn Gioscio volvieron a ascender en el torneo Chesscovid\">Leer m\u00e1s<\/a><\/p>\n","protected":false},"author":1,"featured_media":114395,"comment_status":"closed","ping_status":"open","sticky":false,"template":"","format":"standard","meta":{"_monsterinsights_skip_tracking":false,"_monsterinsights_sitenote_active":false,"_monsterinsights_sitenote_note":"","_monsterinsights_sitenote_category":0,"jetpack_post_was_ever_published":false,"_jetpack_newsletter_access":"","_jetpack_dont_email_post_to_subs":false,"_jetpack_newsletter_tier_id":0,"_jetpack_memberships_contains_paywalled_content":false,"_jetpack_memberships_contains_paid_content":false,"footnotes":"","jetpack_publicize_message":"","jetpack_publicize_feature_enabled":true,"jetpack_social_post_already_shared":true,"jetpack_social_options":{"image_generator_settings":{"template":"highway","default_image_id":0,"font":"","enabled":false},"version":2},"_wpas_customize_per_network":false},"categories":[21],"tags":[16881,15550,16906,16879,16905],"class_list":["post-114391","post","type-post","status-publish","format-standard","has-post-thumbnail","hentry","category-deportes","tag-chesscovid","tag-francisco-viola","tag-gioscio","tag-martin-gioscio-2","tag-viola","generate-columns","tablet-grid-50","mobile-grid-100","grid-parent","grid-50"],"jetpack_publicize_connections":[],"jetpack_featured_media_url":"https:\/\/www.hoymercedes.com.ar\/principal\/wp-content\/uploads\/2020\/07\/Martin-Gioscio.jpg","wps_subtitle":"","jetpack_sharing_enabled":true,"_links":{"self":[{"href":"https:\/\/www.hoymercedes.com.ar\/principal\/wp-json\/wp\/v2\/posts\/114391","targetHints":{"allow":["GET"]}}],"collection":[{"href":"https:\/\/www.hoymercedes.com.ar\/principal\/wp-json\/wp\/v2\/posts"}],"about":[{"href":"https:\/\/www.hoymercedes.com.ar\/principal\/wp-json\/wp\/v2\/types\/post"}],"author":[{"embeddable":true,"href":"https:\/\/www.hoymercedes.com.ar\/principal\/wp-json\/wp\/v2\/users\/1"}],"replies":[{"embeddable":true,"href":"https:\/\/www.hoymercedes.com.ar\/principal\/wp-json\/wp\/v2\/comments?post=114391"}],"version-history":[{"count":0,"href":"https:\/\/www.hoymercedes.com.ar\/principal\/wp-json\/wp\/v2\/posts\/114391\/revisions"}],"wp:featuredmedia":[{"embeddable":true,"href":"https:\/\/www.hoymercedes.com.ar\/principal\/wp-json\/wp\/v2\/media\/114395"}],"wp:attachment":[{"href":"https:\/\/www.hoymercedes.com.ar\/principal\/wp-json\/wp\/v2\/media?parent=114391"}],"wp:term":[{"taxonomy":"category","embeddable":true,"href":"https:\/\/www.hoymercedes.com.ar\/principal\/wp-json\/wp\/v2\/categories?post=114391"},{"taxonomy":"post_tag","embeddable":true,"href":"https:\/\/www.hoymercedes.com.ar\/principal\/wp-json\/wp\/v2\/tags?post=114391"}],"curies":[{"name":"wp","href":"https:\/\/api.w.org\/{rel}","templated":true}]}}