{"id":114398,"date":"2020-07-31T18:43:47","date_gmt":"2020-07-31T21:43:47","guid":{"rendered":"http:\/\/www.hoymercedes.com.ar\/principal\/?p=114398"},"modified":"2020-07-31T19:07:49","modified_gmt":"2020-07-31T22:07:49","slug":"al-anderlecht-sevilla-y-betis-se-suma-el-celta-de-vigo-y-dos-equipos-de-qatar-por-biglia","status":"publish","type":"post","link":"https:\/\/www.hoymercedes.com.ar\/principal\/2020\/07\/31\/al-anderlecht-sevilla-y-betis-se-suma-el-celta-de-vigo-y-dos-equipos-de-qatar-por-biglia\/","title":{"rendered":"Al Anderlecht, Sevilla y Betis, se suma el Celta de Vigo y dos equipos de Qatar por Biglia"},"content":{"rendered":"\n<p>Primero fue Independiente, cuyo entrenador, Lucas Pusineri, intent\u00f3 seducirlo. Sin embargo, Lucas Biglia dijo que quer\u00eda quedarse en Europa, por lo que le cerr\u00f3 la puerta al Rojo de Avellaneda. Luego, surgi\u00f3 su nombre de nuevo en B\u00e9lgica, para retornar al Anderlecht, equipo donde fue m\u00faltiple campe\u00f3n y se le tiene un gran aprecio. Pero, mientras el mercedino juega sus \u00faltimos minutos en AC Milan, son otros los que aparecen a preguntar.<\/p>\n\n\n\n<div class=\"wp-block-image\"><figure class=\"aligncenter size-large\"><img loading=\"lazy\" decoding=\"async\" width=\"660\" height=\"371\" data-attachment-id=\"112936\" data-permalink=\"https:\/\/www.hoymercedes.com.ar\/principal\/2020\/07\/01\/lucas-pusineri-va-con-todo-por-lucas-biglia\/lucas-biglia-milan-3-2\/#main\" data-orig-file=\"https:\/\/www.hoymercedes.com.ar\/principal\/wp-content\/uploads\/2020\/07\/Lucas-Biglia-Milan-3.jpg\" data-orig-size=\"660,371\" data-comments-opened=\"0\" data-image-meta=\"{&quot;aperture&quot;:&quot;0&quot;,&quot;credit&quot;:&quot;&quot;,&quot;camera&quot;:&quot;&quot;,&quot;caption&quot;:&quot;&quot;,&quot;created_timestamp&quot;:&quot;0&quot;,&quot;copyright&quot;:&quot;&quot;,&quot;focal_length&quot;:&quot;0&quot;,&quot;iso&quot;:&quot;0&quot;,&quot;shutter_speed&quot;:&quot;0&quot;,&quot;title&quot;:&quot;&quot;,&quot;orientation&quot;:&quot;0&quot;}\" data-image-title=\"Lucas-Biglia-Milan-3\" data-image-description=\"\" data-image-caption=\"\" data-large-file=\"https:\/\/www.hoymercedes.com.ar\/principal\/wp-content\/uploads\/2020\/07\/Lucas-Biglia-Milan-3.jpg\" src=\"https:\/\/www.hoymercedes.com.ar\/principal\/wp-content\/uploads\/2020\/07\/Lucas-Biglia-Milan-3.jpg\" alt=\"\" class=\"wp-image-112936\"\/><\/figure><\/div>\n\n\n\n<p>Betis y Sevilla son los primeros dos de Espa\u00f1a que lo mencionaron como posibile refuerzo, sin embargo, ahora se sum\u00f3 el Celta de Vigo, quien hace unos a\u00f1os lo pretendi\u00f3 y ahora va de nuevo a la carga con la idea de armar un mediocampo junto al argentino Guido Rodr\u00edguez.<\/p>\n\n\n\n<p>Pero, en Espa\u00f1a aseguran que las ofertas que puedan surgir sucumbir\u00edan ante la posibilidad de dos equipos qatar\u00edes que quieren hacerse de sus servicios, aunque hasta el momento no trascendieron los nombres.<\/p>\n","protected":false},"excerpt":{"rendered":"<p>Primero fue Independiente, cuyo entrenador, Lucas Pusineri, intent\u00f3 seducirlo. Sin embargo, Lucas Biglia dijo que quer\u00eda quedarse en Europa, por &#8230; <a title=\"Al Anderlecht, Sevilla y Betis, se suma el Celta de Vigo y dos equipos de Qatar por Biglia\" class=\"read-more\" href=\"https:\/\/www.hoymercedes.com.ar\/principal\/2020\/07\/31\/al-anderlecht-sevilla-y-betis-se-suma-el-celta-de-vigo-y-dos-equipos-de-qatar-por-biglia\/\" aria-label=\"Leer m\u00e1s sobre Al Anderlecht, Sevilla y Betis, se suma el Celta de Vigo y dos equipos de Qatar por Biglia\">Leer m\u00e1s<\/a><\/p>\n","protected":false},"author":1,"featured_media":112936,"comment_status":"closed","ping_status":"open","sticky":false,"template":"","format":"standard","meta":{"_monsterinsights_skip_tracking":false,"_monsterinsights_sitenote_active":false,"_monsterinsights_sitenote_note":"","_monsterinsights_sitenote_category":0,"jetpack_post_was_ever_published":false,"_jetpack_newsletter_access":"","_jetpack_dont_email_post_to_subs":false,"_jetpack_newsletter_tier_id":0,"_jetpack_memberships_contains_paywalled_content":false,"_jetpack_memberships_contains_paid_content":false,"footnotes":"","jetpack_publicize_message":"","jetpack_publicize_feature_enabled":true,"jetpack_social_post_already_shared":false,"jetpack_social_options":{"image_generator_settings":{"template":"highway","default_image_id":0,"font":"","enabled":false},"version":2},"_wpas_customize_per_network":false},"categories":[21],"tags":[16909,16136,16908],"class_list":["post-114398","post","type-post","status-publish","format-standard","has-post-thumbnail","hentry","category-deportes","tag-aca-milan","tag-celta-de-vigo","tag-lucas-biflia","generate-columns","tablet-grid-50","mobile-grid-100","grid-parent","grid-50"],"jetpack_publicize_connections":[],"jetpack_featured_media_url":"https:\/\/www.hoymercedes.com.ar\/principal\/wp-content\/uploads\/2020\/07\/Lucas-Biglia-Milan-3.jpg","wps_subtitle":"La Legi\u00f3n","jetpack_sharing_enabled":true,"_links":{"self":[{"href":"https:\/\/www.hoymercedes.com.ar\/principal\/wp-json\/wp\/v2\/posts\/114398","targetHints":{"allow":["GET"]}}],"collection":[{"href":"https:\/\/www.hoymercedes.com.ar\/principal\/wp-json\/wp\/v2\/posts"}],"about":[{"href":"https:\/\/www.hoymercedes.com.ar\/principal\/wp-json\/wp\/v2\/types\/post"}],"author":[{"embeddable":true,"href":"https:\/\/www.hoymercedes.com.ar\/principal\/wp-json\/wp\/v2\/users\/1"}],"replies":[{"embeddable":true,"href":"https:\/\/www.hoymercedes.com.ar\/principal\/wp-json\/wp\/v2\/comments?post=114398"}],"version-history":[{"count":0,"href":"https:\/\/www.hoymercedes.com.ar\/principal\/wp-json\/wp\/v2\/posts\/114398\/revisions"}],"wp:featuredmedia":[{"embeddable":true,"href":"https:\/\/www.hoymercedes.com.ar\/principal\/wp-json\/wp\/v2\/media\/112936"}],"wp:attachment":[{"href":"https:\/\/www.hoymercedes.com.ar\/principal\/wp-json\/wp\/v2\/media?parent=114398"}],"wp:term":[{"taxonomy":"category","embeddable":true,"href":"https:\/\/www.hoymercedes.com.ar\/principal\/wp-json\/wp\/v2\/categories?post=114398"},{"taxonomy":"post_tag","embeddable":true,"href":"https:\/\/www.hoymercedes.com.ar\/principal\/wp-json\/wp\/v2\/tags?post=114398"}],"curies":[{"name":"wp","href":"https:\/\/api.w.org\/{rel}","templated":true}]}}