{"id":114420,"date":"2020-07-31T21:57:00","date_gmt":"2020-08-01T00:57:00","guid":{"rendered":"http:\/\/www.hoymercedes.com.ar\/principal\/?p=114420"},"modified":"2020-07-31T21:58:50","modified_gmt":"2020-08-01T00:58:50","slug":"coronavirus-en-mercedes-dos-fallecimientos-de-pacientes-con-covid","status":"publish","type":"post","link":"https:\/\/www.hoymercedes.com.ar\/principal\/2020\/07\/31\/coronavirus-en-mercedes-dos-fallecimientos-de-pacientes-con-covid\/","title":{"rendered":"Coronavirus en Mercedes: dos fallecimientos de pacientes con covid"},"content":{"rendered":"\n<p>Un d\u00eda negativo para la situaci\u00f3n epidemiol\u00f3gica en la ciudad. La informaci\u00f3n oficial confirma que dos personas que fallecieron este viernes eran portadores del virus SARS-Cov2. Se trata de una enfermera de 45 a\u00f1os y un hombre de 94 a\u00f1os que supo residir en el Villa Abrille. Ambos ten\u00edan enfermedades preexistentes complejas previas a la contracci\u00f3n del covid-19. Asimismo, confirmaron 8 nuevos casos positivos de covid-19 tras la realizaci\u00f3n de 104 test. <\/p>\n\n\n\n<div class=\"wp-block-image\"><figure class=\"aligncenter size-large\"><img loading=\"lazy\" decoding=\"async\" width=\"900\" height=\"959\" data-attachment-id=\"114449\" data-permalink=\"https:\/\/www.hoymercedes.com.ar\/principal\/2020\/07\/31\/coronavirus-en-mercedes-dos-fallecimientos-de-pacientes-con-covid\/whatsapp-image-2020-07-31-at-21-08-12\/#main\" data-orig-file=\"https:\/\/www.hoymercedes.com.ar\/principal\/wp-content\/uploads\/2020\/07\/WhatsApp-Image-2020-07-31-at-21.08.12.jpeg\" data-orig-size=\"900,959\" data-comments-opened=\"0\" data-image-meta=\"{&quot;aperture&quot;:&quot;0&quot;,&quot;credit&quot;:&quot;&quot;,&quot;camera&quot;:&quot;&quot;,&quot;caption&quot;:&quot;&quot;,&quot;created_timestamp&quot;:&quot;0&quot;,&quot;copyright&quot;:&quot;&quot;,&quot;focal_length&quot;:&quot;0&quot;,&quot;iso&quot;:&quot;0&quot;,&quot;shutter_speed&quot;:&quot;0&quot;,&quot;title&quot;:&quot;&quot;,&quot;orientation&quot;:&quot;0&quot;}\" data-image-title=\"WhatsApp Image 2020-07-31 at 21.08.12\" data-image-description=\"\" data-image-caption=\"\" data-large-file=\"https:\/\/www.hoymercedes.com.ar\/principal\/wp-content\/uploads\/2020\/07\/WhatsApp-Image-2020-07-31-at-21.08.12.jpeg\" src=\"https:\/\/www.hoymercedes.com.ar\/principal\/wp-content\/uploads\/2020\/07\/WhatsApp-Image-2020-07-31-at-21.08.12.jpeg\" alt=\"\" class=\"wp-image-114449\"\/><\/figure><\/div>\n\n\n\n<p>La informaci\u00f3n enviada por la Municipalidad de Mercedes y el Hospital Blas L. Dubarry expresa: <\/p>\n\n\n\n<p>\u00abEn el d\u00eda de la fecha tras una extensa jornada de trabajo el Laboratorio de Virolog\u00eda Molecular Municipal identific\u00f3 8 nuevos casos para covid-19. Se realizaron 104 test. Los mismos tienen ra\u00edz epidemiol\u00f3gica y se debe su detecci\u00f3n a los rastreos y b\u00fasquedas activas llevadas a cabo.<br>Lamentamos informar el fallecimiento de dos pacientes. Un hombre de 94 a\u00f1os de edad y una mujer de 45 a\u00f1os de edad. Ambos con distintas y complejas problem\u00e1ticas de salud previa y portadores del virus.<br>Adem\u00e1s, podemos dar la noticia que otros 15 pacientes fueron dados de alta tras su recuperaci\u00f3n m\u00e9dica arribando a un total de 309.<br>Al d\u00eda de la fecha tenemos 124 casos activos y 437 desde iniciada la pandemia.<br>En seguimiento por contacto estrecho contin\u00faan a instancias del Centro de Teleseguimiento con 90 operadores socio sanitarios 441 mercedinos.<br>En cuanto al Centro de Aislamiento Sanitario II con todas las normas socio sanitarias y un fuerte trabajo de Salud, Protecci\u00f3n Civil, SAME, Seguridad, Desarrollo Social y Servicios P\u00fablicos tiene 5 pacientes alojados, aislados y monitoreados\u00bb.<\/p>\n\n\n\n<p><strong>Informe nacional<\/strong><\/p>\n\n\n\n<p>Este viernes, los organismos nacionales confirmaron 5.929 nuevos casos de COVID-19.  Entre los casos positivos confirmados por Naci\u00f3n, 3911 son de la provincia de Buenos Aires, mientras que 1142 de la ciudad de Buenos Aires. El resto se distribuye entre: Chaco 58; Chubut 1; C\u00f3rdoba 108; Corrientes 3; Entre R\u00edos 9; Jujuy 238; La Pampa 42; La Rioja 36; Mendoza 124; Misiones 6; Neuqu\u00e9n 35; R\u00edo Negro 104; Salta 7; Santa Cruz 25; Santa Fe 63; Tierra del Fuego 12 y Tucum\u00e1n 8. Con estos registros, suman 191.302 positivos en el pa\u00eds.<\/p>\n\n\n\n<p>Asimismo, este viernes dieron a conocer que 102 pesonas fallecieron por covid-19 registradas en las \u00faltimas 24 horas. Las primeras 25 se registraron a la ma\u00f1ana: 13 hombres (cinco residentes en la provincia de Buenos Aires; siete residentes en la Ciudad de Buenos Aires; un residente en la provincia de R\u00edo Negro) y 12 mujeres (cinco residentes en la provincia de Buenos Aires; seis residentes en la Ciudad de Buenos Aires; y un residente en la provincia de Santa Cruz).<\/p>\n\n\n\n<p>En tanto en el informe vespertino, dieron a conocer los fallecimientos registrados durante la tarde: 50 hombres (treinta y ocho residentes en la provincia de Buenos Aires; nueves residentes en la Ciudad de Buenos Aires; dos residentes en la provincia de Chaco; un residente en la provincia de Entre R\u00edos) y 25 mujeres (diecisiete residentes en la provincia de Buenos Aires; cuatro residentes en la Ciudad de Buenos Aires; una residente en la provincia de Mendoza; una residente en la provincia de R\u00edo Negro; una residente en la provincia de Santa F\u00e9; y una residente Chubut). Al momento la cantidad de personas fallecidas es 3.543.<br><\/p>\n","protected":false},"excerpt":{"rendered":"<p>Un d\u00eda negativo para la situaci\u00f3n epidemiol\u00f3gica en la ciudad. La informaci\u00f3n oficial confirma que dos personas que fallecieron este &#8230; <a title=\"Coronavirus en Mercedes: dos fallecimientos de pacientes con covid\" class=\"read-more\" href=\"https:\/\/www.hoymercedes.com.ar\/principal\/2020\/07\/31\/coronavirus-en-mercedes-dos-fallecimientos-de-pacientes-con-covid\/\" aria-label=\"Leer m\u00e1s sobre Coronavirus en Mercedes: dos fallecimientos de pacientes con covid\">Leer m\u00e1s<\/a><\/p>\n","protected":false},"author":1,"featured_media":114449,"comment_status":"closed","ping_status":"open","sticky":false,"template":"","format":"standard","meta":{"_monsterinsights_skip_tracking":false,"_monsterinsights_sitenote_active":false,"_monsterinsights_sitenote_note":"","_monsterinsights_sitenote_category":0,"jetpack_post_was_ever_published":false,"_jetpack_newsletter_access":"","_jetpack_dont_email_post_to_subs":false,"_jetpack_newsletter_tier_id":0,"_jetpack_memberships_contains_paywalled_content":false,"_jetpack_memberships_contains_paid_content":false,"footnotes":"","jetpack_publicize_message":"","jetpack_publicize_feature_enabled":true,"jetpack_social_post_already_shared":true,"jetpack_social_options":{"image_generator_settings":{"template":"highway","default_image_id":0,"font":"","enabled":false},"version":2},"_wpas_customize_per_network":false},"categories":[9791],"tags":[16561,16175,16313,12084,134],"class_list":["post-114420","post","type-post","status-publish","format-standard","has-post-thumbnail","hentry","category-salud","tag-cierre-del-dia","tag-coronavirus","tag-covid-19","tag-fallecimientos","tag-salud","generate-columns","tablet-grid-50","mobile-grid-100","grid-parent","grid-50"],"jetpack_publicize_connections":[],"jetpack_featured_media_url":"https:\/\/www.hoymercedes.com.ar\/principal\/wp-content\/uploads\/2020\/07\/WhatsApp-Image-2020-07-31-at-21.08.12.jpeg","wps_subtitle":"Cierre del d\u00eda","jetpack_sharing_enabled":true,"_links":{"self":[{"href":"https:\/\/www.hoymercedes.com.ar\/principal\/wp-json\/wp\/v2\/posts\/114420","targetHints":{"allow":["GET"]}}],"collection":[{"href":"https:\/\/www.hoymercedes.com.ar\/principal\/wp-json\/wp\/v2\/posts"}],"about":[{"href":"https:\/\/www.hoymercedes.com.ar\/principal\/wp-json\/wp\/v2\/types\/post"}],"author":[{"embeddable":true,"href":"https:\/\/www.hoymercedes.com.ar\/principal\/wp-json\/wp\/v2\/users\/1"}],"replies":[{"embeddable":true,"href":"https:\/\/www.hoymercedes.com.ar\/principal\/wp-json\/wp\/v2\/comments?post=114420"}],"version-history":[{"count":0,"href":"https:\/\/www.hoymercedes.com.ar\/principal\/wp-json\/wp\/v2\/posts\/114420\/revisions"}],"wp:featuredmedia":[{"embeddable":true,"href":"https:\/\/www.hoymercedes.com.ar\/principal\/wp-json\/wp\/v2\/media\/114449"}],"wp:attachment":[{"href":"https:\/\/www.hoymercedes.com.ar\/principal\/wp-json\/wp\/v2\/media?parent=114420"}],"wp:term":[{"taxonomy":"category","embeddable":true,"href":"https:\/\/www.hoymercedes.com.ar\/principal\/wp-json\/wp\/v2\/categories?post=114420"},{"taxonomy":"post_tag","embeddable":true,"href":"https:\/\/www.hoymercedes.com.ar\/principal\/wp-json\/wp\/v2\/tags?post=114420"}],"curies":[{"name":"wp","href":"https:\/\/api.w.org\/{rel}","templated":true}]}}