{"id":114458,"date":"2020-08-01T15:46:00","date_gmt":"2020-08-01T18:46:00","guid":{"rendered":"http:\/\/www.hoymercedes.com.ar\/principal\/?p=114458"},"modified":"2020-08-01T19:43:03","modified_gmt":"2020-08-01T22:43:03","slug":"programa-hogar-las-entidades-de-bien-publico-podran-acceder-a-garrafas-subsidiadas","status":"publish","type":"post","link":"https:\/\/www.hoymercedes.com.ar\/principal\/2020\/08\/01\/programa-hogar-las-entidades-de-bien-publico-podran-acceder-a-garrafas-subsidiadas\/","title":{"rendered":"Programa Hogar: las entidades de bien p\u00fablico podr\u00e1n acceder a garrafas subsidiadas"},"content":{"rendered":"\n<p>Los ministerios de Desarrollo Productivo y Desarrollo Social de la Naci\u00f3n; la Administraci\u00f3n Nacional de la Seguridad Social (ANSES) y el Ministerio de Desarrollo de la Comunidad de la Provincia de Buenos Aires firmaron un convenio para implementar el Programa Hogar en entidades de bien p\u00fablico, que permite a comedores, merenderos, clubes de barrio, centros de atenci\u00f3n infantil y grupos comunitarios acceder a un subsidio para comprar garrafas.<\/p>\n\n\n\n<div class=\"wp-block-image\"><figure class=\"aligncenter size-large\"><img loading=\"lazy\" decoding=\"async\" width=\"800\" height=\"534\" data-attachment-id=\"114459\" data-permalink=\"https:\/\/www.hoymercedes.com.ar\/principal\/2020\/08\/01\/programa-hogar-las-entidades-de-bien-publico-podran-acceder-a-garrafas-subsidiadas\/01-prov-garrafa\/#main\" data-orig-file=\"https:\/\/www.hoymercedes.com.ar\/principal\/wp-content\/uploads\/2020\/08\/01-prov-garrafa.jpeg\" data-orig-size=\"800,534\" data-comments-opened=\"0\" data-image-meta=\"{&quot;aperture&quot;:&quot;0&quot;,&quot;credit&quot;:&quot;&quot;,&quot;camera&quot;:&quot;&quot;,&quot;caption&quot;:&quot;&quot;,&quot;created_timestamp&quot;:&quot;0&quot;,&quot;copyright&quot;:&quot;&quot;,&quot;focal_length&quot;:&quot;0&quot;,&quot;iso&quot;:&quot;0&quot;,&quot;shutter_speed&quot;:&quot;0&quot;,&quot;title&quot;:&quot;&quot;,&quot;orientation&quot;:&quot;0&quot;}\" data-image-title=\"01 prov garrafa\" data-image-description=\"\" data-image-caption=\"\" data-large-file=\"https:\/\/www.hoymercedes.com.ar\/principal\/wp-content\/uploads\/2020\/08\/01-prov-garrafa.jpeg\" src=\"https:\/\/www.hoymercedes.com.ar\/principal\/wp-content\/uploads\/2020\/08\/01-prov-garrafa.jpeg\" alt=\"\" class=\"wp-image-114459\"\/><\/figure><\/div>\n\n\n\n<p>El ministro de Desarrollo Productivo, Mat\u00edas Kulfas, sostuvo: \u201cEste es un convenio muy importante porque ampl\u00eda el Programa Hogar, que garantiza una garrafa a precio favorable a comedores y facilita la llegada de un insumo muy importante en esta temporada invernal, que viene muy fr\u00eda. Es otro paso m\u00e1s para proteger a los hogares m\u00e1s vulnerables y a las entidades de bien p\u00fablico\u201d.<\/p>\n\n\n\n<p>El Programa Hogar es una pol\u00edtica p\u00fablica que tiene como objetivo que las personas que no tienen acceso a la red de gas natural puedan acceder a la garrafa a un a precio accesible. Para esto, trabaja sobre tres l\u00edneas de acci\u00f3n: asegurar el abastecimiento (garantizando un porcentaje de la producci\u00f3n en los yacimientos sea envasado y comercializado); establecer precios m\u00e1ximos de referencia (hoy, $349 pesos la garrafa de 10L para la mayor\u00eda de las provincias) y un subsidio para quienes tienen que adquirir garrafas.<\/p>\n\n\n\n<p>La titular de la Anses, Fernanda Raverta, afirm\u00f3: \u00abEsta firma tiene que ver con incluir a las entidades intermedias que hoy est\u00e1n prestando un servicio a la comunidad en un momento muy complejo, donde muchos argentinos y argentinas necesitan la ayuda de una organizaci\u00f3n para poder alimentarse. Por eso esta firma es muy importante porque Anses es quien instrumenta el pago de este subsidio y as\u00ed podemos estar bien cerca de los argentinos y las argentinas\u201d.<\/p>\n\n\n\n<p>El Programa Hogar para Entidades de Bien P\u00fablico ampl\u00eda el universo de beneficiarios alcanzados por el beneficio econ\u00f3mico por garrafa para aquellas entidades que no cuentan con acceso a la red de gas natural. Se trata de un reembolso de $183 por cada garrafa, (y la cantidad de garrafas subsidiadas se determinar\u00e1 seg\u00fan la zona y las caracter\u00edsticas de la entidad) que la ANSES deposita mensualmente. El beneficio, que podr\u00eda alcanzar a cerca de 8.000 organismos de bien p\u00fablico, se otorgar\u00e1 por un a\u00f1o, con posibilidad de pr\u00f3rroga.<\/p>\n\n\n\n<p>\u201cEs un aporte fundamental y, al mismo tiempo, un reconocimiento para las instituciones que conforman la red social y que est\u00e1n sosteniendo la situaci\u00f3n generada por la pandemia\u201d, dijo el ministro de Desarrollo Social, Daniel Arroyo.<\/p>\n\n\n\n<p>A su turno, el ministro de Desarrollo de la Comunidad de la Provincia de Buenos Aires, Andr\u00e9s Larroque asever\u00f3: \u201cEste invierno, que es a\u00fan m\u00e1s duro por la pandemia, necesita que desde el Estado haya mucha presencia para ayudar a los que m\u00e1s lo necesitan. Por eso es muy importante la articulaci\u00f3n entre los tres niveles de gobierno, Naci\u00f3n, Provincia y municipios. En ese sentido estamos trabajando para que los sectores vulnerables r\u00e1pidamente puedan contar con garrafas para combatir estos d\u00edas tan fr\u00edos\u201d.<\/p>\n\n\n\n<p>El Programa Hogar para entidades de bien p\u00fablico fue puesto en marcha mediante el convenio 2020-47757792, que permite que las instituciones puedan registrarse en forma gratuita ante el Centro Nacional de Organizaciones de la Comunidad (CENOC). Desde all\u00ed se confecciona el registro y se env\u00eda al Ministerio de Desarrollo Productivo, que eval\u00faa la solicitud y en caso afirmativo notificar\u00e1 a ANSES el alta en el programa.<\/p>\n\n\n\n<p>La secretaria de Inclusi\u00f3n Social, Laura Alonso, por su parte, asegur\u00f3: \u201cIncorporar a comedores, merenderos y centros infantiles al programa Hogar para la compra de gas envasado es una pol\u00edtica p\u00fablica de un Estado presente que tiene la intenci\u00f3n de seguir fortaleciendo de manera directa a todas las organizaciones comunitarias que hoy cumplen una gran tarea social junto a las familias m\u00e1s vulnerables de nuestro pa\u00eds\u201d.<\/p>\n\n\n\n<p>El acuerdo, que tambi\u00e9n fue rubricado por Gast\u00f3n Ghioni, al frente de la subsecretar\u00eda de Energ\u00eda bonaerense, se alcanz\u00f3 a partir de los intercambios realizados entre Desarrollo Productivo y Desarrollo Social de la Naci\u00f3n, a trav\u00e9s del CENOC, junto con el organismo interviniente Anses, en el marco de la emergencia p\u00fablica y en atenci\u00f3n a las demandas que plantean las condiciones sociales actuales.<\/p>\n\n\n\n<p>El presente acuerdo tiene como finalidad instrumentar el Programa Hogar para el suministro de Gas Licuado de Petr\u00f3leo (GLP) envasado destinado a las Entidades de Bien P\u00fablico que se encuentran abocadas sustancialmente a la asistencia y contenci\u00f3n de poblaciones vulnerables de la sociedad, otorgando as\u00ed los beneficios econ\u00f3micos previstos en el Programa.<\/p>\n\n\n\n<p>Para inscribirse en el Programa Hogar, las entidades de bien p\u00fablico deber\u00e1n dirigirse a <a rel=\"noreferrer noopener\" href=\"https:\/\/www.argentina.gob.ar\/desarrollosocial\/cenoc\/hogarebp?s=09\" target=\"_blank\">https:\/\/www.argentina.gob.ar\/desarrollosocial\/cenoc\/hogarebp?s=09<\/a><\/p>\n\n\n\n<p>Fuente: Ministerio de Desarrollo de la Comunidad de la provincia de Buenos Aires<\/p>\n","protected":false},"excerpt":{"rendered":"<p>Los ministerios de Desarrollo Productivo y Desarrollo Social de la Naci\u00f3n; la Administraci\u00f3n Nacional de la Seguridad Social (ANSES) y &#8230; <a title=\"Programa Hogar: las entidades de bien p\u00fablico podr\u00e1n acceder a garrafas subsidiadas\" class=\"read-more\" href=\"https:\/\/www.hoymercedes.com.ar\/principal\/2020\/08\/01\/programa-hogar-las-entidades-de-bien-publico-podran-acceder-a-garrafas-subsidiadas\/\" aria-label=\"Leer m\u00e1s sobre Programa Hogar: las entidades de bien p\u00fablico podr\u00e1n acceder a garrafas subsidiadas\">Leer m\u00e1s<\/a><\/p>\n","protected":false},"author":1,"featured_media":114459,"comment_status":"closed","ping_status":"open","sticky":false,"template":"","format":"standard","meta":{"_monsterinsights_skip_tracking":false,"_monsterinsights_sitenote_active":false,"_monsterinsights_sitenote_note":"","_monsterinsights_sitenote_category":0,"jetpack_post_was_ever_published":false,"_jetpack_newsletter_access":"","_jetpack_dont_email_post_to_subs":false,"_jetpack_newsletter_tier_id":0,"_jetpack_memberships_contains_paywalled_content":false,"_jetpack_memberships_contains_paid_content":false,"footnotes":"","jetpack_publicize_message":"","jetpack_publicize_feature_enabled":true,"jetpack_social_post_already_shared":true,"jetpack_social_options":{"image_generator_settings":{"template":"highway","default_image_id":0,"font":"","enabled":false},"version":2},"_wpas_customize_per_network":false},"categories":[8881],"tags":[16915,16914,1803],"class_list":["post-114458","post","type-post","status-publish","format-standard","has-post-thumbnail","hentry","category-provincia","tag-garrafas","tag-programa-hogar","tag-provincia","generate-columns","tablet-grid-50","mobile-grid-100","grid-parent","grid-50"],"jetpack_publicize_connections":[],"jetpack_featured_media_url":"https:\/\/www.hoymercedes.com.ar\/principal\/wp-content\/uploads\/2020\/08\/01-prov-garrafa.jpeg","wps_subtitle":"La inscripci\u00f3n es online","jetpack_sharing_enabled":true,"_links":{"self":[{"href":"https:\/\/www.hoymercedes.com.ar\/principal\/wp-json\/wp\/v2\/posts\/114458","targetHints":{"allow":["GET"]}}],"collection":[{"href":"https:\/\/www.hoymercedes.com.ar\/principal\/wp-json\/wp\/v2\/posts"}],"about":[{"href":"https:\/\/www.hoymercedes.com.ar\/principal\/wp-json\/wp\/v2\/types\/post"}],"author":[{"embeddable":true,"href":"https:\/\/www.hoymercedes.com.ar\/principal\/wp-json\/wp\/v2\/users\/1"}],"replies":[{"embeddable":true,"href":"https:\/\/www.hoymercedes.com.ar\/principal\/wp-json\/wp\/v2\/comments?post=114458"}],"version-history":[{"count":0,"href":"https:\/\/www.hoymercedes.com.ar\/principal\/wp-json\/wp\/v2\/posts\/114458\/revisions"}],"wp:featuredmedia":[{"embeddable":true,"href":"https:\/\/www.hoymercedes.com.ar\/principal\/wp-json\/wp\/v2\/media\/114459"}],"wp:attachment":[{"href":"https:\/\/www.hoymercedes.com.ar\/principal\/wp-json\/wp\/v2\/media?parent=114458"}],"wp:term":[{"taxonomy":"category","embeddable":true,"href":"https:\/\/www.hoymercedes.com.ar\/principal\/wp-json\/wp\/v2\/categories?post=114458"},{"taxonomy":"post_tag","embeddable":true,"href":"https:\/\/www.hoymercedes.com.ar\/principal\/wp-json\/wp\/v2\/tags?post=114458"}],"curies":[{"name":"wp","href":"https:\/\/api.w.org\/{rel}","templated":true}]}}