{"id":114483,"date":"2020-08-01T19:49:58","date_gmt":"2020-08-01T22:49:58","guid":{"rendered":"http:\/\/www.hoymercedes.com.ar\/principal\/?p=114483"},"modified":"2020-08-04T13:53:58","modified_gmt":"2020-08-04T16:53:58","slug":"la-linea-sarmiento-interrumpe-su-servicio-desde-la-hora-21","status":"publish","type":"post","link":"https:\/\/www.hoymercedes.com.ar\/principal\/2020\/08\/01\/la-linea-sarmiento-interrumpe-su-servicio-desde-la-hora-21\/","title":{"rendered":"La L\u00ednea Sarmiento interrumpe su servicio desde la hora 21"},"content":{"rendered":"\n<p>Mediante la difusi\u00f3n de un comunicado, Trenes Argentinos inform\u00f3 que los servicios de la l\u00ednea Sarmiento ser\u00e1n interrumpidos desde las 21hs del d\u00eda s\u00e1bado 1\u00b0 de agosto a causa de la aplicaci\u00f3n del protocolo COVID-19. Estiman que la interrumpci\u00f3n ser\u00e1 durante todo el domingo 2.<\/p>\n\n\n\n<div class=\"wp-block-image\"><figure class=\"aligncenter size-large\"><img loading=\"lazy\" decoding=\"async\" width=\"750\" height=\"421\" data-attachment-id=\"89780\" data-permalink=\"https:\/\/www.hoymercedes.com.ar\/principal\/2019\/03\/20\/levantaron-el-paro-del-tren-sarmiento\/20-tren-sarmiento\/#main\" data-orig-file=\"https:\/\/www.hoymercedes.com.ar\/principal\/wp-content\/uploads\/2019\/03\/20-tren-sarmiento.jpg\" data-orig-size=\"750,421\" data-comments-opened=\"0\" data-image-meta=\"{&quot;aperture&quot;:&quot;0&quot;,&quot;credit&quot;:&quot;&quot;,&quot;camera&quot;:&quot;&quot;,&quot;caption&quot;:&quot;&quot;,&quot;created_timestamp&quot;:&quot;0&quot;,&quot;copyright&quot;:&quot;&quot;,&quot;focal_length&quot;:&quot;0&quot;,&quot;iso&quot;:&quot;0&quot;,&quot;shutter_speed&quot;:&quot;0&quot;,&quot;title&quot;:&quot;&quot;,&quot;orientation&quot;:&quot;0&quot;}\" data-image-title=\"20 tren sarmiento\" data-image-description=\"\" data-image-caption=\"\" data-large-file=\"https:\/\/www.hoymercedes.com.ar\/principal\/wp-content\/uploads\/2019\/03\/20-tren-sarmiento.jpg\" src=\"https:\/\/www.hoymercedes.com.ar\/principal\/wp-content\/uploads\/2019\/03\/20-tren-sarmiento.jpg\" alt=\"\" class=\"wp-image-89780\" srcset=\"https:\/\/www.hoymercedes.com.ar\/principal\/wp-content\/uploads\/2019\/03\/20-tren-sarmiento.jpg 750w, https:\/\/www.hoymercedes.com.ar\/principal\/wp-content\/uploads\/2019\/03\/20-tren-sarmiento-150x84.jpg 150w, https:\/\/www.hoymercedes.com.ar\/principal\/wp-content\/uploads\/2019\/03\/20-tren-sarmiento-630x354.jpg 630w\" sizes=\"auto, (max-width: 750px) 100vw, 750px\" \/><\/figure><\/div>\n\n\n\n<p>Seg\u00fan informa la empresa, \u00abel 50% de los empleados del sector Control Trenes, centro neur\u00e1lgico de la operaci\u00f3n ferroviaria, se encuentra aislado por presentar s\u00edntomas compatibles con el virus o ser contacto estrecho de los afectados\u00bb. Por esa raz\u00f3n, se estima que los servicios se ver\u00e1n afectados al menos hasta el d\u00eda domingo, dado que se esperan los resultados de hisopados que fueron realizados a los empleados y empleadas en sospecha.<\/p>\n\n\n\n<p>\u00abHasta hoy 427 empleados y empleadas de Trenes Argentinos han contra\u00eddo la enfermedad y m\u00e1s de 1600 debieron ser aislados por tener contactos estrechos dentro de la empresa\u00bb, informaron en el comunicado y agregaron que, adem\u00e1s, \u00abun 30% del personal se encuentra licenciado por ser mayor de 60 a\u00f1os, tener comorbilidades o pertenecer a un grupo de riesgo\u00bb. De esta manera, la cesaci\u00f3n de actividades por parte de personal indispensable para la circulaci\u00f3n ferroviara, produce la disminuci\u00f3n de los servicios en estos momentos de emergencia sanitaria.<\/p>\n\n\n\n<p>\u00abDesde Trenes Argentinos se agradece y se contin\u00faa apelando a la responsabilidad individual de cada uno de sus pasajeros y pasajeras para evitar las aglomeraciones en el transporte p\u00fablico debido a la in\u00e9dita situaci\u00f3n que atraviesa el pa\u00eds y el mundo como consecuencia de la pandemia\u00bb, concluye el comunicado y la empresa asegura que trabajar\u00e1 arduamente para regularizar la situaci\u00f3n lo antes posible.<\/p>\n\n\n\n<p>Ante dudas o consultas, comunicarse al 0800-222-TREN (8736) o ingresar en\u00a0<a rel=\"noreferrer noopener\" href=\"http:\/\/www.argentina.gob.ar\/transporte\/trenes-argentinos?fbclid=IwAR3AeGLY9AjHpUv3p6E0hr0awZKuiGOMUPgTCcy6RiK5ezekLehThRzkDbk\" target=\"_blank\">www.argentina.gob.ar\/transporte\/trenes-argentinos<\/a>.<\/p>\n\n\n\n<p>Fuente: Tren Sarmiento<\/p>\n","protected":false},"excerpt":{"rendered":"<p>Mediante la difusi\u00f3n de un comunicado, Trenes Argentinos inform\u00f3 que los servicios de la l\u00ednea Sarmiento ser\u00e1n interrumpidos desde las &#8230; <a title=\"La L\u00ednea Sarmiento interrumpe su servicio desde la hora 21\" class=\"read-more\" href=\"https:\/\/www.hoymercedes.com.ar\/principal\/2020\/08\/01\/la-linea-sarmiento-interrumpe-su-servicio-desde-la-hora-21\/\" aria-label=\"Leer m\u00e1s sobre La L\u00ednea Sarmiento interrumpe su servicio desde la hora 21\">Leer m\u00e1s<\/a><\/p>\n","protected":false},"author":1,"featured_media":89780,"comment_status":"closed","ping_status":"open","sticky":false,"template":"","format":"standard","meta":{"_monsterinsights_skip_tracking":false,"_monsterinsights_sitenote_active":false,"_monsterinsights_sitenote_note":"","_monsterinsights_sitenote_category":0,"jetpack_post_was_ever_published":false,"_jetpack_newsletter_access":"","_jetpack_dont_email_post_to_subs":false,"_jetpack_newsletter_tier_id":0,"_jetpack_memberships_contains_paywalled_content":false,"_jetpack_memberships_contains_paid_content":false,"footnotes":"","jetpack_publicize_message":"","jetpack_publicize_feature_enabled":true,"jetpack_social_post_already_shared":true,"jetpack_social_options":{"image_generator_settings":{"template":"highway","default_image_id":0,"font":"","enabled":false},"version":2},"_wpas_customize_per_network":false},"categories":[8],"tags":[1803,9271],"class_list":["post-114483","post","type-post","status-publish","format-standard","has-post-thumbnail","hentry","category-sociedad","tag-provincia","tag-tren-sarmiento","generate-columns","tablet-grid-50","mobile-grid-100","grid-parent","grid-50"],"jetpack_publicize_connections":[],"jetpack_featured_media_url":"https:\/\/www.hoymercedes.com.ar\/principal\/wp-content\/uploads\/2019\/03\/20-tren-sarmiento.jpg","wps_subtitle":"","jetpack_sharing_enabled":true,"_links":{"self":[{"href":"https:\/\/www.hoymercedes.com.ar\/principal\/wp-json\/wp\/v2\/posts\/114483","targetHints":{"allow":["GET"]}}],"collection":[{"href":"https:\/\/www.hoymercedes.com.ar\/principal\/wp-json\/wp\/v2\/posts"}],"about":[{"href":"https:\/\/www.hoymercedes.com.ar\/principal\/wp-json\/wp\/v2\/types\/post"}],"author":[{"embeddable":true,"href":"https:\/\/www.hoymercedes.com.ar\/principal\/wp-json\/wp\/v2\/users\/1"}],"replies":[{"embeddable":true,"href":"https:\/\/www.hoymercedes.com.ar\/principal\/wp-json\/wp\/v2\/comments?post=114483"}],"version-history":[{"count":0,"href":"https:\/\/www.hoymercedes.com.ar\/principal\/wp-json\/wp\/v2\/posts\/114483\/revisions"}],"wp:featuredmedia":[{"embeddable":true,"href":"https:\/\/www.hoymercedes.com.ar\/principal\/wp-json\/wp\/v2\/media\/89780"}],"wp:attachment":[{"href":"https:\/\/www.hoymercedes.com.ar\/principal\/wp-json\/wp\/v2\/media?parent=114483"}],"wp:term":[{"taxonomy":"category","embeddable":true,"href":"https:\/\/www.hoymercedes.com.ar\/principal\/wp-json\/wp\/v2\/categories?post=114483"},{"taxonomy":"post_tag","embeddable":true,"href":"https:\/\/www.hoymercedes.com.ar\/principal\/wp-json\/wp\/v2\/tags?post=114483"}],"curies":[{"name":"wp","href":"https:\/\/api.w.org\/{rel}","templated":true}]}}