{"id":114505,"date":"2020-08-02T12:42:00","date_gmt":"2020-08-02T15:42:00","guid":{"rendered":"http:\/\/www.hoymercedes.com.ar\/principal\/?p=114505"},"modified":"2020-08-04T13:51:56","modified_gmt":"2020-08-04T16:51:56","slug":"nuevo-procedimiento-policial-por-infraccion-a-la-ley-tributaria","status":"publish","type":"post","link":"https:\/\/www.hoymercedes.com.ar\/principal\/2020\/08\/02\/nuevo-procedimiento-policial-por-infraccion-a-la-ley-tributaria\/","title":{"rendered":"Nuevo procedimiento policial por infracci\u00f3n a la ley tributaria"},"content":{"rendered":"\n<p>La Delegaci\u00f3n Mercedes de la Polic\u00eda Federal llev\u00f3 adelante un procedimiento por infraci\u00f3n a la Ley 11683, penal tributaria, en el marco de un control veh\u00edcular. En Luj\u00e1n, junto al personal del\u00a0Divisi\u00f3n Equipamiento de Sistemas\u00a0Multitecnol\u00f3gicos, perteneciente a la\u00a0Superintendencia Federal de Tecnolog\u00edas de La Informaci\u00f3n y Comunicaciones\u00a0de la misma Fuerza, y personal de\u00a0Inspectores de la A.F.I.P Regional Mercedes.\u00a0<\/p>\n\n\n\n<div class=\"wp-block-image\"><figure class=\"aligncenter size-large\"><img loading=\"lazy\" decoding=\"async\" width=\"800\" height=\"600\" data-attachment-id=\"114508\" data-permalink=\"https:\/\/www.hoymercedes.com.ar\/principal\/2020\/08\/02\/nuevo-procedimiento-policial-por-infraccion-a-la-ley-tributaria\/whatsapp-image-2020-07-31-at-12-35-37\/#main\" data-orig-file=\"https:\/\/www.hoymercedes.com.ar\/principal\/wp-content\/uploads\/2020\/08\/WhatsApp-Image-2020-07-31-at-12.35.37.jpeg\" data-orig-size=\"800,600\" data-comments-opened=\"0\" data-image-meta=\"{&quot;aperture&quot;:&quot;0&quot;,&quot;credit&quot;:&quot;&quot;,&quot;camera&quot;:&quot;&quot;,&quot;caption&quot;:&quot;&quot;,&quot;created_timestamp&quot;:&quot;0&quot;,&quot;copyright&quot;:&quot;&quot;,&quot;focal_length&quot;:&quot;0&quot;,&quot;iso&quot;:&quot;0&quot;,&quot;shutter_speed&quot;:&quot;0&quot;,&quot;title&quot;:&quot;&quot;,&quot;orientation&quot;:&quot;0&quot;}\" data-image-title=\"02 poli federal 1\" data-image-description=\"\" data-image-caption=\"\" data-large-file=\"https:\/\/www.hoymercedes.com.ar\/principal\/wp-content\/uploads\/2020\/08\/WhatsApp-Image-2020-07-31-at-12.35.37.jpeg\" src=\"https:\/\/www.hoymercedes.com.ar\/principal\/wp-content\/uploads\/2020\/08\/WhatsApp-Image-2020-07-31-at-12.35.37.jpeg\" alt=\"\" class=\"wp-image-114508\"\/><\/figure><\/div>\n\n\n\n<p>Los mismos se llevaron a cabo en\u00a0Ruta\u00a0Nac. N\u00b07 km 57.600 (Peaje Acceso Oeste),\u00a0de Lujan,\u00a0desalentando el tr\u00e1nsito de veh\u00edculos,\u00a0ordenado en\u00a0Decreto\u00a0Presidencial\u00a0297\/2020 &#8211;\u00a0Aislamiento Social Preventivo y Obligatorio\u00a0en prevenci\u00f3n del\u00a0COVID-19,\u00a0como as\u00ed tambi\u00e9n\u00a0realizando tareas de prevenci\u00f3n\u00a0en general.\u00a0<\/p>\n\n\n\n<p>Procedimiento 1:\u00a0Se detuvo\u00a0la marcha de\u00a0un\u00a0veh\u00edculo\u00a0Mercedes Benz\u00a0Sprinter, el cual circulaba sobre la cinta asf\u00e1ltica de Ruta\u00a07\u00a0sentido\u00a0General\u00a0Rodriguez\u00a0&#8211; Lujan,\u00a0conducido por un\u00a0masculino mayor de edad, oriundo de\u00a0la\u00a0Localidad de Isidro Casanova,\u00a0quien trasportaba m\u00e1s de\u00a01200 Kg de quesos y embutidos, sin el comprobante fiscal de la compra efectuada, mercader\u00eda con un valor aproximado de mercado estimado en\u00a0m\u00e1s\u00a0de\u00a0$500.000\u00a0pesos.\u00a0<\/p>\n\n\n\n<p>Procedimiento 2: se\u00a0detuvo\u00a0la marcha de un veh\u00edculo\u00a0Renault modelo Kangoo, el cual circulaba sobre la cinta asf\u00e1ltica de Ruta\u00a07\u00a0sentido\u00a0General\u00a0Rodriguez\u00a0&#8211; Lujan,\u00a0conducido por un\u00a0masculino\u00a0mayor de edad, oriundo de la Localidad de\u00a0Ituzaingo, quien trasportaba\u00a0gran cantidad de\u00a0monitores y elementos de computaci\u00f3n, sin el\u00a0debido\u00a0comprobante fiscal de la compra efectuada, mercader\u00eda\u00a0esta,\u00a0con un valor aproximado de mercado estimado\u00a0en m\u00e1s\u00a0de\u00a0$150.000\u00a0pesos.\u00a0<\/p>\n\n\n\n<p>Procedimiento 3:\u00a0se detuvo la marcha de un veh\u00edculo Peugeot modelo\u00a0Partner, el cual circulaba sobre la cinta asf\u00e1ltica de Ruta 7 sentido\u00a0General\u00a0Rodriguez\u00a0&#8211; Lujan, conducido por un masculino mayor de edad, oriundo de la\u00a0Ciudad de Campana, quien trasportaba gran cantidad de\u00a0repuestos y accesorios de motos, sin el debido comprobante fiscal de la compra efectuada, mercader\u00eda esta, con un valor aproximado de mercado estimado en m\u00e1s de\u00a0$200.000\u00a0pesos.\u00a0<\/p>\n\n\n\n<p>Intervino la\u00a0A.F.I.P. regional Mercedes, quien\u00a0labro\u00a0actas\u00a0por infracci\u00f3n a la\u00a0Ley 11.683\u00a0(PENAL TRIBUTARIA),\u00a0no adoptando temperamento\u00a0sobre las\u00a0mercader\u00edas\u00a0y\u00a0los\u00a0veh\u00edculos.\u00a0<\/p>\n\n\n\n<div class=\"wp-block-image\"><figure class=\"aligncenter size-large\"><img loading=\"lazy\" decoding=\"async\" width=\"800\" height=\"600\" data-attachment-id=\"114509\" data-permalink=\"https:\/\/www.hoymercedes.com.ar\/principal\/2020\/08\/02\/nuevo-procedimiento-policial-por-infraccion-a-la-ley-tributaria\/whatsapp-image-2020-07-31-at-14-42-12-1\/#main\" data-orig-file=\"https:\/\/www.hoymercedes.com.ar\/principal\/wp-content\/uploads\/2020\/08\/WhatsApp-Image-2020-07-31-at-14.42.12-1.jpeg\" data-orig-size=\"800,600\" data-comments-opened=\"0\" data-image-meta=\"{&quot;aperture&quot;:&quot;0&quot;,&quot;credit&quot;:&quot;&quot;,&quot;camera&quot;:&quot;&quot;,&quot;caption&quot;:&quot;&quot;,&quot;created_timestamp&quot;:&quot;0&quot;,&quot;copyright&quot;:&quot;&quot;,&quot;focal_length&quot;:&quot;0&quot;,&quot;iso&quot;:&quot;0&quot;,&quot;shutter_speed&quot;:&quot;0&quot;,&quot;title&quot;:&quot;&quot;,&quot;orientation&quot;:&quot;0&quot;}\" data-image-title=\"02 poli federal 2\" data-image-description=\"\" data-image-caption=\"\" data-large-file=\"https:\/\/www.hoymercedes.com.ar\/principal\/wp-content\/uploads\/2020\/08\/WhatsApp-Image-2020-07-31-at-14.42.12-1.jpeg\" src=\"https:\/\/www.hoymercedes.com.ar\/principal\/wp-content\/uploads\/2020\/08\/WhatsApp-Image-2020-07-31-at-14.42.12-1.jpeg\" alt=\"\" class=\"wp-image-114509\"\/><\/figure><\/div>\n","protected":false},"excerpt":{"rendered":"<p>La Delegaci\u00f3n Mercedes de la Polic\u00eda Federal llev\u00f3 adelante un procedimiento por infraci\u00f3n a la Ley 11683, penal tributaria, en &#8230; <a title=\"Nuevo procedimiento policial por infracci\u00f3n a la ley tributaria\" class=\"read-more\" href=\"https:\/\/www.hoymercedes.com.ar\/principal\/2020\/08\/02\/nuevo-procedimiento-policial-por-infraccion-a-la-ley-tributaria\/\" aria-label=\"Leer m\u00e1s sobre Nuevo procedimiento policial por infracci\u00f3n a la ley tributaria\">Leer m\u00e1s<\/a><\/p>\n","protected":false},"author":1,"featured_media":114509,"comment_status":"closed","ping_status":"open","sticky":false,"template":"","format":"standard","meta":{"_monsterinsights_skip_tracking":false,"_monsterinsights_sitenote_active":false,"_monsterinsights_sitenote_note":"","_monsterinsights_sitenote_category":0,"jetpack_post_was_ever_published":false,"_jetpack_newsletter_access":"","_jetpack_dont_email_post_to_subs":false,"_jetpack_newsletter_tier_id":0,"_jetpack_memberships_contains_paywalled_content":false,"_jetpack_memberships_contains_paid_content":false,"footnotes":"","jetpack_publicize_message":"","jetpack_publicize_feature_enabled":true,"jetpack_social_post_already_shared":true,"jetpack_social_options":{"image_generator_settings":{"template":"highway","default_image_id":0,"font":"","enabled":false},"version":2},"_wpas_customize_per_network":false},"categories":[85],"tags":[16925,6549,96],"class_list":["post-114505","post","type-post","status-publish","format-standard","has-post-thumbnail","hentry","category-policial","tag-infraccion-tributaria","tag-policia-federal","tag-policial-2","generate-columns","tablet-grid-50","mobile-grid-100","grid-parent","grid-50"],"jetpack_publicize_connections":[],"jetpack_featured_media_url":"https:\/\/www.hoymercedes.com.ar\/principal\/wp-content\/uploads\/2020\/08\/WhatsApp-Image-2020-07-31-at-14.42.12-1.jpeg","wps_subtitle":"","jetpack_sharing_enabled":true,"_links":{"self":[{"href":"https:\/\/www.hoymercedes.com.ar\/principal\/wp-json\/wp\/v2\/posts\/114505","targetHints":{"allow":["GET"]}}],"collection":[{"href":"https:\/\/www.hoymercedes.com.ar\/principal\/wp-json\/wp\/v2\/posts"}],"about":[{"href":"https:\/\/www.hoymercedes.com.ar\/principal\/wp-json\/wp\/v2\/types\/post"}],"author":[{"embeddable":true,"href":"https:\/\/www.hoymercedes.com.ar\/principal\/wp-json\/wp\/v2\/users\/1"}],"replies":[{"embeddable":true,"href":"https:\/\/www.hoymercedes.com.ar\/principal\/wp-json\/wp\/v2\/comments?post=114505"}],"version-history":[{"count":0,"href":"https:\/\/www.hoymercedes.com.ar\/principal\/wp-json\/wp\/v2\/posts\/114505\/revisions"}],"wp:featuredmedia":[{"embeddable":true,"href":"https:\/\/www.hoymercedes.com.ar\/principal\/wp-json\/wp\/v2\/media\/114509"}],"wp:attachment":[{"href":"https:\/\/www.hoymercedes.com.ar\/principal\/wp-json\/wp\/v2\/media?parent=114505"}],"wp:term":[{"taxonomy":"category","embeddable":true,"href":"https:\/\/www.hoymercedes.com.ar\/principal\/wp-json\/wp\/v2\/categories?post=114505"},{"taxonomy":"post_tag","embeddable":true,"href":"https:\/\/www.hoymercedes.com.ar\/principal\/wp-json\/wp\/v2\/tags?post=114505"}],"curies":[{"name":"wp","href":"https:\/\/api.w.org\/{rel}","templated":true}]}}