{"id":114511,"date":"2020-08-02T15:16:14","date_gmt":"2020-08-02T18:16:14","guid":{"rendered":"http:\/\/www.hoymercedes.com.ar\/principal\/?p=114511"},"modified":"2020-08-04T13:51:10","modified_gmt":"2020-08-04T16:51:10","slug":"coordinan-acciones-y-politicas-educativas-para-el-presente-y-el-post-pandemia","status":"publish","type":"post","link":"https:\/\/www.hoymercedes.com.ar\/principal\/2020\/08\/02\/coordinan-acciones-y-politicas-educativas-para-el-presente-y-el-post-pandemia\/","title":{"rendered":"Coordinan acciones y pol\u00edticas educativas para el presente y el post pandemia"},"content":{"rendered":"\n<p>Fuente: Prensa Municipal &#8211; El intendente Ustarroz mantuvo un encuentro con referentes del Concejo Escolar, ProEBA y Coordinaci\u00f3n Educativa con el objetivo de avanzar en programas y pol\u00edticas de Estado tanto en el actual marco de pandemia como en la planificaci\u00f3n y programaci\u00f3n del retorno a clases. Jos\u00e9 Lu\u00eds Pisano, Florencia Comalini y Pamela Herrara fueron parte del encuentro representando distintos estamentos y proyectos.<\/p>\n\n\n\n<div class=\"wp-block-image\"><figure class=\"aligncenter size-large\"><img loading=\"lazy\" decoding=\"async\" width=\"800\" height=\"450\" data-attachment-id=\"114512\" data-permalink=\"https:\/\/www.hoymercedes.com.ar\/principal\/2020\/08\/02\/coordinan-acciones-y-politicas-educativas-para-el-presente-y-el-post-pandemia\/photo_2020-07-31_17-18-04\/#main\" data-orig-file=\"https:\/\/www.hoymercedes.com.ar\/principal\/wp-content\/uploads\/2020\/08\/photo_2020-07-31_17-18-04.jpg\" data-orig-size=\"800,450\" data-comments-opened=\"0\" data-image-meta=\"{&quot;aperture&quot;:&quot;0&quot;,&quot;credit&quot;:&quot;&quot;,&quot;camera&quot;:&quot;&quot;,&quot;caption&quot;:&quot;&quot;,&quot;created_timestamp&quot;:&quot;0&quot;,&quot;copyright&quot;:&quot;&quot;,&quot;focal_length&quot;:&quot;0&quot;,&quot;iso&quot;:&quot;0&quot;,&quot;shutter_speed&quot;:&quot;0&quot;,&quot;title&quot;:&quot;&quot;,&quot;orientation&quot;:&quot;0&quot;}\" data-image-title=\"photo_2020-07-31_17-18-04\" data-image-description=\"\" data-image-caption=\"\" data-large-file=\"https:\/\/www.hoymercedes.com.ar\/principal\/wp-content\/uploads\/2020\/08\/photo_2020-07-31_17-18-04.jpg\" src=\"https:\/\/www.hoymercedes.com.ar\/principal\/wp-content\/uploads\/2020\/08\/photo_2020-07-31_17-18-04.jpg\" alt=\"\" class=\"wp-image-114512\"\/><\/figure><\/div>\n\n\n\n<p>El presidente del Consejo Escolar, Jos\u00e9 Lu\u00eds Pisano, comento que fue un \u201cencuentro con el espacio educativo del municipio, el ProEBA y nuestras experiencias con el objetivo de trabajar desde varios aspectos\u201d sostuvo y coment\u00f3 algunas de ellas \u201ccomo la realizaci\u00f3n de obras por parte del municipio en las escuelas para garantizar un buen comienzo a clases cuando llegue el momento, la generaci\u00f3n dentro del \u00e1rea de educaci\u00f3n de un espacio espec\u00edfico para el seguimiento y accionar en infraestructura escolar, tambi\u00e9n la b\u00fasqueda de generar posibilidades y oportunidades para crear proyectos que favorezcan la vuelta a clase garantizando los elementos y medidas de higienizaci\u00f3n para personal, docentes y educando fortaleciendo lo que la Provincia viene realizando a trav\u00e9s del Consejo Escolar, otro aspecto dialogado y trabajado fue la posibilidad de avanzar en programas en red con la Direcci\u00f3n de Cultura y Producci\u00f3n que tiendan a garantizar que aquellos chicos que vieron muy perjudicados por la pandemia no abandonen la escuela , sino que al contrario puedan retomar reforzadamente\u201d&nbsp;&nbsp;inform\u00f3 y avanzo adem\u00e1s comentando que \u201cse continuar\u00e1 actuando en pos de fortalecer las relaciones con la educaci\u00f3n privada, con los jardines maternales como lo venimos haciendo, acompa\u00f1ando las gestiones de instituciones privadas y participando desde la municipalidad en la articulaci\u00f3n con la provincia de Buenos Aires donde pronto tendremos una reuni\u00f3n junto a las autoridades del distrito y seguir agilizando y analizando las cuestiones que tanto nos interesan y preocupan\u201d inform\u00f3 el consejo.<\/p>\n\n\n\n<p>El encuentro efectuado en el Palacio Municipal cont\u00f3 con la participaci\u00f3n del jefe comunal, Dr Juan Ignacio Ustarroz, la coordinadora de educaci\u00f3n comunal, profesora Pamela Herrara y la coordinadora del ProEBA Florencia Comalini.<\/p>\n\n\n\n<p>Para el intendente Ustarroz \u201cpensar en educaci\u00f3n, en dispositivos de gesti\u00f3n, de inclusi\u00f3n, en los mecanismos de ense\u00f1anza aprendizaje, en las instituciones tanto en su rol hist\u00f3rico como en la actualidad, en el posicionamiento activo y fundamental de cada actor de las comunidades educativas es siempre importante y necesario\u201d.<\/p>\n\n\n\n<p>El \u00e1mbito educativo, vale recordar, se encuentra muy activo en \u00e9pocas de pandemia. Por un lado, la promoci\u00f3n y asistencia educativa a distancia de los miles de ni\u00f1os, ni\u00f1as y adolescentes que no asisten a clases y demandan una amplia tarea. Por otro lado, directivos, personal docente y de maestranza es parte de la enorme red de asistencia alimentaria reforzada desde Provincia y el Municipio que d\u00edas atr\u00e1s se expuso la distribuci\u00f3n de m\u00e1s de 6000 bolsas para casi 12 mil educandos.<\/p>\n","protected":false},"excerpt":{"rendered":"<p>Fuente: Prensa Municipal &#8211; El intendente Ustarroz mantuvo un encuentro con referentes del Concejo Escolar, ProEBA y Coordinaci\u00f3n Educativa con &#8230; <a title=\"Coordinan acciones y pol\u00edticas educativas para el presente y el post pandemia\" class=\"read-more\" href=\"https:\/\/www.hoymercedes.com.ar\/principal\/2020\/08\/02\/coordinan-acciones-y-politicas-educativas-para-el-presente-y-el-post-pandemia\/\" aria-label=\"Leer m\u00e1s sobre Coordinan acciones y pol\u00edticas educativas para el presente y el post pandemia\">Leer m\u00e1s<\/a><\/p>\n","protected":false},"author":1,"featured_media":114512,"comment_status":"closed","ping_status":"open","sticky":false,"template":"","format":"standard","meta":{"_monsterinsights_skip_tracking":false,"_monsterinsights_sitenote_active":false,"_monsterinsights_sitenote_note":"","_monsterinsights_sitenote_category":0,"jetpack_post_was_ever_published":false,"_jetpack_newsletter_access":"","_jetpack_dont_email_post_to_subs":false,"_jetpack_newsletter_tier_id":0,"_jetpack_memberships_contains_paywalled_content":false,"_jetpack_memberships_contains_paid_content":false,"footnotes":"","jetpack_publicize_message":"","jetpack_publicize_feature_enabled":true,"jetpack_social_post_already_shared":true,"jetpack_social_options":{"image_generator_settings":{"template":"highway","default_image_id":0,"font":"","enabled":false},"version":2},"_wpas_customize_per_network":false},"categories":[30],"tags":[47,16323],"class_list":["post-114511","post","type-post","status-publish","format-standard","has-post-thumbnail","hentry","category-municipio","tag-educacion-2","tag-pandemia","generate-columns","tablet-grid-50","mobile-grid-100","grid-parent","grid-50"],"jetpack_publicize_connections":[],"jetpack_featured_media_url":"https:\/\/www.hoymercedes.com.ar\/principal\/wp-content\/uploads\/2020\/08\/photo_2020-07-31_17-18-04.jpg","wps_subtitle":"","jetpack_sharing_enabled":true,"_links":{"self":[{"href":"https:\/\/www.hoymercedes.com.ar\/principal\/wp-json\/wp\/v2\/posts\/114511","targetHints":{"allow":["GET"]}}],"collection":[{"href":"https:\/\/www.hoymercedes.com.ar\/principal\/wp-json\/wp\/v2\/posts"}],"about":[{"href":"https:\/\/www.hoymercedes.com.ar\/principal\/wp-json\/wp\/v2\/types\/post"}],"author":[{"embeddable":true,"href":"https:\/\/www.hoymercedes.com.ar\/principal\/wp-json\/wp\/v2\/users\/1"}],"replies":[{"embeddable":true,"href":"https:\/\/www.hoymercedes.com.ar\/principal\/wp-json\/wp\/v2\/comments?post=114511"}],"version-history":[{"count":0,"href":"https:\/\/www.hoymercedes.com.ar\/principal\/wp-json\/wp\/v2\/posts\/114511\/revisions"}],"wp:featuredmedia":[{"embeddable":true,"href":"https:\/\/www.hoymercedes.com.ar\/principal\/wp-json\/wp\/v2\/media\/114512"}],"wp:attachment":[{"href":"https:\/\/www.hoymercedes.com.ar\/principal\/wp-json\/wp\/v2\/media?parent=114511"}],"wp:term":[{"taxonomy":"category","embeddable":true,"href":"https:\/\/www.hoymercedes.com.ar\/principal\/wp-json\/wp\/v2\/categories?post=114511"},{"taxonomy":"post_tag","embeddable":true,"href":"https:\/\/www.hoymercedes.com.ar\/principal\/wp-json\/wp\/v2\/tags?post=114511"}],"curies":[{"name":"wp","href":"https:\/\/api.w.org\/{rel}","templated":true}]}}