{"id":114516,"date":"2020-08-02T23:45:53","date_gmt":"2020-08-03T02:45:53","guid":{"rendered":"http:\/\/www.hoymercedes.com.ar\/principal\/?p=114516"},"modified":"2020-08-04T13:49:49","modified_gmt":"2020-08-04T16:49:49","slug":"coronavirus-en-mercedes-informe-de-domingo","status":"publish","type":"post","link":"https:\/\/www.hoymercedes.com.ar\/principal\/2020\/08\/02\/coronavirus-en-mercedes-informe-de-domingo\/","title":{"rendered":"Coronavirus en Mercedes: informe de domingo"},"content":{"rendered":"\n<p>Este domingo 2 de agosto, el Municipio de Mercedes y el Hospital Blas L. Dubarry enviaron una comunicaci\u00f3n a modo de cierre del d\u00eda con la situaci\u00f3n epidemiol\u00f3gica que expresa: \u00abEn el d\u00eda de la fecha el Laboratorio de Virolog\u00eda Molecular Municipal no emiti\u00f3 resultados propios de los procesos cient\u00edficos que lleva adelante cotidianamente. Los test e hisopados de la jornada tendr\u00e1n su resultado el pr\u00f3ximo lunes\u00bb.<\/p>\n\n\n\n<p>\u00abEn el d\u00eda de la fecha 5 pacientes fueron dados de alta tras su recuperaci\u00f3n m\u00e9dica arribando a un total de 320. Al d\u00eda de la fecha tenemos 111 casos activos y 437 desde iniciada la pandemia. En seguimiento por contacto estrecho contin\u00faan a instancias del Centro de Teleseguimiento con 90 operadores socio sanitarios 410 mercedinos\u00bb, agrega la comunicaci\u00f3n oficial. <\/p>\n\n\n\n<p>\u00abEn cuanto al Centro de Aislamiento Sanitario II con todas las normas socio sanitarias y un fuerte trabajo de Salud, Protecci\u00f3n Civil, SAME, Seguridad, Desarrollo Social y Servicios P\u00fablicos tiene 5 pacientes alojados, aislados y monitoreados\u00bb, concluye.<\/p>\n\n\n\n<div class=\"wp-block-image\"><figure class=\"aligncenter size-large\"><img loading=\"lazy\" decoding=\"async\" width=\"900\" height=\"900\" data-attachment-id=\"114521\" data-permalink=\"https:\/\/www.hoymercedes.com.ar\/principal\/2020\/08\/02\/coronavirus-en-mercedes-informe-de-domingo\/whatsapp-image-2020-08-02-at-22-04-22\/#main\" data-orig-file=\"https:\/\/www.hoymercedes.com.ar\/principal\/wp-content\/uploads\/2020\/08\/WhatsApp-Image-2020-08-02-at-22.04.22.jpeg\" data-orig-size=\"900,900\" data-comments-opened=\"0\" data-image-meta=\"{&quot;aperture&quot;:&quot;0&quot;,&quot;credit&quot;:&quot;&quot;,&quot;camera&quot;:&quot;&quot;,&quot;caption&quot;:&quot;&quot;,&quot;created_timestamp&quot;:&quot;0&quot;,&quot;copyright&quot;:&quot;&quot;,&quot;focal_length&quot;:&quot;0&quot;,&quot;iso&quot;:&quot;0&quot;,&quot;shutter_speed&quot;:&quot;0&quot;,&quot;title&quot;:&quot;&quot;,&quot;orientation&quot;:&quot;0&quot;}\" data-image-title=\"WhatsApp Image 2020-08-02 at 22.04.22\" data-image-description=\"\" data-image-caption=\"\" data-large-file=\"https:\/\/www.hoymercedes.com.ar\/principal\/wp-content\/uploads\/2020\/08\/WhatsApp-Image-2020-08-02-at-22.04.22.jpeg\" src=\"https:\/\/www.hoymercedes.com.ar\/principal\/wp-content\/uploads\/2020\/08\/WhatsApp-Image-2020-08-02-at-22.04.22.jpeg\" alt=\"\" class=\"wp-image-114521\"\/><\/figure><\/div>\n\n\n\n<p><strong>Informe nacional<\/strong><\/p>\n\n\n\n<p>Desde el \u00e1mbito nacional informaron que este domingo 5.376 nuevos casos de COVID-19. En el detalle confirman que el total del d\u00eda se distribuye en: Buenos Aires 3.797; Ciudad de Buenos Aires 971; Catamarca 2; Chaco 33; Chubut 2; C\u00f3rdoba 87; Corrientes 4; Entre R\u00edos 20; Jujuy 38; La Pampa 7; La Rioja 7; Mendoza 95; Misiones 6; Neuqu\u00e9n 8; R\u00edo Negro 56; Salta 17; Santa Cruz 18; Santa Fe 78; Tierra del Fuego 96 y Tucum\u00e1n 34. Con estos registros, suman 201.919 positivos en el pa\u00eds.<\/p>\n\n\n\n<p>Asimismo, comunicaron que 34 personas fallecieron por causa del covid-19 en las \u00faltimas 24 horas. Las primeras las informaron a la ma\u00f1ana: 9 hombres (cinco residentes en la provincia de Buenos Aires; tres residentes en la Ciudad de Buenos Aires; y un residente en la provincia de Chaco) y 7 mujeres (tres residentes en la provincia de Buenos Aires; dos residentes en la Ciudad de Buenos Aires; un residente en la provincia de Mendoza; y 1 residente en la provincia de Santa F\u00e9).<\/p>\n\n\n\n<p>En el informe vespertino, registraron 36 fallecimientos: 18 hombres (quince residentes en la provincia de Buenos Aires; dos residentes en la provincia de Mendoza; y un residente en la provincia de Santa Fe) y 18 mujeres (catorce residentes en la provincia de Buenos Aires; dos residentes en la Ciudad de Buenos Aires; un residente en la provincia de C\u00f3rdoba; y un residente en la provincia de Mendoza). Al momento la cantidad de personas fallecidas es 3.648.<\/p>\n","protected":false},"excerpt":{"rendered":"<p>Este domingo 2 de agosto, el Municipio de Mercedes y el Hospital Blas L. Dubarry enviaron una comunicaci\u00f3n a modo &#8230; <a title=\"Coronavirus en Mercedes: informe de domingo\" class=\"read-more\" href=\"https:\/\/www.hoymercedes.com.ar\/principal\/2020\/08\/02\/coronavirus-en-mercedes-informe-de-domingo\/\" aria-label=\"Leer m\u00e1s sobre Coronavirus en Mercedes: informe de domingo\">Leer m\u00e1s<\/a><\/p>\n","protected":false},"author":1,"featured_media":114521,"comment_status":"closed","ping_status":"open","sticky":false,"template":"","format":"standard","meta":{"_monsterinsights_skip_tracking":false,"_monsterinsights_sitenote_active":false,"_monsterinsights_sitenote_note":"","_monsterinsights_sitenote_category":0,"jetpack_post_was_ever_published":false,"_jetpack_newsletter_access":"","_jetpack_dont_email_post_to_subs":false,"_jetpack_newsletter_tier_id":0,"_jetpack_memberships_contains_paywalled_content":false,"_jetpack_memberships_contains_paid_content":false,"footnotes":"","jetpack_publicize_message":"","jetpack_publicize_feature_enabled":true,"jetpack_social_post_already_shared":true,"jetpack_social_options":{"image_generator_settings":{"template":"highway","default_image_id":0,"font":"","enabled":false},"version":2},"_wpas_customize_per_network":false},"categories":[9791],"tags":[16561,16175,16313],"class_list":["post-114516","post","type-post","status-publish","format-standard","has-post-thumbnail","hentry","category-salud","tag-cierre-del-dia","tag-coronavirus","tag-covid-19","generate-columns","tablet-grid-50","mobile-grid-100","grid-parent","grid-50"],"jetpack_publicize_connections":[],"jetpack_featured_media_url":"https:\/\/www.hoymercedes.com.ar\/principal\/wp-content\/uploads\/2020\/08\/WhatsApp-Image-2020-08-02-at-22.04.22.jpeg","wps_subtitle":"Cierre del d\u00eda","jetpack_sharing_enabled":true,"_links":{"self":[{"href":"https:\/\/www.hoymercedes.com.ar\/principal\/wp-json\/wp\/v2\/posts\/114516","targetHints":{"allow":["GET"]}}],"collection":[{"href":"https:\/\/www.hoymercedes.com.ar\/principal\/wp-json\/wp\/v2\/posts"}],"about":[{"href":"https:\/\/www.hoymercedes.com.ar\/principal\/wp-json\/wp\/v2\/types\/post"}],"author":[{"embeddable":true,"href":"https:\/\/www.hoymercedes.com.ar\/principal\/wp-json\/wp\/v2\/users\/1"}],"replies":[{"embeddable":true,"href":"https:\/\/www.hoymercedes.com.ar\/principal\/wp-json\/wp\/v2\/comments?post=114516"}],"version-history":[{"count":0,"href":"https:\/\/www.hoymercedes.com.ar\/principal\/wp-json\/wp\/v2\/posts\/114516\/revisions"}],"wp:featuredmedia":[{"embeddable":true,"href":"https:\/\/www.hoymercedes.com.ar\/principal\/wp-json\/wp\/v2\/media\/114521"}],"wp:attachment":[{"href":"https:\/\/www.hoymercedes.com.ar\/principal\/wp-json\/wp\/v2\/media?parent=114516"}],"wp:term":[{"taxonomy":"category","embeddable":true,"href":"https:\/\/www.hoymercedes.com.ar\/principal\/wp-json\/wp\/v2\/categories?post=114516"},{"taxonomy":"post_tag","embeddable":true,"href":"https:\/\/www.hoymercedes.com.ar\/principal\/wp-json\/wp\/v2\/tags?post=114516"}],"curies":[{"name":"wp","href":"https:\/\/api.w.org\/{rel}","templated":true}]}}