{"id":114540,"date":"2020-08-03T13:35:00","date_gmt":"2020-08-03T16:35:00","guid":{"rendered":"http:\/\/www.hoymercedes.com.ar\/principal\/?p=114540"},"modified":"2020-08-04T13:47:08","modified_gmt":"2020-08-04T16:47:08","slug":"provincia-detalles-sobre-la-situacion-epidemiologica-y-las-medidas-para-contener-la-pandemia","status":"publish","type":"post","link":"https:\/\/www.hoymercedes.com.ar\/principal\/2020\/08\/03\/provincia-detalles-sobre-la-situacion-epidemiologica-y-las-medidas-para-contener-la-pandemia\/","title":{"rendered":"Provincia: detalles sobre la situaci\u00f3n epidemiol\u00f3gica y las medidas para contener la pandemia"},"content":{"rendered":"\n<p>El jefe de Gabinete, Carlos Bianco, y el ministro de Salud, Daniel Goll\u00e1n, brindaron hoy detalles acerca de la situaci\u00f3n epidemiol\u00f3gica en la provincia de Buenos Aires y las medias tomadas por el gobierno bonaerense para contener el avance de la pandemia de covid-19. En el encuentro con los medios de prensa, realizado en el Sal\u00f3n Dorado de la Casa de Gobierno bonaerense, los funcionarios estuvieron acompa\u00f1ados por el subsecretario de Salud y Cuidados Integrales, Nicol\u00e1s Kreplak.<\/p>\n\n\n\n<figure class=\"wp-block-image size-large\"><img loading=\"lazy\" decoding=\"async\" width=\"800\" height=\"532\" data-attachment-id=\"114541\" data-permalink=\"https:\/\/www.hoymercedes.com.ar\/principal\/2020\/08\/03\/provincia-detalles-sobre-la-situacion-epidemiologica-y-las-medidas-para-contener-la-pandemia\/03-provincia-salud\/#main\" data-orig-file=\"https:\/\/www.hoymercedes.com.ar\/principal\/wp-content\/uploads\/2020\/08\/03-provincia-salud.jpg\" data-orig-size=\"800,532\" data-comments-opened=\"0\" data-image-meta=\"{&quot;aperture&quot;:&quot;0&quot;,&quot;credit&quot;:&quot;&quot;,&quot;camera&quot;:&quot;&quot;,&quot;caption&quot;:&quot;&quot;,&quot;created_timestamp&quot;:&quot;0&quot;,&quot;copyright&quot;:&quot;&quot;,&quot;focal_length&quot;:&quot;0&quot;,&quot;iso&quot;:&quot;0&quot;,&quot;shutter_speed&quot;:&quot;0&quot;,&quot;title&quot;:&quot;&quot;,&quot;orientation&quot;:&quot;0&quot;}\" data-image-title=\"03 provincia salud}\" data-image-description=\"\" data-image-caption=\"\" data-large-file=\"https:\/\/www.hoymercedes.com.ar\/principal\/wp-content\/uploads\/2020\/08\/03-provincia-salud.jpg\" src=\"https:\/\/www.hoymercedes.com.ar\/principal\/wp-content\/uploads\/2020\/08\/03-provincia-salud.jpg\" alt=\"\" class=\"wp-image-114541\"\/><\/figure>\n\n\n\n<p>En su presentaci\u00f3n, el ministro Goll\u00e1n expuso las tres dimensiones en las que trabaja el gobierno de la provincia en materia sanitaria: la contenci\u00f3n del n\u00famero de casos, la ampliaci\u00f3n de la capacidad sanitaria y la b\u00fasqueda de avances en materia terap\u00e9utica. El ministro destac\u00f3 las medidas de cuidado y prevenci\u00f3n que se han venido tomando tanto desde el gobierno nacional como el provincial, lo que ha permitido que el que el nivel de contagios est\u00e9 avanzando a una velocidad acotada. En este sentido, remarc\u00f3 que ese ritmo controlado tiene que ver con que hay actividades que no est\u00e1n funcionando, por lo que la liberaci\u00f3n de m\u00e1s actividades llevar\u00eda aparejado el aumento de casos. No obstante, la pandemia avanza tanto en el interior de la provincia como en los distintos cordones del \u00e1rea metropolitana de Buenos Aires (AMBA) y en la propia Ciudad Aut\u00f3noma de Buenos Aires, si bien a diferentes velocidades, lo que exige un tratamiento integral de la situaci\u00f3n. Goll\u00e1n remarc\u00f3 a ambos lados de la avenida General Paz el virus es el mismo y tiende a comportarse de la misma manera, sin hacer distinciones pol\u00edticas, por lo que pidi\u00f3 a los medios de comunicaci\u00f3n un tratamiento del tema con rigor cient\u00edfico.<\/p>\n\n\n\n<p>Asimismo, el ministro de Salud expres\u00f3 preocupaci\u00f3n por el aumento de la ocupaci\u00f3n de las camas de terapia intensiva en toda la provincia y especialmente en el AMBA, donde ya se encuentran ocupadas el 63% de las 2.821 camas disponibles para adultos tanto en el sector p\u00fablico como en el privado. Pese a la ampliaci\u00f3n constante del n\u00famero de camas, el crecimiento de los contagios ha hecho que este porcentaje se incremente sostenidamente, y que dentro de la cifra sea cada vez mayor la proporci\u00f3n de pacientes de covid-19.<\/p>\n\n\n\n<p>Paralelamente, Goll\u00e1n present\u00f3 otras medidas que el gobierno bonaerense viene implementando en materia sanitaria, tales como la ampliaci\u00f3n del n\u00famero de laboratorios que realizan testeos de covid-19, que en la actualidad llegan a 41 y han realizado cerca de 360.00 pruebas, a un ritmo de 7.600 por d\u00eda. Esta ampliaci\u00f3n ha permitido que hasta la fecha el 48% de los testeos realizados en todo el pa\u00eds correspondan a la provincia de Buenos Aires. El ministro tambi\u00e9n destac\u00f3 el esfuerzo que se realiza en materia de compra de equipamientos (entre ellos, 1.054 respiradores y unas 1.000 camas de terapia intensiva) e insumos sanitarios (entre ellos, barbijos N95 y quir\u00fargicos, as\u00ed como camisolines). En lo que hace a alternativas terap\u00e9uticas, Goll\u00e1n destac\u00f3 que est\u00e1n por comenzar los ensayos con suero hiperinmune, el cual permitir\u00e1 ampliar la capacidad de realizar tratamientos.<\/p>\n\n\n\n<p>Por su parte, el jefe de Gabinete, Carlos Bianco, afirm\u00f3 que se va a continuar con el esquema de fases de aislamiento y distanciamiento social, preventivo y obligatorio que se viene implementando en la provincia, en el marco de un permanente monitoreo de los indicadores sanitarios para evaluar la toma de medidas. Bianco remarc\u00f3 el absoluto acuerdo con la medida presidencial de suspender las reuniones sociales en todo el pa\u00eds, a ra\u00edz de episodios de p\u00fablico conocimiento en los que diversos comportamientos irresponsables se tradujeron en brotes. En tal sentido, destac\u00f3 la enorme necesidad de que las y los bonaerenses sean conscientes de la importancia de actuar con responsabilidad. En lo referido al esquema de fases, Bianco se\u00f1al\u00f3 que 37 distritos se encuentran en fase 3, 46 en fase 4 y 52 en fase 5. Asimismo, dijo que se siguen poniendo en vigor protocolos espec\u00edficos para el funcionamiento de distintas actividades. El jefe de Gabinete destac\u00f3 el permanente trabajo que realiza el estado provincial tanto en materia sanitaria como econ\u00f3mica y social para asistir a la poblaci\u00f3n con ingresos y atenci\u00f3n sanitaria y alimentaria: \u201cEstamos haciendo un esfuerzo grand\u00edsimo y millonario con la ayuda del gobierno nacional y recursos propios de la provincia, asistiendo a los municipios para que puedan afrontar sus gastos corrientes y los que implica la atenci\u00f3n de la pandemia\u201d, afirm\u00f3.<\/p>\n\n\n\n<p>Finalmente, el jefe de Gabinete fue consultado sobre la falta de acompa\u00f1amiento del proyecto de ley de financiamiento por parte de la oposici\u00f3n en la Legislatura bonaerense. Al respecto, Bianco se\u00f1al\u00f3 que la oposici\u00f3n deber\u00eda dar una explicaci\u00f3n a por qu\u00e9 est\u00e1 asfixiando financieramente a la provincia, y agreg\u00f3: \u201cNosotros establecimos una pol\u00edtica de financiamiento responsable, a diferencia de una clar\u00edsima pol\u00edtica de endeudamiento irresponsable del gobierno anterior\u201d. En este sentido, se\u00f1al\u00f3 que el proyecto prev\u00e9 la extensi\u00f3n de los plazos de devoluci\u00f3n del fondo de emergencia otorgado a los distritos, algo que los propios intendentes de Juntos por el Cambio les solicitan a sus legisladores. Asimismo, est\u00e1 contemplada la toma de endeudamiento con organismos internacionales de cr\u00e9dito para el desarrollo, a plazos y tasas muy convenientes, destinados a infraestructura vial y educativa, construcci\u00f3n de viviendas populares y dotaci\u00f3n de agua potable, as\u00ed como financiamiento en pesos en el mercado local destinado a saldar la deuda con proveedores heredada de la gesti\u00f3n anterior y a seguir ofreciendo asistencia financiera a los 135 municipios de la provincia. Bianco agreg\u00f3 que la oposici\u00f3n parecer\u00eda \u201cestar poniendo palos en la rueda\u201d como parte de una estrategia que busca un beneficio pol\u00edtico o electoral, y concluy\u00f3: \u201cNosotros estamos pensando todos los d\u00edas en evitar muertes, en mejorar la atenci\u00f3n sanitaria. Se ve que ellos ya est\u00e1n especulando con las elecciones del a\u00f1o pr\u00f3ximo. Nosotros no\u201d.<\/p>\n","protected":false},"excerpt":{"rendered":"<p>El jefe de Gabinete, Carlos Bianco, y el ministro de Salud, Daniel Goll\u00e1n, brindaron hoy detalles acerca de la situaci\u00f3n &#8230; <a title=\"Provincia: detalles sobre la situaci\u00f3n epidemiol\u00f3gica y las medidas para contener la pandemia\" class=\"read-more\" href=\"https:\/\/www.hoymercedes.com.ar\/principal\/2020\/08\/03\/provincia-detalles-sobre-la-situacion-epidemiologica-y-las-medidas-para-contener-la-pandemia\/\" aria-label=\"Leer m\u00e1s sobre Provincia: detalles sobre la situaci\u00f3n epidemiol\u00f3gica y las medidas para contener la pandemia\">Leer m\u00e1s<\/a><\/p>\n","protected":false},"author":1,"featured_media":114541,"comment_status":"closed","ping_status":"open","sticky":false,"template":"","format":"standard","meta":{"_monsterinsights_skip_tracking":false,"_monsterinsights_sitenote_active":false,"_monsterinsights_sitenote_note":"","_monsterinsights_sitenote_category":0,"jetpack_post_was_ever_published":false,"_jetpack_newsletter_access":"","_jetpack_dont_email_post_to_subs":false,"_jetpack_newsletter_tier_id":0,"_jetpack_memberships_contains_paywalled_content":false,"_jetpack_memberships_contains_paid_content":false,"footnotes":"","jetpack_publicize_message":"","jetpack_publicize_feature_enabled":true,"jetpack_social_post_already_shared":true,"jetpack_social_options":{"image_generator_settings":{"template":"highway","default_image_id":0,"font":"","enabled":false},"version":2},"_wpas_customize_per_network":false},"categories":[8881],"tags":[1803,16771],"class_list":["post-114540","post","type-post","status-publish","format-standard","has-post-thumbnail","hentry","category-provincia","tag-provincia","tag-situacion-epidemiologica","generate-columns","tablet-grid-50","mobile-grid-100","grid-parent","grid-50"],"jetpack_publicize_connections":[],"jetpack_featured_media_url":"https:\/\/www.hoymercedes.com.ar\/principal\/wp-content\/uploads\/2020\/08\/03-provincia-salud.jpg","wps_subtitle":"","jetpack_sharing_enabled":true,"_links":{"self":[{"href":"https:\/\/www.hoymercedes.com.ar\/principal\/wp-json\/wp\/v2\/posts\/114540","targetHints":{"allow":["GET"]}}],"collection":[{"href":"https:\/\/www.hoymercedes.com.ar\/principal\/wp-json\/wp\/v2\/posts"}],"about":[{"href":"https:\/\/www.hoymercedes.com.ar\/principal\/wp-json\/wp\/v2\/types\/post"}],"author":[{"embeddable":true,"href":"https:\/\/www.hoymercedes.com.ar\/principal\/wp-json\/wp\/v2\/users\/1"}],"replies":[{"embeddable":true,"href":"https:\/\/www.hoymercedes.com.ar\/principal\/wp-json\/wp\/v2\/comments?post=114540"}],"version-history":[{"count":0,"href":"https:\/\/www.hoymercedes.com.ar\/principal\/wp-json\/wp\/v2\/posts\/114540\/revisions"}],"wp:featuredmedia":[{"embeddable":true,"href":"https:\/\/www.hoymercedes.com.ar\/principal\/wp-json\/wp\/v2\/media\/114541"}],"wp:attachment":[{"href":"https:\/\/www.hoymercedes.com.ar\/principal\/wp-json\/wp\/v2\/media?parent=114540"}],"wp:term":[{"taxonomy":"category","embeddable":true,"href":"https:\/\/www.hoymercedes.com.ar\/principal\/wp-json\/wp\/v2\/categories?post=114540"},{"taxonomy":"post_tag","embeddable":true,"href":"https:\/\/www.hoymercedes.com.ar\/principal\/wp-json\/wp\/v2\/tags?post=114540"}],"curies":[{"name":"wp","href":"https:\/\/api.w.org\/{rel}","templated":true}]}}