{"id":114544,"date":"2020-08-03T17:34:43","date_gmt":"2020-08-03T20:34:43","guid":{"rendered":"http:\/\/www.hoymercedes.com.ar\/principal\/?p=114544"},"modified":"2020-08-04T11:03:45","modified_gmt":"2020-08-04T14:03:45","slug":"aprehendida-por-tenencia-de-estupefacientes-con-fines-de-comercializacion","status":"publish","type":"post","link":"https:\/\/www.hoymercedes.com.ar\/principal\/2020\/08\/03\/aprehendida-por-tenencia-de-estupefacientes-con-fines-de-comercializacion\/","title":{"rendered":"Aprehendida por tenencia de estupefacientes con fines de comercializaci\u00f3n"},"content":{"rendered":"\n<p>En la jornada del viernes, tras un allanamiento en la localidad de General Rodr\u00edguez se logr\u00f3 la aprehensi\u00f3n de una mujer de nacionalidad peruana por contar en su domicilio con envoltorios de clorhidrato de coca\u00edna y elementos que se utilizan para el fraccionamiento de estupefacientes<\/p>\n\n\n\n<div class=\"wp-block-image\"><figure class=\"aligncenter size-large\"><img loading=\"lazy\" decoding=\"async\" width=\"800\" height=\"600\" data-attachment-id=\"114545\" data-permalink=\"https:\/\/www.hoymercedes.com.ar\/principal\/2020\/08\/03\/aprehendida-por-tenencia-de-estupefacientes-con-fines-de-comercializacion\/03-poli-lujan\/#main\" data-orig-file=\"https:\/\/www.hoymercedes.com.ar\/principal\/wp-content\/uploads\/2020\/08\/03-poli-lujan.jpeg\" data-orig-size=\"800,600\" data-comments-opened=\"0\" data-image-meta=\"{&quot;aperture&quot;:&quot;0&quot;,&quot;credit&quot;:&quot;&quot;,&quot;camera&quot;:&quot;&quot;,&quot;caption&quot;:&quot;&quot;,&quot;created_timestamp&quot;:&quot;0&quot;,&quot;copyright&quot;:&quot;&quot;,&quot;focal_length&quot;:&quot;0&quot;,&quot;iso&quot;:&quot;0&quot;,&quot;shutter_speed&quot;:&quot;0&quot;,&quot;title&quot;:&quot;&quot;,&quot;orientation&quot;:&quot;0&quot;}\" data-image-title=\"03 poli lujan\" data-image-description=\"\" data-image-caption=\"\" data-large-file=\"https:\/\/www.hoymercedes.com.ar\/principal\/wp-content\/uploads\/2020\/08\/03-poli-lujan.jpeg\" src=\"https:\/\/www.hoymercedes.com.ar\/principal\/wp-content\/uploads\/2020\/08\/03-poli-lujan.jpeg\" alt=\"\" class=\"wp-image-114545\"\/><\/figure><\/div>\n\n\n\n<p>Tras an\u00e1lisis telef\u00f3nicos, a ra\u00edz de una causa iniciada en 2017 y por la cual el a\u00f1o pasado hubo dos detenidos oriundos de la localidad de Luj\u00e1n se logr\u00f3 determinar que la persona aprehendida cumplir\u00eda el rol de distribuidora de estupefacientes.<\/p>\n\n\n\n<p>Vale recordar que a fines del mes de agosto se llev\u00f3 a cabo la aprehensi\u00f3n de un hombre (de 35 a\u00f1os) y una mujer (38), en el marco de una investigaci\u00f3n por presunta modalidad delivery de estupefacientes. Se inici\u00f3 una investigaci\u00f3n penal preparatoria por posible infracci\u00f3n de la Ley 23.737 en la localidad, por ante la Unidad Funcional de Instrucci\u00f3n N.\u00ba 10 con colaboraci\u00f3n de la Ayudant\u00eda Fiscal Especializada en Estupefacientes del Departamento Judicial de Mercedes y la Delegaci\u00f3n Departamental Mercedes de Investigaciones del Tr\u00e1fico de Drogas Il\u00edcitas y Crimen Organizado.<\/p>\n\n\n\n<p>Durante varios meses se llevaron a cabo tareas de encubierto por parte de agentes policiales, y se fueron recabando diferentes elementos de inter\u00e9s para la investigaci\u00f3n, logrando&nbsp; establecer que la investigada era la responsable de la comercializaci\u00f3n de sustancias estupefacientes modalidad delivery, dado que esta acordaba con los compradores mediante distintos medios de comunicaci\u00f3n la venta de sustancias estupefacientes para luego salir en alg\u00fan veh\u00edculo a realizar la entrega de la mencionada sustancia prohibida mayormente en la zona de Lujan y en horas nocturnas. Dicha investigaci\u00f3n se encuentra actualmente en etapa de elevaci\u00f3n a juicio con intervenci\u00f3n del Juzgado de Garant\u00edas N.\u00ba 2.<\/p>\n\n\n\n<p>Al continuar la investigaci\u00f3n con los distintos elementos de prueba recogidos, desde la UFI N\u00b0 10 \u2013 a cargo de la dr. Mar\u00eda Laura Cordiviola &#8211; se solicit\u00f3 al Juzgado de Garant\u00edas N\u00b0 2 \u2013 a cargo del dr. Facundo Oliva \u2013 una orden de allanamiento para un domicilio en la localidad de General Rodr\u00edguez. La misma fue concedida y ejecutada el pasado jueves 30 de julio.<\/p>\n\n\n\n<p>En el lugar se secuestraron 158,7 gramos de clorhidrato de coca\u00edna, tel\u00e9fonos celulares y elementos que se utilizan para el fraccionamiento de estupefacientes y se procedi\u00f3 a la aprehensi\u00f3n de una mujer de nacionalidad peruana de 36 a\u00f1os.<\/p>\n\n\n\n<p>La aprehendida compareci\u00f3 el viernes 31 ante la agente fiscal a cargo en el marco de la audiencia de declaraci\u00f3n en los t\u00e9rminos del art. 308 del C\u00f3digo Procesal Penal por el delito de \u201cTenencia\u00a0 de estupefacientes con fines de comercializaci\u00f3n fraccionadas en dosis destinadas directamente a los consumidores\u201d.<\/p>\n\n\n\n<p>Fuente: Ministerio P\u00fablico Fiscal &#8211; Depto judicial Mercedes<\/p>\n","protected":false},"excerpt":{"rendered":"<p>En la jornada del viernes, tras un allanamiento en la localidad de General Rodr\u00edguez se logr\u00f3 la aprehensi\u00f3n de una &#8230; <a title=\"Aprehendida por tenencia de estupefacientes con fines de comercializaci\u00f3n\" class=\"read-more\" href=\"https:\/\/www.hoymercedes.com.ar\/principal\/2020\/08\/03\/aprehendida-por-tenencia-de-estupefacientes-con-fines-de-comercializacion\/\" aria-label=\"Leer m\u00e1s sobre Aprehendida por tenencia de estupefacientes con fines de comercializaci\u00f3n\">Leer m\u00e1s<\/a><\/p>\n","protected":false},"author":1,"featured_media":114545,"comment_status":"closed","ping_status":"open","sticky":false,"template":"","format":"standard","meta":{"_monsterinsights_skip_tracking":false,"_monsterinsights_sitenote_active":false,"_monsterinsights_sitenote_note":"","_monsterinsights_sitenote_category":0,"jetpack_post_was_ever_published":false,"_jetpack_newsletter_access":"","_jetpack_dont_email_post_to_subs":false,"_jetpack_newsletter_tier_id":0,"_jetpack_memberships_contains_paywalled_content":false,"_jetpack_memberships_contains_paid_content":false,"footnotes":"","jetpack_publicize_message":"","jetpack_publicize_feature_enabled":true,"jetpack_social_post_already_shared":true,"jetpack_social_options":{"image_generator_settings":{"template":"highway","default_image_id":0,"font":"","enabled":false},"version":2},"_wpas_customize_per_network":false},"categories":[85],"tags":[7125,15056,10581,86,16063,96],"class_list":["post-114544","post","type-post","status-publish","format-standard","has-post-thumbnail","hentry","category-policial","tag-allanamientos","tag-aprehenciones","tag-fiscalia","tag-lujan","tag-ministerio-fiscal","tag-policial-2","generate-columns","tablet-grid-50","mobile-grid-100","grid-parent","grid-50"],"jetpack_publicize_connections":[],"jetpack_featured_media_url":"https:\/\/www.hoymercedes.com.ar\/principal\/wp-content\/uploads\/2020\/08\/03-poli-lujan.jpeg","wps_subtitle":"Tras allanamiento","jetpack_sharing_enabled":true,"_links":{"self":[{"href":"https:\/\/www.hoymercedes.com.ar\/principal\/wp-json\/wp\/v2\/posts\/114544","targetHints":{"allow":["GET"]}}],"collection":[{"href":"https:\/\/www.hoymercedes.com.ar\/principal\/wp-json\/wp\/v2\/posts"}],"about":[{"href":"https:\/\/www.hoymercedes.com.ar\/principal\/wp-json\/wp\/v2\/types\/post"}],"author":[{"embeddable":true,"href":"https:\/\/www.hoymercedes.com.ar\/principal\/wp-json\/wp\/v2\/users\/1"}],"replies":[{"embeddable":true,"href":"https:\/\/www.hoymercedes.com.ar\/principal\/wp-json\/wp\/v2\/comments?post=114544"}],"version-history":[{"count":0,"href":"https:\/\/www.hoymercedes.com.ar\/principal\/wp-json\/wp\/v2\/posts\/114544\/revisions"}],"wp:featuredmedia":[{"embeddable":true,"href":"https:\/\/www.hoymercedes.com.ar\/principal\/wp-json\/wp\/v2\/media\/114545"}],"wp:attachment":[{"href":"https:\/\/www.hoymercedes.com.ar\/principal\/wp-json\/wp\/v2\/media?parent=114544"}],"wp:term":[{"taxonomy":"category","embeddable":true,"href":"https:\/\/www.hoymercedes.com.ar\/principal\/wp-json\/wp\/v2\/categories?post=114544"},{"taxonomy":"post_tag","embeddable":true,"href":"https:\/\/www.hoymercedes.com.ar\/principal\/wp-json\/wp\/v2\/tags?post=114544"}],"curies":[{"name":"wp","href":"https:\/\/api.w.org\/{rel}","templated":true}]}}