{"id":114560,"date":"2020-08-04T07:06:00","date_gmt":"2020-08-04T10:06:00","guid":{"rendered":"http:\/\/www.hoymercedes.com.ar\/principal\/?p=114560"},"modified":"2020-08-04T11:01:08","modified_gmt":"2020-08-04T14:01:08","slug":"termino-etapa-de-vacunacion-antigripal","status":"publish","type":"post","link":"https:\/\/www.hoymercedes.com.ar\/principal\/2020\/08\/04\/termino-etapa-de-vacunacion-antigripal\/","title":{"rendered":"Termin\u00f3 etapa de vacunaci\u00f3n antigripal"},"content":{"rendered":"\n<p>El \u00faltimo d\u00eda de julio se complet\u00f3 otra etapa de la campa\u00f1a de vacunaci\u00f3n antigripal en la ciudad. Esta acci\u00f3n fue un trabajo mancomunado entre el Municipio de Mercedes, PAMI y la empresa de servicios de salud \u201cExtram\u00e9dica\u201d qui\u00e9n aport\u00f3 el personal profesional para la atenci\u00f3n. La misma se desarroll\u00f3 en diferentes puntos de la ciudad que integraron, desde Centros de Atenci\u00f3n para la Salud en los barrios, hasta puestos m\u00f3viles que se emplazaron en la v\u00eda p\u00fablica.\u00a0\u00a0<\/p>\n\n\n\n<figure class=\"wp-block-image size-large\"><img loading=\"lazy\" decoding=\"async\" width=\"800\" height=\"533\" data-attachment-id=\"114561\" data-permalink=\"https:\/\/www.hoymercedes.com.ar\/principal\/2020\/08\/04\/termino-etapa-de-vacunacion-antigripal\/04-gripal\/#main\" data-orig-file=\"https:\/\/www.hoymercedes.com.ar\/principal\/wp-content\/uploads\/2020\/08\/04-gripal.jpeg\" data-orig-size=\"800,533\" data-comments-opened=\"0\" data-image-meta=\"{&quot;aperture&quot;:&quot;0&quot;,&quot;credit&quot;:&quot;&quot;,&quot;camera&quot;:&quot;&quot;,&quot;caption&quot;:&quot;&quot;,&quot;created_timestamp&quot;:&quot;0&quot;,&quot;copyright&quot;:&quot;&quot;,&quot;focal_length&quot;:&quot;0&quot;,&quot;iso&quot;:&quot;0&quot;,&quot;shutter_speed&quot;:&quot;0&quot;,&quot;title&quot;:&quot;&quot;,&quot;orientation&quot;:&quot;0&quot;}\" data-image-title=\"04 gripal\" data-image-description=\"\" data-image-caption=\"\" data-large-file=\"https:\/\/www.hoymercedes.com.ar\/principal\/wp-content\/uploads\/2020\/08\/04-gripal.jpeg\" src=\"https:\/\/www.hoymercedes.com.ar\/principal\/wp-content\/uploads\/2020\/08\/04-gripal.jpeg\" alt=\"\" class=\"wp-image-114561\"\/><\/figure>\n\n\n\n<p>De esta manera, todos los vecinos adultos mayores a 65 a\u00f1os de edad, embarazadas, ni\u00f1os de 6 meses a dos a\u00f1os y pacientes de riesgo tuvieron la posibilidad de tener su vacuna antigripal durante toda la campa\u00f1a. \u201cLas diferentes jornadas se desarrollaron con total normalidad, los vecinos estaban muy contentos de poder vacunarse\u201d se\u00f1alaron desde la secretar\u00eda de salud municipal.<\/p>\n\n\n\n<p>\u201cTomamos todas las medidas sociosanitarias correspondientes para poder llevar adelante esta tarea\u201d se\u00f1alaron desde el \u00e1rea de salud e insistieron \u201csi bien no tiene relaci\u00f3n la vacunaci\u00f3n antigripal con el COVID, es importante para poder diferenciar sus s\u00edntomas\u201d.<\/p>\n\n\n\n<p>Santiago Altube, desde PAMI y Maurico Scolari, desde Extram\u00e9dica, articularon con los equipos de salud para poder avanzar con la asistencia a los vecinos y vecinas.<\/p>\n\n\n\n<p>La acci\u00f3n fue din\u00e1mica y m\u00f3vil ya que se montaron carpas en el \u00e1mbito p\u00fablico.<\/p>\n\n\n\n<p>De esta manera, el Municipio de Mercedes intent\u00f3 garantizar la cobertura a todos los vecinos, teniendo como premisa fundamental que la poblaci\u00f3n m\u00e1s susceptible ante el Covid 19, acceda a la inmunizaci\u00f3n de la gripe y as\u00ed diferenciar sus s\u00edntomas.<\/p>\n\n\n\n<p>Fuente: Prensa Municipal<\/p>\n","protected":false},"excerpt":{"rendered":"<p>El \u00faltimo d\u00eda de julio se complet\u00f3 otra etapa de la campa\u00f1a de vacunaci\u00f3n antigripal en la ciudad. Esta acci\u00f3n &#8230; <a title=\"Termin\u00f3 etapa de vacunaci\u00f3n antigripal\" class=\"read-more\" href=\"https:\/\/www.hoymercedes.com.ar\/principal\/2020\/08\/04\/termino-etapa-de-vacunacion-antigripal\/\" aria-label=\"Leer m\u00e1s sobre Termin\u00f3 etapa de vacunaci\u00f3n antigripal\">Leer m\u00e1s<\/a><\/p>\n","protected":false},"author":1,"featured_media":114561,"comment_status":"closed","ping_status":"open","sticky":false,"template":"","format":"standard","meta":{"_monsterinsights_skip_tracking":false,"_monsterinsights_sitenote_active":false,"_monsterinsights_sitenote_note":"","_monsterinsights_sitenote_category":0,"jetpack_post_was_ever_published":false,"_jetpack_newsletter_access":"","_jetpack_dont_email_post_to_subs":false,"_jetpack_newsletter_tier_id":0,"_jetpack_memberships_contains_paywalled_content":false,"_jetpack_memberships_contains_paid_content":false,"footnotes":"","jetpack_publicize_message":"","jetpack_publicize_feature_enabled":true,"jetpack_social_post_already_shared":true,"jetpack_social_options":{"image_generator_settings":{"template":"highway","default_image_id":0,"font":"","enabled":false},"version":2},"_wpas_customize_per_network":false},"categories":[30],"tags":[16920],"class_list":["post-114560","post","type-post","status-publish","format-standard","has-post-thumbnail","hentry","category-municipio","tag-vacunacion-antigripal-pami","generate-columns","tablet-grid-50","mobile-grid-100","grid-parent","grid-50"],"jetpack_publicize_connections":[],"jetpack_featured_media_url":"https:\/\/www.hoymercedes.com.ar\/principal\/wp-content\/uploads\/2020\/08\/04-gripal.jpeg","wps_subtitle":"","jetpack_sharing_enabled":true,"_links":{"self":[{"href":"https:\/\/www.hoymercedes.com.ar\/principal\/wp-json\/wp\/v2\/posts\/114560","targetHints":{"allow":["GET"]}}],"collection":[{"href":"https:\/\/www.hoymercedes.com.ar\/principal\/wp-json\/wp\/v2\/posts"}],"about":[{"href":"https:\/\/www.hoymercedes.com.ar\/principal\/wp-json\/wp\/v2\/types\/post"}],"author":[{"embeddable":true,"href":"https:\/\/www.hoymercedes.com.ar\/principal\/wp-json\/wp\/v2\/users\/1"}],"replies":[{"embeddable":true,"href":"https:\/\/www.hoymercedes.com.ar\/principal\/wp-json\/wp\/v2\/comments?post=114560"}],"version-history":[{"count":0,"href":"https:\/\/www.hoymercedes.com.ar\/principal\/wp-json\/wp\/v2\/posts\/114560\/revisions"}],"wp:featuredmedia":[{"embeddable":true,"href":"https:\/\/www.hoymercedes.com.ar\/principal\/wp-json\/wp\/v2\/media\/114561"}],"wp:attachment":[{"href":"https:\/\/www.hoymercedes.com.ar\/principal\/wp-json\/wp\/v2\/media?parent=114560"}],"wp:term":[{"taxonomy":"category","embeddable":true,"href":"https:\/\/www.hoymercedes.com.ar\/principal\/wp-json\/wp\/v2\/categories?post=114560"},{"taxonomy":"post_tag","embeddable":true,"href":"https:\/\/www.hoymercedes.com.ar\/principal\/wp-json\/wp\/v2\/tags?post=114560"}],"curies":[{"name":"wp","href":"https:\/\/api.w.org\/{rel}","templated":true}]}}