{"id":114626,"date":"2020-08-04T22:58:43","date_gmt":"2020-08-05T01:58:43","guid":{"rendered":"http:\/\/www.hoymercedes.com.ar\/principal\/?p=114626"},"modified":"2020-08-05T20:29:30","modified_gmt":"2020-08-05T23:29:30","slug":"coronavirus-en-mercedes-seis-nuevos-casos-confirmaron-este-martes","status":"publish","type":"post","link":"https:\/\/www.hoymercedes.com.ar\/principal\/2020\/08\/04\/coronavirus-en-mercedes-seis-nuevos-casos-confirmaron-este-martes\/","title":{"rendered":"Coronavirus en Mercedes: seis nuevos casos confirmaron este martes"},"content":{"rendered":"\n<p>El cierre del d\u00eda con el informe epidemiol\u00f3gico de la ciudad registra que seis nuevos casos de covid-19 se confirmaron este martes entre los 34 tests realizados. Asimismo, informaron que 19 pacientes fueron dados de alta al cumplir los d\u00edas de cuarentena estricta por haber dado positivo a coronavirus. <\/p>\n\n\n\n<div class=\"wp-block-image\"><figure class=\"aligncenter size-large\"><img loading=\"lazy\" decoding=\"async\" width=\"900\" height=\"900\" data-attachment-id=\"114630\" data-permalink=\"https:\/\/www.hoymercedes.com.ar\/principal\/2020\/08\/04\/coronavirus-en-mercedes-seis-nuevos-casos-confirmaron-este-martes\/whatsapp-image-2020-08-04-at-21-56-04\/#main\" data-orig-file=\"https:\/\/www.hoymercedes.com.ar\/principal\/wp-content\/uploads\/2020\/08\/WhatsApp-Image-2020-08-04-at-21.56.04.jpeg\" data-orig-size=\"900,900\" data-comments-opened=\"0\" data-image-meta=\"{&quot;aperture&quot;:&quot;0&quot;,&quot;credit&quot;:&quot;&quot;,&quot;camera&quot;:&quot;&quot;,&quot;caption&quot;:&quot;&quot;,&quot;created_timestamp&quot;:&quot;0&quot;,&quot;copyright&quot;:&quot;&quot;,&quot;focal_length&quot;:&quot;0&quot;,&quot;iso&quot;:&quot;0&quot;,&quot;shutter_speed&quot;:&quot;0&quot;,&quot;title&quot;:&quot;&quot;,&quot;orientation&quot;:&quot;0&quot;}\" data-image-title=\"WhatsApp Image 2020-08-04 at 21.56.04\" data-image-description=\"\" data-image-caption=\"\" data-large-file=\"https:\/\/www.hoymercedes.com.ar\/principal\/wp-content\/uploads\/2020\/08\/WhatsApp-Image-2020-08-04-at-21.56.04.jpeg\" src=\"https:\/\/www.hoymercedes.com.ar\/principal\/wp-content\/uploads\/2020\/08\/WhatsApp-Image-2020-08-04-at-21.56.04.jpeg\" alt=\"\" class=\"wp-image-114630\"\/><\/figure><\/div>\n\n\n\n<p>EL Municipio de Mercedes y el Hospital Blas L. Dubarry comunicaron: <\/p>\n\n\n\n<p>\u00abA trav\u00e9s de los procesos cient\u00edficos que lleva adelante el Laboratorio de Virolog\u00eda Molecular Municipal, logr\u00f3 detectar 6 nuevos casos covid-19 efectuando tareas en 34 test.<br>Los casos detectados poseen ra\u00edz epidemiol\u00f3gica y se debe su descubrimiento a los rastreos y b\u00fasquedas activas llevadas a cabo.<br>Por otro lado, 19 pacientes obtuvieron el alta tras su recuperaci\u00f3n m\u00e9dica arribando a un total de 371.<br>Contamos en nuestra ciudad actualmente con 66 casos activos y 444 desde el surgimiento de la pandemia.<br>En el Centro de Teleseguimiento con 90 operadores socio sanitarios 246, mercedinos est\u00e1n siendo acompa\u00f1ados, asesorados, informados y formados.<br>En cuanto al Centro de Aislamiento Sanitario II con todas las normas socio sanitarias y un fuerte trabajo de Salud, Protecci\u00f3n Civil, SAME, Seguridad, Desarrollo Social y Servicios P\u00fablicos tiene 3 pacientes alojados, aislados y monitoreados\u00bb.<\/p>\n\n\n\n<p><strong>Informe nacional<\/strong><\/p>\n\n\n\n<p>El Ministerio de Salud de Naci\u00f3n confirm\u00f3 este martes 6.792 nuevos casos de COVID-19. Esta cantidad de pacientes se encuentran en: Provincia de Buenos Aires 4.337; Ciudad de Buenos Aires 1.371; Chaco 53; Chubut 1; C\u00f3rdoba 147; Entre R\u00edos 22; Formosa 1; Jujuy 269; La Pampa 1; La Rioja 29; Mendoza 106; Neuqu\u00e9n 18; R\u00edo Negro 197; Salta 42; San Luis 5; Santa Cruz 16; Santa Fe 101; Santiago del Estero 1; Tierra del Fuego 58 y Tucum\u00e1n 24. Con estos registros, suman 213.535 positivos en el pa\u00eds.<\/p>\n\n\n\n<p>Asimismo, confirmaron 168 personas fallecieron en las \u00faltimas 24 horas. Las primeras 52 se dieron a conocer a la ma\u00f1ana: 23 hombres (catorce residentes en la provincia de Buenos Aires; siete residentes en la provincia de la Ciudad de Buenos Aires; un residente en la provincia de Mendoza; y un residente en la provincia de ) y 28 mujeres (veintiuna residentes en la provincia de Buenos Aires; y 7 residentes en la Ciudad de Buenos Aires).<\/p>\n\n\n\n<p>En el informe vespertino, notificiaron las 116 restantes: 71 hombres (cincuenta residentes en la provincia de Buenos Aires; dieciocho residentes en la provincia de la Ciudad de Buenos Aires; dos residentes en la provincia de Chaco; y un residente en la provincia de R\u00edo Negro) y 44 mujeres (veintisiete residentes en la provincia de Buenos Aires; trece residentes en la Ciudad de Buenos Aires; un residente en la provincia de Chaco; un residente en la provincia de C\u00f3rdoba; un residente en la provincia de R\u00edo Negro; y un residente en la provincia de Mendoza). Un caso confirmado como fallecido, residente en la provincia de Buenos Aires, no registra dato de sexo. Al momento la cantidad de personas fallecidas es 3.979.<\/p>\n","protected":false},"excerpt":{"rendered":"<p>El cierre del d\u00eda con el informe epidemiol\u00f3gico de la ciudad registra que seis nuevos casos de covid-19 se confirmaron &#8230; <a title=\"Coronavirus en Mercedes: seis nuevos casos confirmaron este martes\" class=\"read-more\" href=\"https:\/\/www.hoymercedes.com.ar\/principal\/2020\/08\/04\/coronavirus-en-mercedes-seis-nuevos-casos-confirmaron-este-martes\/\" aria-label=\"Leer m\u00e1s sobre Coronavirus en Mercedes: seis nuevos casos confirmaron este martes\">Leer m\u00e1s<\/a><\/p>\n","protected":false},"author":1,"featured_media":114630,"comment_status":"closed","ping_status":"open","sticky":false,"template":"","format":"standard","meta":{"_monsterinsights_skip_tracking":false,"_monsterinsights_sitenote_active":false,"_monsterinsights_sitenote_note":"","_monsterinsights_sitenote_category":0,"jetpack_post_was_ever_published":false,"_jetpack_newsletter_access":"","_jetpack_dont_email_post_to_subs":false,"_jetpack_newsletter_tier_id":0,"_jetpack_memberships_contains_paywalled_content":false,"_jetpack_memberships_contains_paid_content":false,"footnotes":"","jetpack_publicize_message":"","jetpack_publicize_feature_enabled":true,"jetpack_social_post_already_shared":true,"jetpack_social_options":{"image_generator_settings":{"template":"highway","default_image_id":0,"font":"","enabled":false},"version":2},"_wpas_customize_per_network":false},"categories":[9791],"tags":[16402,16175,16313,134],"class_list":["post-114626","post","type-post","status-publish","format-standard","has-post-thumbnail","hentry","category-salud","tag-casos-confirmados","tag-coronavirus","tag-covid-19","tag-salud","generate-columns","tablet-grid-50","mobile-grid-100","grid-parent","grid-50"],"jetpack_publicize_connections":[],"jetpack_featured_media_url":"https:\/\/www.hoymercedes.com.ar\/principal\/wp-content\/uploads\/2020\/08\/WhatsApp-Image-2020-08-04-at-21.56.04.jpeg","wps_subtitle":"Cierre del d\u00eda","jetpack_sharing_enabled":true,"_links":{"self":[{"href":"https:\/\/www.hoymercedes.com.ar\/principal\/wp-json\/wp\/v2\/posts\/114626","targetHints":{"allow":["GET"]}}],"collection":[{"href":"https:\/\/www.hoymercedes.com.ar\/principal\/wp-json\/wp\/v2\/posts"}],"about":[{"href":"https:\/\/www.hoymercedes.com.ar\/principal\/wp-json\/wp\/v2\/types\/post"}],"author":[{"embeddable":true,"href":"https:\/\/www.hoymercedes.com.ar\/principal\/wp-json\/wp\/v2\/users\/1"}],"replies":[{"embeddable":true,"href":"https:\/\/www.hoymercedes.com.ar\/principal\/wp-json\/wp\/v2\/comments?post=114626"}],"version-history":[{"count":0,"href":"https:\/\/www.hoymercedes.com.ar\/principal\/wp-json\/wp\/v2\/posts\/114626\/revisions"}],"wp:featuredmedia":[{"embeddable":true,"href":"https:\/\/www.hoymercedes.com.ar\/principal\/wp-json\/wp\/v2\/media\/114630"}],"wp:attachment":[{"href":"https:\/\/www.hoymercedes.com.ar\/principal\/wp-json\/wp\/v2\/media?parent=114626"}],"wp:term":[{"taxonomy":"category","embeddable":true,"href":"https:\/\/www.hoymercedes.com.ar\/principal\/wp-json\/wp\/v2\/categories?post=114626"},{"taxonomy":"post_tag","embeddable":true,"href":"https:\/\/www.hoymercedes.com.ar\/principal\/wp-json\/wp\/v2\/tags?post=114626"}],"curies":[{"name":"wp","href":"https:\/\/api.w.org\/{rel}","templated":true}]}}