{"id":114639,"date":"2020-08-05T10:44:00","date_gmt":"2020-08-05T13:44:00","guid":{"rendered":"http:\/\/www.hoymercedes.com.ar\/principal\/?p=114639"},"modified":"2020-08-05T20:28:02","modified_gmt":"2020-08-05T23:28:02","slug":"concretaran-acciones-para-el-dia-del-nino","status":"publish","type":"post","link":"https:\/\/www.hoymercedes.com.ar\/principal\/2020\/08\/05\/concretaran-acciones-para-el-dia-del-nino\/","title":{"rendered":"Concretar\u00e1n acciones para el D\u00eda del Ni\u00f1o"},"content":{"rendered":"\n<p>El Municipio de Mercedes, a trav\u00e9s de la Secretar\u00eda de Desarrollo social llevar\u00e1 adelante distintas propuestas en el marco del D\u00eda del Ni\u00f1o con el fin de colaborar con los comedores locales de los barrios y llegar a los m\u00e1s peque\u00f1os para que celebren de una manera diferente el d\u00eda del ni\u00f1o en el marco de una pandemia que se concreta en cuarentena y con medidas sociosanitarias vigentes para evitar la propagaci\u00f3n del virus. <\/p>\n\n\n\n<p>La titular del \u00e1rea, Jorgelina Silva, expres\u00f3: \u201csabemos que la pandemia obliga a muchas familias a quedarse en casa, algo que para aquellos que desarrollan trabajos de forma informal, es sumamente negativo. Por eso intentamos ayudar a esas familias a atravesar este momento de la mejor manera posible\u201d.<\/p>\n\n\n\n<p>\u201cEstamos llegando con diferentes programas de ayuda social, como son el programa Invierno donde entregamos le\u00f1a y abrigo, entregamos bolsones de comida, dispusimos el programa \u201cEl Estado en tu barrio\u201d donde nos acercamos al vecino para que estos puedan resolver, en este tiempo de pandemia y cuarentena, temas administrativos que por la distancia o falta de conectividad no pueden hacer, a nivel salud trabajamos coordinadamente con la secretar\u00eda de salud, programas de asistencia y acompa\u00f1amiento en salud mental, etc. Es decir, una amplia gama de acciones que intentan contener y asistir al vecino\u201d.&nbsp;&nbsp;&nbsp;&nbsp;&nbsp;&nbsp;<\/p>\n\n\n\n<p>\u201cYa estamos pensando el post pandemia, y a partir de un gran aporte del Estado Nacional, comenzamos a trabajar en el programa Potenciar que incluye a las cooperativas\u201d afirm\u00f3 la Secretar\u00eda de Desarrollo Social y agreg\u00f3 \u201cse firm\u00f3 un fondo que va a destinar a Mercedes diecinueve (19) millones de pesos para distintas acciones sociales y programas\u201d, sostuvo.<\/p>\n\n\n\n<p><strong>D\u00eda del ni\u00f1o<\/strong><\/p>\n\n\n\n<p>Por otro lado, Jorgelina Silva hizo menci\u00f3n del D\u00eda del Ni\u00f1o en nuestra ciudad \u201cestamos haciendo una gran colecta, la verdad que nosotros todos los a\u00f1os festejamos este d\u00eda en el predio del ex Mart\u00edn Rodr\u00edguez, donde hacemos una gran fiesta, algo que este a\u00f1o no vamos a poder hacer. Pero, a trav\u00e9s de las listas que tenemos de comedores y merenderos trataremos de llegar a ellos\u201d y se\u00f1al\u00f3 \u201cestamos haciendo colecta de juguetes en los clubes, en el Complejo Cultural La Trocha y en el ex Instituto Unzu\u00e9\u201d.<\/p>\n\n\n\n<p>Asimismo, Silva destac\u00f3 \u201ctenemos un grupo de voluntarios que est\u00e1n haciendo juguetes -lonas de rayuelas, pistas de autos, etc- y poniendo en condiciones los juguetes que son donados\u201d y apunt\u00f3 \u201cinvitamos a toda la gente que pueda hacerse un ratito y donar un juguete para los que menos tienen en este d\u00eda del ni\u00f1o\u201d.<\/p>\n\n\n\n<p><strong>El cartero de la Ni\u00f1ez<\/strong><\/p>\n\n\n\n<p>En otro orden de temas, Jorgelina Silva, secretaria de Desarrollo Social Municipal dio a cuenta una propuesta que esgrimi\u00f3 el reconocido psicopedagogo italiano, Francesco Tonucci, a la cual el intendente Ustarroz adhiri\u00f3, que significa la creaci\u00f3n de un consejo de ni\u00f1as y ni\u00f1os que asesoren al intendente luego de la pandemia \u201cen este contexto como no podemos reunir chicos, lo que se nos ocurri\u00f3 es hacer esta propuesta del cartero, con la idea de que los chicos puedan dejar sus cartas -hay un buz\u00f3n en la puerta de la Municipalidad, por mail a&nbsp;<a rel=\"noreferrer noopener\" target=\"_blank\" href=\"mailto:carterodelani%C3%B1ez@gmail.com\">carterodelani\u00f1ez@gmail.com<\/a>&nbsp;o WhatsApp al 15312556, donde pueden dejar sus ideas de qu\u00e9 quieren hacer en la ciudad el d\u00eda despu\u00e9s de la pandemia\u201d.<\/p>\n\n\n\n<p>\u201cEn base a eso vamos a planificar algunas acciones, ya los chicos est\u00e1n pidiendo el arreglo de algunas plazas, colocaci\u00f3n de m\u00e1s juegos, es decir, a trav\u00e9s de sus propuestas vamos organizando nuestro plan de acci\u00f3n de trabajo\u201d afirm\u00f3 Silva.&nbsp;&nbsp;&nbsp;<\/p>\n","protected":false},"excerpt":{"rendered":"<p>El Municipio de Mercedes, a trav\u00e9s de la Secretar\u00eda de Desarrollo social llevar\u00e1 adelante distintas propuestas en el marco del &#8230; <a title=\"Concretar\u00e1n acciones para el D\u00eda del Ni\u00f1o\" class=\"read-more\" href=\"https:\/\/www.hoymercedes.com.ar\/principal\/2020\/08\/05\/concretaran-acciones-para-el-dia-del-nino\/\" aria-label=\"Leer m\u00e1s sobre Concretar\u00e1n acciones para el D\u00eda del Ni\u00f1o\">Leer m\u00e1s<\/a><\/p>\n","protected":false},"author":1,"featured_media":60633,"comment_status":"closed","ping_status":"open","sticky":false,"template":"","format":"standard","meta":{"_monsterinsights_skip_tracking":false,"_monsterinsights_sitenote_active":false,"_monsterinsights_sitenote_note":"","_monsterinsights_sitenote_category":0,"jetpack_post_was_ever_published":false,"_jetpack_newsletter_access":"","_jetpack_dont_email_post_to_subs":false,"_jetpack_newsletter_tier_id":0,"_jetpack_memberships_contains_paywalled_content":false,"_jetpack_memberships_contains_paid_content":false,"footnotes":"","jetpack_publicize_message":"","jetpack_publicize_feature_enabled":true,"jetpack_social_post_already_shared":true,"jetpack_social_options":{"image_generator_settings":{"template":"highway","default_image_id":0,"font":"","enabled":false},"version":2},"_wpas_customize_per_network":false},"categories":[30],"tags":[16929,1174,244],"class_list":["post-114639","post","type-post","status-publish","format-standard","has-post-thumbnail","hentry","category-municipio","tag-acciones","tag-dia-del-nino","tag-municipio-2","generate-columns","tablet-grid-50","mobile-grid-100","grid-parent","grid-50"],"jetpack_publicize_connections":[],"jetpack_featured_media_url":"https:\/\/www.hoymercedes.com.ar\/principal\/wp-content\/uploads\/2017\/03\/13-Jorgelina-Silva.jpg","wps_subtitle":"Desde Desarrollo Social","jetpack_sharing_enabled":true,"_links":{"self":[{"href":"https:\/\/www.hoymercedes.com.ar\/principal\/wp-json\/wp\/v2\/posts\/114639","targetHints":{"allow":["GET"]}}],"collection":[{"href":"https:\/\/www.hoymercedes.com.ar\/principal\/wp-json\/wp\/v2\/posts"}],"about":[{"href":"https:\/\/www.hoymercedes.com.ar\/principal\/wp-json\/wp\/v2\/types\/post"}],"author":[{"embeddable":true,"href":"https:\/\/www.hoymercedes.com.ar\/principal\/wp-json\/wp\/v2\/users\/1"}],"replies":[{"embeddable":true,"href":"https:\/\/www.hoymercedes.com.ar\/principal\/wp-json\/wp\/v2\/comments?post=114639"}],"version-history":[{"count":0,"href":"https:\/\/www.hoymercedes.com.ar\/principal\/wp-json\/wp\/v2\/posts\/114639\/revisions"}],"wp:featuredmedia":[{"embeddable":true,"href":"https:\/\/www.hoymercedes.com.ar\/principal\/wp-json\/wp\/v2\/media\/60633"}],"wp:attachment":[{"href":"https:\/\/www.hoymercedes.com.ar\/principal\/wp-json\/wp\/v2\/media?parent=114639"}],"wp:term":[{"taxonomy":"category","embeddable":true,"href":"https:\/\/www.hoymercedes.com.ar\/principal\/wp-json\/wp\/v2\/categories?post=114639"},{"taxonomy":"post_tag","embeddable":true,"href":"https:\/\/www.hoymercedes.com.ar\/principal\/wp-json\/wp\/v2\/tags?post=114639"}],"curies":[{"name":"wp","href":"https:\/\/api.w.org\/{rel}","templated":true}]}}