{"id":114688,"date":"2020-08-06T10:44:04","date_gmt":"2020-08-06T13:44:04","guid":{"rendered":"http:\/\/www.hoymercedes.com.ar\/principal\/?p=114688"},"modified":"2020-08-06T11:02:32","modified_gmt":"2020-08-06T14:02:32","slug":"docentes-de-vamos-creciendo-hacen-paro-de-48-horas","status":"publish","type":"post","link":"https:\/\/www.hoymercedes.com.ar\/principal\/2020\/08\/06\/docentes-de-vamos-creciendo-hacen-paro-de-48-horas\/","title":{"rendered":"Docentes de Vamos Creciendo hacen paro de 48 horas"},"content":{"rendered":"\n<p>A trav\u00e9s de una carta abierta a la comunidad, el grupo de docentes y trabajadores de las Escuela de Educaci\u00f3n Especial \u00abVamos Creciendo\u00bb tomaron como medida gremial un paro por 48 horas a partir de este jueves 6 de agosto. <\/p>\n\n\n\n<p>La medida acompa\u00f1ada por el sindicato SADOP (gremio que re\u00fane a los docentes de gesti\u00f3n privada), se tom\u00f3 luego de tener dos audiencias en la Delegaci\u00f3n Mercedes del Ministerio de Trabajo de la provincia de Buenos Aires y no haber cobrado la totalidad de los salarios adeudados. <\/p>\n\n\n\n<figure class=\"wp-block-image size-large\"><img loading=\"lazy\" decoding=\"async\" width=\"1002\" height=\"577\" data-attachment-id=\"114689\" data-permalink=\"https:\/\/www.hoymercedes.com.ar\/principal\/2020\/08\/06\/docentes-de-vamos-creciendo-hacen-paro-de-48-horas\/06-vamos-creciendo\/#main\" data-orig-file=\"https:\/\/www.hoymercedes.com.ar\/principal\/wp-content\/uploads\/2020\/08\/06-vamos-creciendo.jpeg\" data-orig-size=\"1002,577\" data-comments-opened=\"0\" data-image-meta=\"{&quot;aperture&quot;:&quot;0&quot;,&quot;credit&quot;:&quot;&quot;,&quot;camera&quot;:&quot;&quot;,&quot;caption&quot;:&quot;&quot;,&quot;created_timestamp&quot;:&quot;0&quot;,&quot;copyright&quot;:&quot;&quot;,&quot;focal_length&quot;:&quot;0&quot;,&quot;iso&quot;:&quot;0&quot;,&quot;shutter_speed&quot;:&quot;0&quot;,&quot;title&quot;:&quot;&quot;,&quot;orientation&quot;:&quot;0&quot;}\" data-image-title=\"06-vamos-creciendo\" data-image-description=\"\" data-image-caption=\"\" data-large-file=\"https:\/\/www.hoymercedes.com.ar\/principal\/wp-content\/uploads\/2020\/08\/06-vamos-creciendo.jpeg\" src=\"https:\/\/www.hoymercedes.com.ar\/principal\/wp-content\/uploads\/2020\/08\/06-vamos-creciendo.jpeg\" alt=\"\" class=\"wp-image-114689\"\/><\/figure>\n","protected":false},"excerpt":{"rendered":"<p>A trav\u00e9s de una carta abierta a la comunidad, el grupo de docentes y trabajadores de las Escuela de Educaci\u00f3n &#8230; <a title=\"Docentes de Vamos Creciendo hacen paro de 48 horas\" class=\"read-more\" href=\"https:\/\/www.hoymercedes.com.ar\/principal\/2020\/08\/06\/docentes-de-vamos-creciendo-hacen-paro-de-48-horas\/\" aria-label=\"Leer m\u00e1s sobre Docentes de Vamos Creciendo hacen paro de 48 horas\">Leer m\u00e1s<\/a><\/p>\n","protected":false},"author":1,"featured_media":41303,"comment_status":"closed","ping_status":"open","sticky":false,"template":"","format":"standard","meta":{"_monsterinsights_skip_tracking":false,"_monsterinsights_sitenote_active":false,"_monsterinsights_sitenote_note":"","_monsterinsights_sitenote_category":0,"jetpack_post_was_ever_published":false,"_jetpack_newsletter_access":"","_jetpack_dont_email_post_to_subs":false,"_jetpack_newsletter_tier_id":0,"_jetpack_memberships_contains_paywalled_content":false,"_jetpack_memberships_contains_paid_content":false,"footnotes":"","jetpack_publicize_message":"","jetpack_publicize_feature_enabled":true,"jetpack_social_post_already_shared":true,"jetpack_social_options":{"image_generator_settings":{"template":"highway","default_image_id":0,"font":"","enabled":false},"version":2},"_wpas_customize_per_network":false},"categories":[23],"tags":[47,524,11265,3971],"class_list":["post-114688","post","type-post","status-publish","format-standard","has-post-thumbnail","hentry","category-educacion","tag-educacion-2","tag-paro","tag-sadop","tag-vamos-creciendo","generate-columns","tablet-grid-50","mobile-grid-100","grid-parent","grid-50"],"jetpack_publicize_connections":[],"jetpack_featured_media_url":"https:\/\/www.hoymercedes.com.ar\/principal\/wp-content\/uploads\/2015\/04\/vamoscreciendo.jpg","wps_subtitle":"Por no percibir sus salarios","jetpack_sharing_enabled":true,"_links":{"self":[{"href":"https:\/\/www.hoymercedes.com.ar\/principal\/wp-json\/wp\/v2\/posts\/114688","targetHints":{"allow":["GET"]}}],"collection":[{"href":"https:\/\/www.hoymercedes.com.ar\/principal\/wp-json\/wp\/v2\/posts"}],"about":[{"href":"https:\/\/www.hoymercedes.com.ar\/principal\/wp-json\/wp\/v2\/types\/post"}],"author":[{"embeddable":true,"href":"https:\/\/www.hoymercedes.com.ar\/principal\/wp-json\/wp\/v2\/users\/1"}],"replies":[{"embeddable":true,"href":"https:\/\/www.hoymercedes.com.ar\/principal\/wp-json\/wp\/v2\/comments?post=114688"}],"version-history":[{"count":0,"href":"https:\/\/www.hoymercedes.com.ar\/principal\/wp-json\/wp\/v2\/posts\/114688\/revisions"}],"wp:featuredmedia":[{"embeddable":true,"href":"https:\/\/www.hoymercedes.com.ar\/principal\/wp-json\/wp\/v2\/media\/41303"}],"wp:attachment":[{"href":"https:\/\/www.hoymercedes.com.ar\/principal\/wp-json\/wp\/v2\/media?parent=114688"}],"wp:term":[{"taxonomy":"category","embeddable":true,"href":"https:\/\/www.hoymercedes.com.ar\/principal\/wp-json\/wp\/v2\/categories?post=114688"},{"taxonomy":"post_tag","embeddable":true,"href":"https:\/\/www.hoymercedes.com.ar\/principal\/wp-json\/wp\/v2\/tags?post=114688"}],"curies":[{"name":"wp","href":"https:\/\/api.w.org\/{rel}","templated":true}]}}