{"id":114692,"date":"2020-08-06T13:06:09","date_gmt":"2020-08-06T16:06:09","guid":{"rendered":"http:\/\/www.hoymercedes.com.ar\/principal\/?p=114692"},"modified":"2020-08-06T19:30:12","modified_gmt":"2020-08-06T22:30:12","slug":"coordinacion-de-genero-en-la-prevencion-y-acompanamiento","status":"publish","type":"post","link":"https:\/\/www.hoymercedes.com.ar\/principal\/2020\/08\/06\/coordinacion-de-genero-en-la-prevencion-y-acompanamiento\/","title":{"rendered":"Coordinaci\u00f3n de G\u00e9nero en la prevenci\u00f3n y acompa\u00f1amiento"},"content":{"rendered":"\n<p>Desde la Municipalidad de Mercedes y a trav\u00e9s de la Coordinaci\u00f3n de Pol\u00edticas de G\u00e9nero e Igualdades se contin\u00faa trabajando de manera ininterrumpida en el marco de la grave pandemia que nos azota. Este dispositivo intenta estar cerca de la comunidad, con el objetivo central de brindar contenci\u00f3n, acompa\u00f1amiento y orientar e informar a quienes m\u00e1s lo necesiten.\u00a0<\/p>\n\n\n\n<div class=\"wp-block-image\"><figure class=\"aligncenter size-large\"><img loading=\"lazy\" decoding=\"async\" width=\"800\" height=\"533\" data-attachment-id=\"114699\" data-permalink=\"https:\/\/www.hoymercedes.com.ar\/principal\/2020\/08\/06\/coordinacion-de-genero-en-la-prevencion-y-acompanamiento\/06-guadalupegonzalez\/#main\" data-orig-file=\"https:\/\/www.hoymercedes.com.ar\/principal\/wp-content\/uploads\/2020\/08\/06-GuadalupeGonzalez.jpg\" data-orig-size=\"800,533\" data-comments-opened=\"0\" data-image-meta=\"{&quot;aperture&quot;:&quot;0&quot;,&quot;credit&quot;:&quot;&quot;,&quot;camera&quot;:&quot;&quot;,&quot;caption&quot;:&quot;&quot;,&quot;created_timestamp&quot;:&quot;0&quot;,&quot;copyright&quot;:&quot;&quot;,&quot;focal_length&quot;:&quot;0&quot;,&quot;iso&quot;:&quot;0&quot;,&quot;shutter_speed&quot;:&quot;0&quot;,&quot;title&quot;:&quot;&quot;,&quot;orientation&quot;:&quot;0&quot;}\" data-image-title=\"06 GuadalupeGonzalez\" data-image-description=\"\" data-image-caption=\"\" data-large-file=\"https:\/\/www.hoymercedes.com.ar\/principal\/wp-content\/uploads\/2020\/08\/06-GuadalupeGonzalez.jpg\" src=\"https:\/\/www.hoymercedes.com.ar\/principal\/wp-content\/uploads\/2020\/08\/06-GuadalupeGonzalez.jpg\" alt=\"\" class=\"wp-image-114699\"\/><\/figure><\/div>\n\n\n\n<p>Guadalupe Gonz\u00e1lez, la coordinadora de g\u00e9nero, manifest\u00f3 \u201cdesde el comienzo de la pandemia tuvimos que adaptarnos a trabajar a trav\u00e9s con los diferentes medios que ten\u00edamos a disposici\u00f3n. Nos reunimos de manera virtual, la mesa local de g\u00e9nero fue una de las primeras implementaciones, la cual conforman distintas instituciones de nuestra ciudad donde lo que nos une es el trabajo por la violencia de g\u00e9nero\u201d y agreg\u00f3 \u201cdistintos dispositivos e instituciones de nuestra ciudad, dependencias del poder judicial, organismos municipales, nos reunimos los primeros jueves de cada mes\u201d.<\/p>\n\n\n\n<p>\u201cFuimos encontr\u00e1ndole la manera y la forma de que esto suceda, esta mesa que lleva m\u00e1s de tres a\u00f1os de trabajo, donde vamos definiendo ciertas estrategias, planificando y dise\u00f1ando pol\u00edticas que tienen que ver con esto de la violencia de g\u00e9nero. La verdad, que, para nosotros poder conservar este espacio, ahora de manera virtual, es muy importante\u201d destac\u00f3 Gonz\u00e1lez.<\/p>\n\n\n\n<p>Por otro lado, la coordinadora de g\u00e9nero se\u00f1al\u00f3 \u201cestamos acompa\u00f1ando las pol\u00edticas p\u00fablicas locales y nacionales, por suerte hoy en d\u00eda estamos en esa misma l\u00ednea. Durante los \u00faltimos cuatro (4) a\u00f1os hubo una decisi\u00f3n pol\u00edtica del Municipio de Mercedes a cargo del Dr. Ustarroz de profundizar las pol\u00edticas p\u00fablicas con perspectiva de g\u00e9nero, por supuesto, que ahora estando todos encolumnados se suma de otra forma\u201d y agreg\u00f3 \u201cbienvenido este cambio, creo que estamos en un momento muy importante en t\u00e9rminos sociales y culturales, as\u00ed que acompa\u00f1ando eso\u201d.<\/p>\n\n\n\n<p>\u201cDesde el \u00e1rea de g\u00e9nero, en estos tiempos de pandemia, con todo lo que ello acarrea, seguimos trabajando muy profundamente, incrementando el nivel de trabajo, porque sabemos que las mujeres est\u00e1n complicadas\u201d se\u00f1al\u00f3 Gonz\u00e1lez y subray\u00f3 \u201cla violencia se recrudeci\u00f3 debido al aislamiento, por ese motivo, pusimos en funcionamiento distintos modos y herramientas que significan estar m\u00e1s cerca de cada una de las situaciones, con lo cual se ha incrementado el trabajo significativamente\u201d.<\/p>\n\n\n\n<p>Asimismo, indic\u00f3 \u201chemos incrementado el nivel de asistencia que tenemos en estas situaciones\u201d y record\u00f3 \u201cnosotros estamos trabajando articuladamente con la comisaria de la mujer (29, 34 y 36) la cual est\u00e1 en atenci\u00f3n las 24 horas del d\u00eda y las l\u00edneas de atenci\u00f3n es el 147 agreg\u00e1ndose en nuestra localidad el n\u00famero celular 589974, al cual se podr\u00e1n comunicar de 09:00 a 21:00 horas, misma que est\u00e1 atendida por profesionales del \u00e1rea\u201d.<\/p>\n\n\n\n<p>Por Prensa Municipal<\/p>\n","protected":false},"excerpt":{"rendered":"<p>Desde la Municipalidad de Mercedes y a trav\u00e9s de la Coordinaci\u00f3n de Pol\u00edticas de G\u00e9nero e Igualdades se contin\u00faa trabajando &#8230; <a title=\"Coordinaci\u00f3n de G\u00e9nero en la prevenci\u00f3n y acompa\u00f1amiento\" class=\"read-more\" href=\"https:\/\/www.hoymercedes.com.ar\/principal\/2020\/08\/06\/coordinacion-de-genero-en-la-prevencion-y-acompanamiento\/\" aria-label=\"Leer m\u00e1s sobre Coordinaci\u00f3n de G\u00e9nero en la prevenci\u00f3n y acompa\u00f1amiento\">Leer m\u00e1s<\/a><\/p>\n","protected":false},"author":1,"featured_media":114699,"comment_status":"closed","ping_status":"open","sticky":false,"template":"","format":"standard","meta":{"_monsterinsights_skip_tracking":false,"_monsterinsights_sitenote_active":false,"_monsterinsights_sitenote_note":"","_monsterinsights_sitenote_category":0,"jetpack_post_was_ever_published":false,"_jetpack_newsletter_access":"","_jetpack_dont_email_post_to_subs":false,"_jetpack_newsletter_tier_id":0,"_jetpack_memberships_contains_paywalled_content":false,"_jetpack_memberships_contains_paid_content":false,"footnotes":"","jetpack_publicize_message":"","jetpack_publicize_feature_enabled":true,"jetpack_social_post_already_shared":true,"jetpack_social_options":{"image_generator_settings":{"template":"highway","default_image_id":0,"font":"","enabled":false},"version":2},"_wpas_customize_per_network":false},"categories":[30],"tags":[13685,244],"class_list":["post-114692","post","type-post","status-publish","format-standard","has-post-thumbnail","hentry","category-municipio","tag-coordinacion-de-genero","tag-municipio-2","generate-columns","tablet-grid-50","mobile-grid-100","grid-parent","grid-50"],"jetpack_publicize_connections":[],"jetpack_featured_media_url":"https:\/\/www.hoymercedes.com.ar\/principal\/wp-content\/uploads\/2020\/08\/06-GuadalupeGonzalez.jpg","wps_subtitle":"","jetpack_sharing_enabled":true,"_links":{"self":[{"href":"https:\/\/www.hoymercedes.com.ar\/principal\/wp-json\/wp\/v2\/posts\/114692","targetHints":{"allow":["GET"]}}],"collection":[{"href":"https:\/\/www.hoymercedes.com.ar\/principal\/wp-json\/wp\/v2\/posts"}],"about":[{"href":"https:\/\/www.hoymercedes.com.ar\/principal\/wp-json\/wp\/v2\/types\/post"}],"author":[{"embeddable":true,"href":"https:\/\/www.hoymercedes.com.ar\/principal\/wp-json\/wp\/v2\/users\/1"}],"replies":[{"embeddable":true,"href":"https:\/\/www.hoymercedes.com.ar\/principal\/wp-json\/wp\/v2\/comments?post=114692"}],"version-history":[{"count":0,"href":"https:\/\/www.hoymercedes.com.ar\/principal\/wp-json\/wp\/v2\/posts\/114692\/revisions"}],"wp:featuredmedia":[{"embeddable":true,"href":"https:\/\/www.hoymercedes.com.ar\/principal\/wp-json\/wp\/v2\/media\/114699"}],"wp:attachment":[{"href":"https:\/\/www.hoymercedes.com.ar\/principal\/wp-json\/wp\/v2\/media?parent=114692"}],"wp:term":[{"taxonomy":"category","embeddable":true,"href":"https:\/\/www.hoymercedes.com.ar\/principal\/wp-json\/wp\/v2\/categories?post=114692"},{"taxonomy":"post_tag","embeddable":true,"href":"https:\/\/www.hoymercedes.com.ar\/principal\/wp-json\/wp\/v2\/tags?post=114692"}],"curies":[{"name":"wp","href":"https:\/\/api.w.org\/{rel}","templated":true}]}}