{"id":11471,"date":"2012-03-12T13:13:07","date_gmt":"2012-03-12T13:13:07","guid":{"rendered":"http:\/\/www.hoymercedes.com.ar\/principal\/?p=11471"},"modified":"2012-03-12T13:13:07","modified_gmt":"2012-03-12T13:13:07","slug":"entre-los-ganadores-del-encuentro-de-estatuas-hay-una-mercedina","status":"publish","type":"post","link":"https:\/\/www.hoymercedes.com.ar\/principal\/2012\/03\/12\/entre-los-ganadores-del-encuentro-de-estatuas-hay-una-mercedina\/","title":{"rendered":"Entre los ganadores del encuentro de estatuas hay una mercedina"},"content":{"rendered":"<p style=\"text-align: justify;\">Con un muy buen marco de p\u00fablico aprovechando dos noches espectaculares en cuanto al tiempo, concluyo el 8Vo Encuentro Internacional de Estatuas Vivientes organizado por la Direcci\u00f3n de Cultura y Educaci\u00f3n de nuestra ciudad, en el que tambi\u00e9n como hab\u00eda ocurrido en a\u00f1os anteriores se cont\u00f3 con la presencia de un Estatuista Chileno.<\/p>\n<p style=\"text-align: justify;\">Casi mil personas depositaron el s\u00e1bado por la noche su voto en la urna especialmente ubicada en las proximidades del Teatro Julio Cesar Gioscio para consagrar a los ganadores en cada una de las categor\u00edas participantes siendo los resultados los siguientes:<\/p>\n<p><strong>Categor\u00eda Cl\u00e1sica Personajes Argentinos<\/strong><\/p>\n<p>1) Mariano Gonz\u00e1lez (Gualeguaychu) SOLDADO<\/p>\n<p>2) Sol L\u00f3pez (Mercedes ) DIFUNTA CORREA<\/p>\n<p><strong>Categor\u00eda Cl\u00e1sica Personajes Extranjeros<\/strong><\/p>\n<p>1) Claudio Di Rocco (Tandil) CRISTO VIVE<\/p>\n<p><strong>Categor\u00eda Cl\u00e1sica Personajes Er\u00f3ticos<\/strong><\/p>\n<p>1) Ariel Medina (Mar del Plata) LA GARGOLA<\/p>\n<p><strong>Categor\u00eda Performance<\/strong><\/p>\n<p>1) Mariano Torres (Berazategui) BUFON<\/p>\n<p>El acto cont\u00f3 con la participaci\u00f3n del Intendente Carlos Selva, el presidente de Concejo Deliberante Marcelo Denapole, el Director de Cultura y Educaci\u00f3n V\u00edctor St\u00e1bile y el Coordinador de Educaci\u00f3n Fernando Pachiani.<\/p>\n<p><a href=\"https:\/\/www.hoymercedes.com.ar\/principal\/wp-content\/uploads\/2012\/03\/Estatuas-2012-Ganadores-000.jpg\"><img loading=\"lazy\" decoding=\"async\" data-attachment-id=\"11474\" data-permalink=\"https:\/\/www.hoymercedes.com.ar\/principal\/2012\/03\/12\/entre-los-ganadores-del-encuentro-de-estatuas-hay-una-mercedina\/estatuas-2012-ganadores-000\/#main\" data-orig-file=\"https:\/\/www.hoymercedes.com.ar\/principal\/wp-content\/uploads\/2012\/03\/Estatuas-2012-Ganadores-000.jpg\" data-orig-size=\"612,459\" data-comments-opened=\"1\" data-image-meta=\"{&quot;aperture&quot;:&quot;4.2&quot;,&quot;credit&quot;:&quot;&quot;,&quot;camera&quot;:&quot;COOLPIX L10&quot;,&quot;caption&quot;:&quot;&quot;,&quot;created_timestamp&quot;:&quot;1331311597&quot;,&quot;copyright&quot;:&quot;Copyright 2006&quot;,&quot;focal_length&quot;:&quot;12.8&quot;,&quot;iso&quot;:&quot;400&quot;,&quot;shutter_speed&quot;:&quot;0.016666666666667&quot;,&quot;title&quot;:&quot;&quot;}\" data-image-title=\"Estatuas-2012-Ganadores-000\" data-image-description=\"\" data-image-caption=\"\" data-large-file=\"https:\/\/www.hoymercedes.com.ar\/principal\/wp-content\/uploads\/2012\/03\/Estatuas-2012-Ganadores-000.jpg\" class=\"aligncenter size-full wp-image-11474\" title=\"Estatuas-2012-Ganadores-000\" src=\"https:\/\/www.hoymercedes.com.ar\/principal\/wp-content\/uploads\/2012\/03\/Estatuas-2012-Ganadores-000.jpg\" alt=\"\" width=\"612\" height=\"459\" \/><\/a><\/p>\n<p><a href=\"https:\/\/www.hoymercedes.com.ar\/principal\/wp-content\/uploads\/2012\/03\/Estatuas-2012-Ganadores-0011.jpg\"><img loading=\"lazy\" decoding=\"async\" data-attachment-id=\"11475\" data-permalink=\"https:\/\/www.hoymercedes.com.ar\/principal\/2012\/03\/12\/entre-los-ganadores-del-encuentro-de-estatuas-hay-una-mercedina\/estatuas-2012-ganadores-001-2\/#main\" data-orig-file=\"https:\/\/www.hoymercedes.com.ar\/principal\/wp-content\/uploads\/2012\/03\/Estatuas-2012-Ganadores-0011.jpg\" data-orig-size=\"612,459\" data-comments-opened=\"1\" data-image-meta=\"{&quot;aperture&quot;:&quot;2.8&quot;,&quot;credit&quot;:&quot;&quot;,&quot;camera&quot;:&quot;COOLPIX L10&quot;,&quot;caption&quot;:&quot;&quot;,&quot;created_timestamp&quot;:&quot;1331311031&quot;,&quot;copyright&quot;:&quot;Copyright 2006&quot;,&quot;focal_length&quot;:&quot;6.2&quot;,&quot;iso&quot;:&quot;400&quot;,&quot;shutter_speed&quot;:&quot;0.016666666666667&quot;,&quot;title&quot;:&quot;&quot;}\" data-image-title=\"Estatuas-2012-Ganadores-001\" data-image-description=\"\" data-image-caption=\"\" data-large-file=\"https:\/\/www.hoymercedes.com.ar\/principal\/wp-content\/uploads\/2012\/03\/Estatuas-2012-Ganadores-0011.jpg\" class=\"aligncenter size-full wp-image-11475\" title=\"Estatuas-2012-Ganadores-001\" src=\"https:\/\/www.hoymercedes.com.ar\/principal\/wp-content\/uploads\/2012\/03\/Estatuas-2012-Ganadores-0011.jpg\" alt=\"\" width=\"612\" height=\"459\" srcset=\"https:\/\/www.hoymercedes.com.ar\/principal\/wp-content\/uploads\/2012\/03\/Estatuas-2012-Ganadores-0011.jpg 612w, https:\/\/www.hoymercedes.com.ar\/principal\/wp-content\/uploads\/2012\/03\/Estatuas-2012-Ganadores-0011-300x225.jpg 300w\" sizes=\"auto, (max-width: 612px) 100vw, 612px\" \/><\/a><\/p>\n<p><a href=\"https:\/\/www.hoymercedes.com.ar\/principal\/wp-content\/uploads\/2012\/03\/Estatuas-2012-Ganadores-002.jpg\"><img loading=\"lazy\" decoding=\"async\" data-attachment-id=\"11476\" data-permalink=\"https:\/\/www.hoymercedes.com.ar\/principal\/2012\/03\/12\/entre-los-ganadores-del-encuentro-de-estatuas-hay-una-mercedina\/estatuas-2012-ganadores-002\/#main\" data-orig-file=\"https:\/\/www.hoymercedes.com.ar\/principal\/wp-content\/uploads\/2012\/03\/Estatuas-2012-Ganadores-002.jpg\" data-orig-size=\"612,459\" data-comments-opened=\"1\" data-image-meta=\"{&quot;aperture&quot;:&quot;3.8&quot;,&quot;credit&quot;:&quot;&quot;,&quot;camera&quot;:&quot;COOLPIX L10&quot;,&quot;caption&quot;:&quot;&quot;,&quot;created_timestamp&quot;:&quot;1331311563&quot;,&quot;copyright&quot;:&quot;Copyright 2006&quot;,&quot;focal_length&quot;:&quot;10.7&quot;,&quot;iso&quot;:&quot;400&quot;,&quot;shutter_speed&quot;:&quot;0.016666666666667&quot;,&quot;title&quot;:&quot;&quot;}\" data-image-title=\"Estatuas-2012-Ganadores-002\" data-image-description=\"\" data-image-caption=\"\" data-large-file=\"https:\/\/www.hoymercedes.com.ar\/principal\/wp-content\/uploads\/2012\/03\/Estatuas-2012-Ganadores-002.jpg\" class=\"aligncenter size-full wp-image-11476\" title=\"Estatuas-2012-Ganadores-002\" src=\"https:\/\/www.hoymercedes.com.ar\/principal\/wp-content\/uploads\/2012\/03\/Estatuas-2012-Ganadores-002.jpg\" alt=\"\" width=\"612\" height=\"459\" srcset=\"https:\/\/www.hoymercedes.com.ar\/principal\/wp-content\/uploads\/2012\/03\/Estatuas-2012-Ganadores-002.jpg 612w, https:\/\/www.hoymercedes.com.ar\/principal\/wp-content\/uploads\/2012\/03\/Estatuas-2012-Ganadores-002-300x225.jpg 300w\" sizes=\"auto, (max-width: 612px) 100vw, 612px\" \/><\/a><\/p>\n<p><a href=\"https:\/\/www.hoymercedes.com.ar\/principal\/wp-content\/uploads\/2012\/03\/Estatuas-2012-Ganadores-003.jpg\"><img loading=\"lazy\" decoding=\"async\" data-attachment-id=\"11477\" data-permalink=\"https:\/\/www.hoymercedes.com.ar\/principal\/2012\/03\/12\/entre-los-ganadores-del-encuentro-de-estatuas-hay-una-mercedina\/estatuas-2012-ganadores-003\/#main\" data-orig-file=\"https:\/\/www.hoymercedes.com.ar\/principal\/wp-content\/uploads\/2012\/03\/Estatuas-2012-Ganadores-003.jpg\" data-orig-size=\"612,459\" data-comments-opened=\"1\" data-image-meta=\"{&quot;aperture&quot;:&quot;3.8&quot;,&quot;credit&quot;:&quot;&quot;,&quot;camera&quot;:&quot;COOLPIX L10&quot;,&quot;caption&quot;:&quot;&quot;,&quot;created_timestamp&quot;:&quot;1331311260&quot;,&quot;copyright&quot;:&quot;Copyright 2006&quot;,&quot;focal_length&quot;:&quot;10.7&quot;,&quot;iso&quot;:&quot;400&quot;,&quot;shutter_speed&quot;:&quot;0.016666666666667&quot;,&quot;title&quot;:&quot;&quot;}\" data-image-title=\"Estatuas-2012-Ganadores-003\" data-image-description=\"\" data-image-caption=\"\" data-large-file=\"https:\/\/www.hoymercedes.com.ar\/principal\/wp-content\/uploads\/2012\/03\/Estatuas-2012-Ganadores-003.jpg\" class=\"aligncenter size-full wp-image-11477\" title=\"Estatuas-2012-Ganadores-003\" src=\"https:\/\/www.hoymercedes.com.ar\/principal\/wp-content\/uploads\/2012\/03\/Estatuas-2012-Ganadores-003.jpg\" alt=\"\" width=\"612\" height=\"459\" srcset=\"https:\/\/www.hoymercedes.com.ar\/principal\/wp-content\/uploads\/2012\/03\/Estatuas-2012-Ganadores-003.jpg 612w, https:\/\/www.hoymercedes.com.ar\/principal\/wp-content\/uploads\/2012\/03\/Estatuas-2012-Ganadores-003-300x225.jpg 300w\" sizes=\"auto, (max-width: 612px) 100vw, 612px\" \/><\/a><\/p>\n<p><a href=\"https:\/\/www.hoymercedes.com.ar\/principal\/wp-content\/uploads\/2012\/03\/Estatuas-2012-Ganadores-0041.jpg\"><img loading=\"lazy\" decoding=\"async\" data-attachment-id=\"11479\" data-permalink=\"https:\/\/www.hoymercedes.com.ar\/principal\/2012\/03\/12\/entre-los-ganadores-del-encuentro-de-estatuas-hay-una-mercedina\/estatuas-2012-ganadores-004-2\/#main\" data-orig-file=\"https:\/\/www.hoymercedes.com.ar\/principal\/wp-content\/uploads\/2012\/03\/Estatuas-2012-Ganadores-0041.jpg\" data-orig-size=\"612,459\" data-comments-opened=\"1\" data-image-meta=\"{&quot;aperture&quot;:&quot;2.8&quot;,&quot;credit&quot;:&quot;&quot;,&quot;camera&quot;:&quot;COOLPIX L10&quot;,&quot;caption&quot;:&quot;&quot;,&quot;created_timestamp&quot;:&quot;1331310665&quot;,&quot;copyright&quot;:&quot;Copyright 2006&quot;,&quot;focal_length&quot;:&quot;6.2&quot;,&quot;iso&quot;:&quot;400&quot;,&quot;shutter_speed&quot;:&quot;0.016666666666667&quot;,&quot;title&quot;:&quot;&quot;}\" data-image-title=\"Estatuas-2012-Ganadores-004\" data-image-description=\"\" data-image-caption=\"\" data-large-file=\"https:\/\/www.hoymercedes.com.ar\/principal\/wp-content\/uploads\/2012\/03\/Estatuas-2012-Ganadores-0041.jpg\" class=\"aligncenter size-full wp-image-11479\" title=\"Estatuas-2012-Ganadores-004\" src=\"https:\/\/www.hoymercedes.com.ar\/principal\/wp-content\/uploads\/2012\/03\/Estatuas-2012-Ganadores-0041.jpg\" alt=\"\" width=\"612\" height=\"459\" srcset=\"https:\/\/www.hoymercedes.com.ar\/principal\/wp-content\/uploads\/2012\/03\/Estatuas-2012-Ganadores-0041.jpg 612w, https:\/\/www.hoymercedes.com.ar\/principal\/wp-content\/uploads\/2012\/03\/Estatuas-2012-Ganadores-0041-300x225.jpg 300w\" sizes=\"auto, (max-width: 612px) 100vw, 612px\" \/><\/a><\/p>\n<p>&nbsp;<\/p>\n","protected":false},"excerpt":{"rendered":"<p>Con un muy buen marco de p\u00fablico aprovechando dos noches espectaculares en cuanto al tiempo, concluyo el 8Vo Encuentro Internacional &#8230; <a title=\"Entre los ganadores del encuentro de estatuas hay una mercedina\" class=\"read-more\" href=\"https:\/\/www.hoymercedes.com.ar\/principal\/2012\/03\/12\/entre-los-ganadores-del-encuentro-de-estatuas-hay-una-mercedina\/\" aria-label=\"Leer m\u00e1s sobre Entre los ganadores del encuentro de estatuas hay una mercedina\">Leer m\u00e1s<\/a><\/p>\n","protected":false},"author":1,"featured_media":0,"comment_status":"open","ping_status":"open","sticky":false,"template":"","format":"standard","meta":{"_monsterinsights_skip_tracking":false,"_monsterinsights_sitenote_active":false,"_monsterinsights_sitenote_note":"","_monsterinsights_sitenote_category":0,"jetpack_post_was_ever_published":false,"_jetpack_newsletter_access":"","_jetpack_dont_email_post_to_subs":false,"_jetpack_newsletter_tier_id":0,"_jetpack_memberships_contains_paywalled_content":false,"_jetpack_memberships_contains_paid_content":false,"footnotes":"","jetpack_publicize_message":"","jetpack_publicize_feature_enabled":true,"jetpack_social_post_already_shared":false,"jetpack_social_options":{"image_generator_settings":{"template":"highway","default_image_id":0,"font":"","enabled":false},"version":2},"_wpas_customize_per_network":false},"categories":[8],"tags":[79,1949],"class_list":["post-11471","post","type-post","status-publish","format-standard","hentry","category-sociedad","tag-cestari","tag-estatuas-vivientes-2012","generate-columns","tablet-grid-50","mobile-grid-100","grid-parent","grid-50"],"jetpack_publicize_connections":[],"jetpack_featured_media_url":"","wps_subtitle":"","jetpack_sharing_enabled":true,"_links":{"self":[{"href":"https:\/\/www.hoymercedes.com.ar\/principal\/wp-json\/wp\/v2\/posts\/11471","targetHints":{"allow":["GET"]}}],"collection":[{"href":"https:\/\/www.hoymercedes.com.ar\/principal\/wp-json\/wp\/v2\/posts"}],"about":[{"href":"https:\/\/www.hoymercedes.com.ar\/principal\/wp-json\/wp\/v2\/types\/post"}],"author":[{"embeddable":true,"href":"https:\/\/www.hoymercedes.com.ar\/principal\/wp-json\/wp\/v2\/users\/1"}],"replies":[{"embeddable":true,"href":"https:\/\/www.hoymercedes.com.ar\/principal\/wp-json\/wp\/v2\/comments?post=11471"}],"version-history":[{"count":0,"href":"https:\/\/www.hoymercedes.com.ar\/principal\/wp-json\/wp\/v2\/posts\/11471\/revisions"}],"wp:attachment":[{"href":"https:\/\/www.hoymercedes.com.ar\/principal\/wp-json\/wp\/v2\/media?parent=11471"}],"wp:term":[{"taxonomy":"category","embeddable":true,"href":"https:\/\/www.hoymercedes.com.ar\/principal\/wp-json\/wp\/v2\/categories?post=11471"},{"taxonomy":"post_tag","embeddable":true,"href":"https:\/\/www.hoymercedes.com.ar\/principal\/wp-json\/wp\/v2\/tags?post=11471"}],"curies":[{"name":"wp","href":"https:\/\/api.w.org\/{rel}","templated":true}]}}