{"id":114734,"date":"2020-08-06T16:47:05","date_gmt":"2020-08-06T19:47:05","guid":{"rendered":"http:\/\/www.hoymercedes.com.ar\/principal\/?p=114734"},"modified":"2020-08-06T19:28:39","modified_gmt":"2020-08-06T22:28:39","slug":"convocatoria-para-catalogo-turistico-y-cultural","status":"publish","type":"post","link":"https:\/\/www.hoymercedes.com.ar\/principal\/2020\/08\/06\/convocatoria-para-catalogo-turistico-y-cultural\/","title":{"rendered":"Convocatoria para Cat\u00e1logo Tur\u00edstico y Cultural"},"content":{"rendered":"\n<p>Tras diversas gestiones la Municipalidad de Mercedes ingres\u00f3 al plan de \u201cCat\u00e1logo Tur\u00edstico y Cultural\u201d que se trata de un fondo destinado a las comunas para que puedan acompa\u00f1ar a emprendedores tur\u00edsticos y proyectos culturales a reabrir sus puertas post pandemia. Se trata de un apoyo con el objetivo de poder apoyar la implementaci\u00f3n de protocolos de cuidados y prevenci\u00f3n llegado el momento de reabrir las puertas e intervenciones socio culturales.<\/p>\n\n\n\n<p>El Cat\u00e1logo TyC, que impulsa el Ministerio de Producci\u00f3n, Ciencia e Innovaci\u00f3n Tecnol\u00f3gica de la Provincia de Buenos Aires, busca a nivel provincial crear un mapa para visualizar la composici\u00f3n y la distribuci\u00f3n del entramado tur\u00edstico-cultural para potenciarlos e incluirlos en distintas pol\u00edticas de inclusi\u00f3n, respaldo y promoci\u00f3n.<\/p>\n\n\n\n<p>\u201cA nivel local es identificar aquellos que tengan posibilidades de cumplir llegado el momento con los protocolos correspondientes para abrir sus puertas. No es esto una fecha certera, sino el inicio de un trabajo para prepararnos y generar un espacio de asistencia y apoyo a trav\u00e9s de fondos provinciales derivados al municipio\u201d dijo Luc\u00eda Capaccio y sostuvo que \u201cla identificaci\u00f3n a nivel local permite una mejor y m\u00e1s eficiente implementaci\u00f3n\u201d, afirm\u00f3<\/p>\n\n\n\n<p>Por su parte, Mart\u00edn Boragno, explic\u00f3 que \u201cser\u00e1n fondos aportados por provincia con car\u00e1cter de cr\u00e9dito no reembolsable, es decir, se entregar\u00e1 el apoyo que no se devolver\u00e1, pero no es posible usarse para parar deudas, infraestructura, sino para herramientas y elementos \u00fatiles para aplicar los protocolos socio sanitarios para el cuidado de los usuarios, visitantes y clientes llegada la fecha de apertura\u201d, remarc\u00f3 el funcionario.<\/p>\n\n\n\n<p>Para acceder al acompa\u00f1amiento, que por ejemplo pueden ser insumos necesarios y fundamentales de prevenci\u00f3n covid, deber\u00e1n Los interesados en inscribirse deben ingresar a la p\u00e1gina web&nbsp;<a rel=\"noreferrer noopener\" target=\"_blank\" href=\"http:\/\/www.catalogotc.gba.gob.ar\/\">http:\/\/www.catalogotc.gba.gob.ar<\/a>, crear un usuario con contrase\u00f1a y luego seguir las indicaciones correspondientes.<\/p>\n\n\n\n<p>Las direcciones de cultura y turismo han dispuesto, adem\u00e1s, n\u00fameros de whatsapp para evacuar dudas y brindar asistencia. Cultura: 11 6734-9551 y Turismo: 2324 53-5905<\/p>\n\n\n\n<figure class=\"wp-block-gallery columns-2 is-cropped wp-block-gallery-1 is-layout-flex wp-block-gallery-is-layout-flex\"><ul class=\"blocks-gallery-grid\"><li class=\"blocks-gallery-item\"><figure><img loading=\"lazy\" decoding=\"async\" width=\"768\" height=\"768\" data-attachment-id=\"114735\" data-permalink=\"https:\/\/www.hoymercedes.com.ar\/principal\/2020\/08\/06\/convocatoria-para-catalogo-turistico-y-cultural\/photo_2020-08-06_13-29-14\/#main\" data-orig-file=\"https:\/\/www.hoymercedes.com.ar\/principal\/wp-content\/uploads\/2020\/08\/photo_2020-08-06_13-29-14.jpg\" data-orig-size=\"768,768\" data-comments-opened=\"0\" data-image-meta=\"{&quot;aperture&quot;:&quot;0&quot;,&quot;credit&quot;:&quot;&quot;,&quot;camera&quot;:&quot;&quot;,&quot;caption&quot;:&quot;&quot;,&quot;created_timestamp&quot;:&quot;0&quot;,&quot;copyright&quot;:&quot;&quot;,&quot;focal_length&quot;:&quot;0&quot;,&quot;iso&quot;:&quot;0&quot;,&quot;shutter_speed&quot;:&quot;0&quot;,&quot;title&quot;:&quot;&quot;,&quot;orientation&quot;:&quot;0&quot;}\" data-image-title=\"photo_2020-08-06_13-29-14\" data-image-description=\"\" data-image-caption=\"\" data-large-file=\"https:\/\/www.hoymercedes.com.ar\/principal\/wp-content\/uploads\/2020\/08\/photo_2020-08-06_13-29-14.jpg\" src=\"https:\/\/www.hoymercedes.com.ar\/principal\/wp-content\/uploads\/2020\/08\/photo_2020-08-06_13-29-14.jpg\" alt=\"\" data-id=\"114735\" data-link=\"https:\/\/www.hoymercedes.com.ar\/principal\/?attachment_id=114735\" class=\"wp-image-114735\"\/><\/figure><\/li><li class=\"blocks-gallery-item\"><figure><img loading=\"lazy\" decoding=\"async\" width=\"768\" height=\"768\" data-attachment-id=\"114736\" data-permalink=\"https:\/\/www.hoymercedes.com.ar\/principal\/2020\/08\/06\/convocatoria-para-catalogo-turistico-y-cultural\/photo_2020-08-06_13-29-12\/#main\" data-orig-file=\"https:\/\/www.hoymercedes.com.ar\/principal\/wp-content\/uploads\/2020\/08\/photo_2020-08-06_13-29-12.jpg\" data-orig-size=\"768,768\" data-comments-opened=\"0\" data-image-meta=\"{&quot;aperture&quot;:&quot;0&quot;,&quot;credit&quot;:&quot;&quot;,&quot;camera&quot;:&quot;&quot;,&quot;caption&quot;:&quot;&quot;,&quot;created_timestamp&quot;:&quot;0&quot;,&quot;copyright&quot;:&quot;&quot;,&quot;focal_length&quot;:&quot;0&quot;,&quot;iso&quot;:&quot;0&quot;,&quot;shutter_speed&quot;:&quot;0&quot;,&quot;title&quot;:&quot;&quot;,&quot;orientation&quot;:&quot;0&quot;}\" data-image-title=\"photo_2020-08-06_13-29-12\" data-image-description=\"\" data-image-caption=\"\" data-large-file=\"https:\/\/www.hoymercedes.com.ar\/principal\/wp-content\/uploads\/2020\/08\/photo_2020-08-06_13-29-12.jpg\" src=\"https:\/\/www.hoymercedes.com.ar\/principal\/wp-content\/uploads\/2020\/08\/photo_2020-08-06_13-29-12.jpg\" alt=\"\" data-id=\"114736\" data-link=\"https:\/\/www.hoymercedes.com.ar\/principal\/?attachment_id=114736\" class=\"wp-image-114736\"\/><\/figure><\/li><li class=\"blocks-gallery-item\"><figure><img loading=\"lazy\" decoding=\"async\" width=\"768\" height=\"768\" data-attachment-id=\"114737\" data-permalink=\"https:\/\/www.hoymercedes.com.ar\/principal\/2020\/08\/06\/convocatoria-para-catalogo-turistico-y-cultural\/photo_2020-08-06_13-29-10\/#main\" data-orig-file=\"https:\/\/www.hoymercedes.com.ar\/principal\/wp-content\/uploads\/2020\/08\/photo_2020-08-06_13-29-10.jpg\" data-orig-size=\"768,768\" data-comments-opened=\"0\" data-image-meta=\"{&quot;aperture&quot;:&quot;0&quot;,&quot;credit&quot;:&quot;&quot;,&quot;camera&quot;:&quot;&quot;,&quot;caption&quot;:&quot;&quot;,&quot;created_timestamp&quot;:&quot;0&quot;,&quot;copyright&quot;:&quot;&quot;,&quot;focal_length&quot;:&quot;0&quot;,&quot;iso&quot;:&quot;0&quot;,&quot;shutter_speed&quot;:&quot;0&quot;,&quot;title&quot;:&quot;&quot;,&quot;orientation&quot;:&quot;0&quot;}\" data-image-title=\"photo_2020-08-06_13-29-10\" data-image-description=\"\" data-image-caption=\"\" data-large-file=\"https:\/\/www.hoymercedes.com.ar\/principal\/wp-content\/uploads\/2020\/08\/photo_2020-08-06_13-29-10.jpg\" src=\"https:\/\/www.hoymercedes.com.ar\/principal\/wp-content\/uploads\/2020\/08\/photo_2020-08-06_13-29-10.jpg\" alt=\"\" data-id=\"114737\" data-link=\"https:\/\/www.hoymercedes.com.ar\/principal\/?attachment_id=114737\" class=\"wp-image-114737\"\/><\/figure><\/li><li class=\"blocks-gallery-item\"><figure><img loading=\"lazy\" decoding=\"async\" width=\"768\" height=\"768\" data-attachment-id=\"114738\" data-permalink=\"https:\/\/www.hoymercedes.com.ar\/principal\/2020\/08\/06\/convocatoria-para-catalogo-turistico-y-cultural\/photo_2020-08-06_12-16-00\/#main\" data-orig-file=\"https:\/\/www.hoymercedes.com.ar\/principal\/wp-content\/uploads\/2020\/08\/photo_2020-08-06_12-16-00.jpg\" data-orig-size=\"768,768\" data-comments-opened=\"0\" data-image-meta=\"{&quot;aperture&quot;:&quot;0&quot;,&quot;credit&quot;:&quot;&quot;,&quot;camera&quot;:&quot;&quot;,&quot;caption&quot;:&quot;&quot;,&quot;created_timestamp&quot;:&quot;0&quot;,&quot;copyright&quot;:&quot;&quot;,&quot;focal_length&quot;:&quot;0&quot;,&quot;iso&quot;:&quot;0&quot;,&quot;shutter_speed&quot;:&quot;0&quot;,&quot;title&quot;:&quot;&quot;,&quot;orientation&quot;:&quot;0&quot;}\" data-image-title=\"photo_2020-08-06_12-16-00\" data-image-description=\"\" data-image-caption=\"\" data-large-file=\"https:\/\/www.hoymercedes.com.ar\/principal\/wp-content\/uploads\/2020\/08\/photo_2020-08-06_12-16-00.jpg\" src=\"https:\/\/www.hoymercedes.com.ar\/principal\/wp-content\/uploads\/2020\/08\/photo_2020-08-06_12-16-00.jpg\" alt=\"\" data-id=\"114738\" data-link=\"https:\/\/www.hoymercedes.com.ar\/principal\/?attachment_id=114738\" class=\"wp-image-114738\"\/><\/figure><\/li><\/ul><\/figure>\n","protected":false},"excerpt":{"rendered":"<p>Tras diversas gestiones la Municipalidad de Mercedes ingres\u00f3 al plan de \u201cCat\u00e1logo Tur\u00edstico y Cultural\u201d que se trata de un &#8230; <a title=\"Convocatoria para Cat\u00e1logo Tur\u00edstico y Cultural\" class=\"read-more\" href=\"https:\/\/www.hoymercedes.com.ar\/principal\/2020\/08\/06\/convocatoria-para-catalogo-turistico-y-cultural\/\" aria-label=\"Leer m\u00e1s sobre Convocatoria para Cat\u00e1logo Tur\u00edstico y Cultural\">Leer m\u00e1s<\/a><\/p>\n","protected":false},"author":1,"featured_media":114736,"comment_status":"closed","ping_status":"open","sticky":false,"template":"","format":"standard","meta":{"_monsterinsights_skip_tracking":false,"_monsterinsights_sitenote_active":false,"_monsterinsights_sitenote_note":"","_monsterinsights_sitenote_category":0,"jetpack_post_was_ever_published":false,"_jetpack_newsletter_access":"","_jetpack_dont_email_post_to_subs":false,"_jetpack_newsletter_tier_id":0,"_jetpack_memberships_contains_paywalled_content":false,"_jetpack_memberships_contains_paid_content":false,"footnotes":"","jetpack_publicize_message":"","jetpack_publicize_feature_enabled":true,"jetpack_social_post_already_shared":true,"jetpack_social_options":{"image_generator_settings":{"template":"highway","default_image_id":0,"font":"","enabled":false},"version":2},"_wpas_customize_per_network":false},"categories":[104],"tags":[16937,7805,244,1803,1428],"class_list":["post-114734","post","type-post","status-publish","format-standard","has-post-thumbnail","hentry","category-cultura","tag-catalogo","tag-cultura","tag-municipio-2","tag-provincia","tag-turismo","generate-columns","tablet-grid-50","mobile-grid-100","grid-parent","grid-50"],"jetpack_publicize_connections":[],"jetpack_featured_media_url":"https:\/\/www.hoymercedes.com.ar\/principal\/wp-content\/uploads\/2020\/08\/photo_2020-08-06_13-29-12.jpg","wps_subtitle":"","jetpack_sharing_enabled":true,"_links":{"self":[{"href":"https:\/\/www.hoymercedes.com.ar\/principal\/wp-json\/wp\/v2\/posts\/114734","targetHints":{"allow":["GET"]}}],"collection":[{"href":"https:\/\/www.hoymercedes.com.ar\/principal\/wp-json\/wp\/v2\/posts"}],"about":[{"href":"https:\/\/www.hoymercedes.com.ar\/principal\/wp-json\/wp\/v2\/types\/post"}],"author":[{"embeddable":true,"href":"https:\/\/www.hoymercedes.com.ar\/principal\/wp-json\/wp\/v2\/users\/1"}],"replies":[{"embeddable":true,"href":"https:\/\/www.hoymercedes.com.ar\/principal\/wp-json\/wp\/v2\/comments?post=114734"}],"version-history":[{"count":0,"href":"https:\/\/www.hoymercedes.com.ar\/principal\/wp-json\/wp\/v2\/posts\/114734\/revisions"}],"wp:featuredmedia":[{"embeddable":true,"href":"https:\/\/www.hoymercedes.com.ar\/principal\/wp-json\/wp\/v2\/media\/114736"}],"wp:attachment":[{"href":"https:\/\/www.hoymercedes.com.ar\/principal\/wp-json\/wp\/v2\/media?parent=114734"}],"wp:term":[{"taxonomy":"category","embeddable":true,"href":"https:\/\/www.hoymercedes.com.ar\/principal\/wp-json\/wp\/v2\/categories?post=114734"},{"taxonomy":"post_tag","embeddable":true,"href":"https:\/\/www.hoymercedes.com.ar\/principal\/wp-json\/wp\/v2\/tags?post=114734"}],"curies":[{"name":"wp","href":"https:\/\/api.w.org\/{rel}","templated":true}]}}