{"id":114751,"date":"2020-08-06T19:56:11","date_gmt":"2020-08-06T22:56:11","guid":{"rendered":"http:\/\/www.hoymercedes.com.ar\/principal\/?p=114751"},"modified":"2020-08-06T20:09:28","modified_gmt":"2020-08-06T23:09:28","slug":"preocupacion-por-la-demora-en-el-tratamiento-del-proyecto-de-mediacion-a-distancia","status":"publish","type":"post","link":"https:\/\/www.hoymercedes.com.ar\/principal\/2020\/08\/06\/preocupacion-por-la-demora-en-el-tratamiento-del-proyecto-de-mediacion-a-distancia\/","title":{"rendered":"Preocupaci\u00f3n por la demora en el tratamiento del proyecto de mediaci\u00f3n a distancia"},"content":{"rendered":"\n<p>Los veinte Colegios Departamentales de Abogados que conforman el \u00a0COLPROBA (Colegio de Abogados de la Provincia de Buenos Aires) solicitaron al Senado Bonaerense se incluya el tratamiento del proyecto de Mediaci\u00f3n presencial a distancia y se brinde aprobaci\u00f3n al mismo en la pr\u00f3xima sesi\u00f3n de la C\u00e1mara Alta. Con este objetivo, enviaron una carta a la presidenta del Senado Bonaerenses y Vicegobernadora, Ver\u00f3nica Magario. <\/p>\n\n\n\n<figure class=\"wp-block-image size-large\"><img loading=\"lazy\" decoding=\"async\" width=\"854\" height=\"1207\" data-attachment-id=\"114752\" data-permalink=\"https:\/\/www.hoymercedes.com.ar\/principal\/2020\/08\/06\/preocupacion-por-la-demora-en-el-tratamiento-del-proyecto-de-mediacion-a-distancia\/image-5\/#main\" data-orig-file=\"https:\/\/www.hoymercedes.com.ar\/principal\/wp-content\/uploads\/2020\/08\/image.png\" data-orig-size=\"854,1207\" data-comments-opened=\"0\" data-image-meta=\"{&quot;aperture&quot;:&quot;0&quot;,&quot;credit&quot;:&quot;&quot;,&quot;camera&quot;:&quot;&quot;,&quot;caption&quot;:&quot;&quot;,&quot;created_timestamp&quot;:&quot;0&quot;,&quot;copyright&quot;:&quot;&quot;,&quot;focal_length&quot;:&quot;0&quot;,&quot;iso&quot;:&quot;0&quot;,&quot;shutter_speed&quot;:&quot;0&quot;,&quot;title&quot;:&quot;&quot;,&quot;orientation&quot;:&quot;0&quot;}\" data-image-title=\"image\" data-image-description=\"\" data-image-caption=\"\" data-large-file=\"https:\/\/www.hoymercedes.com.ar\/principal\/wp-content\/uploads\/2020\/08\/image.png\" src=\"https:\/\/www.hoymercedes.com.ar\/principal\/wp-content\/uploads\/2020\/08\/image.png\" alt=\"\" class=\"wp-image-114752\"\/><\/figure>\n\n\n\n<figure class=\"wp-block-image size-large\"><img loading=\"lazy\" decoding=\"async\" width=\"854\" height=\"1207\" data-attachment-id=\"114753\" data-permalink=\"https:\/\/www.hoymercedes.com.ar\/principal\/2020\/08\/06\/preocupacion-por-la-demora-en-el-tratamiento-del-proyecto-de-mediacion-a-distancia\/image-1-3\/#main\" data-orig-file=\"https:\/\/www.hoymercedes.com.ar\/principal\/wp-content\/uploads\/2020\/08\/image-1.png\" data-orig-size=\"854,1207\" data-comments-opened=\"0\" data-image-meta=\"{&quot;aperture&quot;:&quot;0&quot;,&quot;credit&quot;:&quot;&quot;,&quot;camera&quot;:&quot;&quot;,&quot;caption&quot;:&quot;&quot;,&quot;created_timestamp&quot;:&quot;0&quot;,&quot;copyright&quot;:&quot;&quot;,&quot;focal_length&quot;:&quot;0&quot;,&quot;iso&quot;:&quot;0&quot;,&quot;shutter_speed&quot;:&quot;0&quot;,&quot;title&quot;:&quot;&quot;,&quot;orientation&quot;:&quot;0&quot;}\" data-image-title=\"image-1\" data-image-description=\"\" data-image-caption=\"\" data-large-file=\"https:\/\/www.hoymercedes.com.ar\/principal\/wp-content\/uploads\/2020\/08\/image-1.png\" src=\"https:\/\/www.hoymercedes.com.ar\/principal\/wp-content\/uploads\/2020\/08\/image-1.png\" alt=\"\" class=\"wp-image-114753\"\/><\/figure>\n","protected":false},"excerpt":{"rendered":"<p>Los veinte Colegios Departamentales de Abogados que conforman el \u00a0COLPROBA (Colegio de Abogados de la Provincia de Buenos Aires) solicitaron &#8230; <a title=\"Preocupaci\u00f3n por la demora en el tratamiento del proyecto de mediaci\u00f3n a distancia\" class=\"read-more\" href=\"https:\/\/www.hoymercedes.com.ar\/principal\/2020\/08\/06\/preocupacion-por-la-demora-en-el-tratamiento-del-proyecto-de-mediacion-a-distancia\/\" aria-label=\"Leer m\u00e1s sobre Preocupaci\u00f3n por la demora en el tratamiento del proyecto de mediaci\u00f3n a distancia\">Leer m\u00e1s<\/a><\/p>\n","protected":false},"author":1,"featured_media":114754,"comment_status":"closed","ping_status":"open","sticky":false,"template":"","format":"standard","meta":{"_monsterinsights_skip_tracking":false,"_monsterinsights_sitenote_active":false,"_monsterinsights_sitenote_note":"","_monsterinsights_sitenote_category":0,"jetpack_post_was_ever_published":false,"_jetpack_newsletter_access":"","_jetpack_dont_email_post_to_subs":false,"_jetpack_newsletter_tier_id":0,"_jetpack_memberships_contains_paywalled_content":false,"_jetpack_memberships_contains_paid_content":false,"footnotes":"","jetpack_publicize_message":"","jetpack_publicize_feature_enabled":true,"jetpack_social_post_already_shared":true,"jetpack_social_options":{"image_generator_settings":{"template":"highway","default_image_id":0,"font":"","enabled":false},"version":2},"_wpas_customize_per_network":false},"categories":[8],"tags":[928],"class_list":["post-114751","post","type-post","status-publish","format-standard","has-post-thumbnail","hentry","category-sociedad","tag-colegio-de-abogados","generate-columns","tablet-grid-50","mobile-grid-100","grid-parent","grid-50"],"jetpack_publicize_connections":[],"jetpack_featured_media_url":"https:\/\/www.hoymercedes.com.ar\/principal\/wp-content\/uploads\/2020\/08\/06-abogados.png","wps_subtitle":"","jetpack_sharing_enabled":true,"_links":{"self":[{"href":"https:\/\/www.hoymercedes.com.ar\/principal\/wp-json\/wp\/v2\/posts\/114751","targetHints":{"allow":["GET"]}}],"collection":[{"href":"https:\/\/www.hoymercedes.com.ar\/principal\/wp-json\/wp\/v2\/posts"}],"about":[{"href":"https:\/\/www.hoymercedes.com.ar\/principal\/wp-json\/wp\/v2\/types\/post"}],"author":[{"embeddable":true,"href":"https:\/\/www.hoymercedes.com.ar\/principal\/wp-json\/wp\/v2\/users\/1"}],"replies":[{"embeddable":true,"href":"https:\/\/www.hoymercedes.com.ar\/principal\/wp-json\/wp\/v2\/comments?post=114751"}],"version-history":[{"count":0,"href":"https:\/\/www.hoymercedes.com.ar\/principal\/wp-json\/wp\/v2\/posts\/114751\/revisions"}],"wp:featuredmedia":[{"embeddable":true,"href":"https:\/\/www.hoymercedes.com.ar\/principal\/wp-json\/wp\/v2\/media\/114754"}],"wp:attachment":[{"href":"https:\/\/www.hoymercedes.com.ar\/principal\/wp-json\/wp\/v2\/media?parent=114751"}],"wp:term":[{"taxonomy":"category","embeddable":true,"href":"https:\/\/www.hoymercedes.com.ar\/principal\/wp-json\/wp\/v2\/categories?post=114751"},{"taxonomy":"post_tag","embeddable":true,"href":"https:\/\/www.hoymercedes.com.ar\/principal\/wp-json\/wp\/v2\/tags?post=114751"}],"curies":[{"name":"wp","href":"https:\/\/api.w.org\/{rel}","templated":true}]}}