{"id":114756,"date":"2020-08-06T21:09:00","date_gmt":"2020-08-07T00:09:00","guid":{"rendered":"http:\/\/www.hoymercedes.com.ar\/principal\/?p=114756"},"modified":"2020-08-06T21:37:14","modified_gmt":"2020-08-07T00:37:14","slug":"se-implementa-el-programa-cientifico-de-estudios-de-efluentes-cloacales-en-el-marco-del-covid-19","status":"publish","type":"post","link":"https:\/\/www.hoymercedes.com.ar\/principal\/2020\/08\/06\/se-implementa-el-programa-cientifico-de-estudios-de-efluentes-cloacales-en-el-marco-del-covid-19\/","title":{"rendered":"Se implementa el programa cient\u00edfico de estudios de efluentes cloacales en el marco del covid-19"},"content":{"rendered":"\n<p>El programa se ejecuta con participaci\u00f3n de la Universidad Nacional de Quilmes, OPD y Municipalidad de Mercedes. Es un m\u00e9todo de rastreo cient\u00edfico que permite mapear la red cloacal y detectar potencial circulaci\u00f3n de covid-19.<\/p>\n\n\n\n<div class=\"wp-block-image\"><figure class=\"aligncenter size-large\"><img loading=\"lazy\" decoding=\"async\" width=\"600\" height=\"764\" data-attachment-id=\"114758\" data-permalink=\"https:\/\/www.hoymercedes.com.ar\/principal\/2020\/08\/06\/se-implementa-el-programa-cientifico-de-estudios-de-efluentes-cloacales-en-el-marco-del-covid-19\/06-caca-munic-2\/#main\" data-orig-file=\"https:\/\/www.hoymercedes.com.ar\/principal\/wp-content\/uploads\/2020\/08\/06-caca-munic-2.jpeg\" data-orig-size=\"600,764\" data-comments-opened=\"0\" data-image-meta=\"{&quot;aperture&quot;:&quot;0&quot;,&quot;credit&quot;:&quot;&quot;,&quot;camera&quot;:&quot;&quot;,&quot;caption&quot;:&quot;&quot;,&quot;created_timestamp&quot;:&quot;0&quot;,&quot;copyright&quot;:&quot;&quot;,&quot;focal_length&quot;:&quot;0&quot;,&quot;iso&quot;:&quot;0&quot;,&quot;shutter_speed&quot;:&quot;0&quot;,&quot;title&quot;:&quot;&quot;,&quot;orientation&quot;:&quot;0&quot;}\" data-image-title=\"06 caca munic 2\" data-image-description=\"\" data-image-caption=\"\" data-large-file=\"https:\/\/www.hoymercedes.com.ar\/principal\/wp-content\/uploads\/2020\/08\/06-caca-munic-2.jpeg\" src=\"https:\/\/www.hoymercedes.com.ar\/principal\/wp-content\/uploads\/2020\/08\/06-caca-munic-2.jpeg\" alt=\"\" class=\"wp-image-114758\"\/><\/figure><\/div>\n\n\n\n<p>Tiempo atr\u00e1s el intendente Ustarroz dio la gran noticia del convenio que permite juntamente con la Universidad de Quilmes y el Organismo Provincial para el Desarrollo Sostenible (OPDS) en el rastreo cient\u00edfico de COVID-19. Este sistema de vigilancia epidemiol\u00f3gica que conlleva un an\u00e1lisis de aguas residuales permite identificar zonas donde el virus puede eventualmente estar circulando silenciosamente y de ese modo disparar intervenciones sanitarias preventivas.<\/p>\n\n\n\n<p>En primer lugar, el intendente Juan Ignacio Ustarroz felicit\u00f3 a los trabajadores municipales \u201cque est\u00e1n haciendo este importante trabajo de relevamiento\u201d y agradeci\u00f3 \u201cal Organismo Provincial para el Desarrollo Sostenible (OPDS) y a la Universidad de Quilmes que nos va a facilitar la conclusi\u00f3n de este trabajo que tiene que ver con la b\u00fasqueda activa que estamos haciendo con respecto al covid en la ciudad\u201d.<\/p>\n\n\n\n<p>En este sentido, el intendente Ustarroz manifest\u00f3 \u201cde ac\u00e1 saldr\u00e1 un muestreo que nos va a dar como resultado si hay gente que tiene covid en la zona, para luego, nosotros como Estado y desde la b\u00fasqueda activa a trav\u00e9s del laboratorio y todo el sistema, poder abordarlo\u201d y ahond\u00f3 \u201cel criterio es el que nos plantemos desde el primer d\u00eda, testear, rastrear y aislar. Ac\u00e1 es agregar una herramienta cient\u00edfica m\u00e1s, a trav\u00e9s de este trabajo importante que no se est\u00e1 haciendo en muchos lugares\u201d.<\/p>\n\n\n\n<p>\u201cEstos estudios nos van a dar una fotograf\u00eda m\u00e1s exhaustiva, m\u00e1s en detalle de lo que est\u00e1 pasando en nuestra ciudad con respecto al covid\u201d destac\u00f3 el intendente Ustarroz y afirm\u00f3 \u201cnosotros somos de la pol\u00edtica activa, es decir, salir a buscar la mayor cantidad de gente contagiada posible, para justamente implementar las acciones de aislamiento de estas personas y abordarlas desde la perspectiva de la salud\u201d.&nbsp;<\/p>\n\n\n\n<p>Juan Cruz Mend\u00eda desde el \u00e1rea de ambiente se\u00f1al\u00f3 \u201cestamos haciendo un an\u00e1lisis de efluentes cloacales rastreando covid, esta es una herramienta que implement\u00f3 el OPDS en convenio con la Universidad Nacional de Quilmes. Lo que hicimos en el transcurso del d\u00eda fue tomar diferentes muestras en cuatro puntos de la ciudad -11 y 104, 9 y 24, 30 y 35, 43 y 30-y ma\u00f1ana se mandan a analizar a la Universidad\u201d y apunt\u00f3 \u201cla idea es que tengamos un sem\u00e1foro de alerta y as\u00ed saber si tenemos covid o no en los lugares donde tomamos las muestras\u201d.<\/p>\n\n\n\n<p>El intendente record\u00f3 que \u201chace poco tuvimos una reuni\u00f3n con el gobernador kicillof, hablaron los cient\u00edficos, de ah\u00ed hicimos las gestiones ante la universidad de Quilmes y el OPDS y tuvimos como resultado, de manera casi inmediata, este trabajo que estamos llevando a cabo y que nos va a dar una fotograf\u00eda m\u00e1s exhaustiva\u201d.<\/p>\n\n\n\n<p>De esta manera la Municipalidad de Mercedes contin\u00faa aplicando procesos cient\u00edficos a los controles, prevenci\u00f3n y acciones contra el covid-19.<\/p>\n\n\n\n<p>Por Prensa Municipal<\/p>\n\n\n\n<div class=\"wp-block-image\"><figure class=\"aligncenter size-large\"><img loading=\"lazy\" decoding=\"async\" width=\"600\" height=\"800\" data-attachment-id=\"114757\" data-permalink=\"https:\/\/www.hoymercedes.com.ar\/principal\/2020\/08\/06\/se-implementa-el-programa-cientifico-de-estudios-de-efluentes-cloacales-en-el-marco-del-covid-19\/06-caca-munic-1\/#main\" data-orig-file=\"https:\/\/www.hoymercedes.com.ar\/principal\/wp-content\/uploads\/2020\/08\/06-caca-munic-1.jpeg\" data-orig-size=\"600,800\" data-comments-opened=\"0\" data-image-meta=\"{&quot;aperture&quot;:&quot;0&quot;,&quot;credit&quot;:&quot;&quot;,&quot;camera&quot;:&quot;&quot;,&quot;caption&quot;:&quot;&quot;,&quot;created_timestamp&quot;:&quot;0&quot;,&quot;copyright&quot;:&quot;&quot;,&quot;focal_length&quot;:&quot;0&quot;,&quot;iso&quot;:&quot;0&quot;,&quot;shutter_speed&quot;:&quot;0&quot;,&quot;title&quot;:&quot;&quot;,&quot;orientation&quot;:&quot;0&quot;}\" data-image-title=\"06 caca munic 1\" data-image-description=\"\" data-image-caption=\"\" data-large-file=\"https:\/\/www.hoymercedes.com.ar\/principal\/wp-content\/uploads\/2020\/08\/06-caca-munic-1.jpeg\" src=\"https:\/\/www.hoymercedes.com.ar\/principal\/wp-content\/uploads\/2020\/08\/06-caca-munic-1.jpeg\" alt=\"\" class=\"wp-image-114757\"\/><\/figure><\/div>\n","protected":false},"excerpt":{"rendered":"<p>El programa se ejecuta con participaci\u00f3n de la Universidad Nacional de Quilmes, OPD y Municipalidad de Mercedes. Es un m\u00e9todo &#8230; <a title=\"Se implementa el programa cient\u00edfico de estudios de efluentes cloacales en el marco del covid-19\" class=\"read-more\" href=\"https:\/\/www.hoymercedes.com.ar\/principal\/2020\/08\/06\/se-implementa-el-programa-cientifico-de-estudios-de-efluentes-cloacales-en-el-marco-del-covid-19\/\" aria-label=\"Leer m\u00e1s sobre Se implementa el programa cient\u00edfico de estudios de efluentes cloacales en el marco del covid-19\">Leer m\u00e1s<\/a><\/p>\n","protected":false},"author":1,"featured_media":114757,"comment_status":"closed","ping_status":"open","sticky":false,"template":"","format":"standard","meta":{"_monsterinsights_skip_tracking":false,"_monsterinsights_sitenote_active":false,"_monsterinsights_sitenote_note":"","_monsterinsights_sitenote_category":0,"jetpack_post_was_ever_published":false,"_jetpack_newsletter_access":"","_jetpack_dont_email_post_to_subs":false,"_jetpack_newsletter_tier_id":0,"_jetpack_memberships_contains_paywalled_content":false,"_jetpack_memberships_contains_paid_content":false,"footnotes":"","jetpack_publicize_message":"","jetpack_publicize_feature_enabled":true,"jetpack_social_post_already_shared":true,"jetpack_social_options":{"image_generator_settings":{"template":"highway","default_image_id":0,"font":"","enabled":false},"version":2},"_wpas_customize_per_network":false},"categories":[30],"tags":[16313,10486,244,16941,16942],"class_list":["post-114756","post","type-post","status-publish","format-standard","has-post-thumbnail","hentry","category-municipio","tag-covid-19","tag-investigacion","tag-municipio-2","tag-residuos-cloacales","tag-universidad-de-quilmes","generate-columns","tablet-grid-50","mobile-grid-100","grid-parent","grid-50"],"jetpack_publicize_connections":[],"jetpack_featured_media_url":"https:\/\/www.hoymercedes.com.ar\/principal\/wp-content\/uploads\/2020\/08\/06-caca-munic-1.jpeg","wps_subtitle":"Investigaci\u00f3n de UNQui","jetpack_sharing_enabled":true,"_links":{"self":[{"href":"https:\/\/www.hoymercedes.com.ar\/principal\/wp-json\/wp\/v2\/posts\/114756","targetHints":{"allow":["GET"]}}],"collection":[{"href":"https:\/\/www.hoymercedes.com.ar\/principal\/wp-json\/wp\/v2\/posts"}],"about":[{"href":"https:\/\/www.hoymercedes.com.ar\/principal\/wp-json\/wp\/v2\/types\/post"}],"author":[{"embeddable":true,"href":"https:\/\/www.hoymercedes.com.ar\/principal\/wp-json\/wp\/v2\/users\/1"}],"replies":[{"embeddable":true,"href":"https:\/\/www.hoymercedes.com.ar\/principal\/wp-json\/wp\/v2\/comments?post=114756"}],"version-history":[{"count":0,"href":"https:\/\/www.hoymercedes.com.ar\/principal\/wp-json\/wp\/v2\/posts\/114756\/revisions"}],"wp:featuredmedia":[{"embeddable":true,"href":"https:\/\/www.hoymercedes.com.ar\/principal\/wp-json\/wp\/v2\/media\/114757"}],"wp:attachment":[{"href":"https:\/\/www.hoymercedes.com.ar\/principal\/wp-json\/wp\/v2\/media?parent=114756"}],"wp:term":[{"taxonomy":"category","embeddable":true,"href":"https:\/\/www.hoymercedes.com.ar\/principal\/wp-json\/wp\/v2\/categories?post=114756"},{"taxonomy":"post_tag","embeddable":true,"href":"https:\/\/www.hoymercedes.com.ar\/principal\/wp-json\/wp\/v2\/tags?post=114756"}],"curies":[{"name":"wp","href":"https:\/\/api.w.org\/{rel}","templated":true}]}}