{"id":114762,"date":"2020-08-06T22:03:00","date_gmt":"2020-08-07T01:03:00","guid":{"rendered":"http:\/\/www.hoymercedes.com.ar\/principal\/?p=114762"},"modified":"2020-08-06T22:08:54","modified_gmt":"2020-08-07T01:08:54","slug":"coronavirus-en-mercedes-seis-nuevos-casos-entre-40-tests","status":"publish","type":"post","link":"https:\/\/www.hoymercedes.com.ar\/principal\/2020\/08\/06\/coronavirus-en-mercedes-seis-nuevos-casos-entre-40-tests\/","title":{"rendered":"Coronavirus en Mercedes: Seis nuevos casos entre 40 tests"},"content":{"rendered":"\n<p>El cierre del d\u00eda del informe epidemiol\u00f3gico de la ciudad, confirm\u00f3 6 casos positivos de covid-19 de los 40 test realizados este d\u00eda jueves. Asimismo, informaron que 12 pacientes recibieron el alta al cumplir con los d\u00edas de cuarentena obligatoria. <\/p>\n\n\n\n<div class=\"wp-block-image\"><figure class=\"aligncenter size-large\"><img loading=\"lazy\" decoding=\"async\" width=\"900\" height=\"900\" data-attachment-id=\"114765\" data-permalink=\"https:\/\/www.hoymercedes.com.ar\/principal\/2020\/08\/06\/coronavirus-en-mercedes-seis-nuevos-casos-entre-40-tests\/whatsapp-image-2020-08-06-at-21-27-40\/#main\" data-orig-file=\"https:\/\/www.hoymercedes.com.ar\/principal\/wp-content\/uploads\/2020\/08\/WhatsApp-Image-2020-08-06-at-21.27.40.jpeg\" data-orig-size=\"900,900\" data-comments-opened=\"0\" data-image-meta=\"{&quot;aperture&quot;:&quot;0&quot;,&quot;credit&quot;:&quot;&quot;,&quot;camera&quot;:&quot;&quot;,&quot;caption&quot;:&quot;&quot;,&quot;created_timestamp&quot;:&quot;0&quot;,&quot;copyright&quot;:&quot;&quot;,&quot;focal_length&quot;:&quot;0&quot;,&quot;iso&quot;:&quot;0&quot;,&quot;shutter_speed&quot;:&quot;0&quot;,&quot;title&quot;:&quot;&quot;,&quot;orientation&quot;:&quot;0&quot;}\" data-image-title=\"WhatsApp Image 2020-08-06 at 21.27.40\" data-image-description=\"\" data-image-caption=\"\" data-large-file=\"https:\/\/www.hoymercedes.com.ar\/principal\/wp-content\/uploads\/2020\/08\/WhatsApp-Image-2020-08-06-at-21.27.40.jpeg\" src=\"https:\/\/www.hoymercedes.com.ar\/principal\/wp-content\/uploads\/2020\/08\/WhatsApp-Image-2020-08-06-at-21.27.40.jpeg\" alt=\"\" class=\"wp-image-114765\"\/><\/figure><\/div>\n\n\n\n<p>La Municipalidad de Mercedes y el Hospital Blas L. Dubarry informaron: <\/p>\n\n\n\n<p>\u00abA trav\u00e9s de los procesos cient\u00edficos que lleva adelante el Laboratorio de Virolog\u00eda Molecular Municipal en el Hospital Dubarry, logr\u00f3 detectar 6 nuevos casos covid-19 efectuando tareas en 40 test. <br>Los casos detectados poseen ra\u00edz epidemiol\u00f3gica y se debe su descubrimiento a los rastreos y b\u00fasquedas activas llevadas a cabo.<br>Por otro lado, 12 pacientes obtuvieron el alta tras su recuperaci\u00f3n m\u00e9dica arribando a un total de 403.<br>Contamos en nuestra ciudad actualmente con 42 casos activos y 445 desde el surgimiento de la pandemia.<br>En el Centro de Teleseguimiento con 90 operadores socio sanitarios 250, mercedinos est\u00e1n siendo acompa\u00f1ados, asesorados, informados y formados.<br>En cuanto al Centro de Aislamiento Sanitario II con todas las normas socio sanitarias y un fuerte trabajo de Salud, Protecci\u00f3n Civil, SAME, Seguridad, Desarrollo Social y Servicios P\u00fablicos tiene 2 pacientes alojados, aislados y monitoreados\u00bb.<\/p>\n\n\n\n<p><strong>Informe Nacional<\/strong><\/p>\n\n\n\n<p>Desde el gobierno nacional informaron este jueves 7.513 nuevos casos de COVID-19 en todo el pa\u00eds. Del total del d\u00eda, 4987 son de la provincia de Buenos Aires y 1446 de la ciudad de Buenos Aires. El resto se distribuye en Chaco 47; Chubut 7; C\u00f3rdoba 144, Corrientes 4; Entre R\u00edos 59; Formosa 1; Jujuy 71; La Pampa 5; La Rioja 40; Mendoza 117; Misiones 1; Neuqu\u00e9n 53; R\u00edo Negro 222; Salta 42; Santa Cruz 21; Santa Fe 141; Santiago del Estero 10; Tierra del Fuego 67; y Tucum\u00e1n 30. Con estos registros, suman 228.195 positivos en el pa\u00eds.<\/p>\n\n\n\n<p>Asimismo, informaron que 147 personas fallecieron por covid-19. Las primeras 31 las dieron a conocer en el informe matutino: 21 hombres (quince residentes en la provincia de Buenos Aires; tres residentes en la provincia de la Ciudad de Buenos Aires; un residente en la provincia de Chaco; un residente en la provincia de Tucum\u00e1n; un residente en la provincia de Tierra del Fuego) y 10 mujeres (seis residentes en la provincia de Buenos Aires; un residente en la Ciudad de Buenos Aires; un residente en la provincia de Neuqu\u00e9n; y dos residentes en la provincia de Tierra del Fuego).<\/p>\n\n\n\n<p>En el informe vespertino registraron: 62 hombres (45 residentes en la provincia de Buenos Aires; 11 residentes de la Ciudad de Buenos Aires; 4 residente en la provincia de Chaco; 2 residente en la provincia de R\u00edo Negro); y 53 mujeres (30 residentes en la provincia de Buenos Aires; 17 residentes en la Ciudad de Buenos Aires; 2 residentes en la provincia de Mendoza; 1 residente en la provincia de Neuqu\u00e9n; 2 residente en la provincia de R\u00edo Negro; 1 residente en la provincia de Santa Cruz). Una persona reportada como fallecida residente en la provincia de Buenos Aires no resgitra dato de sexo. Al momento la cantidad de personas fallecidas es 4.251.<br><\/p>\n","protected":false},"excerpt":{"rendered":"<p>El cierre del d\u00eda del informe epidemiol\u00f3gico de la ciudad, confirm\u00f3 6 casos positivos de covid-19 de los 40 test &#8230; <a title=\"Coronavirus en Mercedes: Seis nuevos casos entre 40 tests\" class=\"read-more\" href=\"https:\/\/www.hoymercedes.com.ar\/principal\/2020\/08\/06\/coronavirus-en-mercedes-seis-nuevos-casos-entre-40-tests\/\" aria-label=\"Leer m\u00e1s sobre Coronavirus en Mercedes: Seis nuevos casos entre 40 tests\">Leer m\u00e1s<\/a><\/p>\n","protected":false},"author":1,"featured_media":114765,"comment_status":"closed","ping_status":"open","sticky":false,"template":"","format":"standard","meta":{"_monsterinsights_skip_tracking":false,"_monsterinsights_sitenote_active":false,"_monsterinsights_sitenote_note":"","_monsterinsights_sitenote_category":0,"jetpack_post_was_ever_published":false,"_jetpack_newsletter_access":"","_jetpack_dont_email_post_to_subs":false,"_jetpack_newsletter_tier_id":0,"_jetpack_memberships_contains_paywalled_content":false,"_jetpack_memberships_contains_paid_content":false,"footnotes":"","jetpack_publicize_message":"","jetpack_publicize_feature_enabled":true,"jetpack_social_post_already_shared":false,"jetpack_social_options":{"image_generator_settings":{"template":"highway","default_image_id":0,"font":"","enabled":false},"version":2},"_wpas_customize_per_network":false},"categories":[9791],"tags":[],"class_list":["post-114762","post","type-post","status-publish","format-standard","has-post-thumbnail","hentry","category-salud","generate-columns","tablet-grid-50","mobile-grid-100","grid-parent","grid-50"],"jetpack_publicize_connections":[],"jetpack_featured_media_url":"https:\/\/www.hoymercedes.com.ar\/principal\/wp-content\/uploads\/2020\/08\/WhatsApp-Image-2020-08-06-at-21.27.40.jpeg","wps_subtitle":"Cierre del d\u00eda","jetpack_sharing_enabled":true,"_links":{"self":[{"href":"https:\/\/www.hoymercedes.com.ar\/principal\/wp-json\/wp\/v2\/posts\/114762","targetHints":{"allow":["GET"]}}],"collection":[{"href":"https:\/\/www.hoymercedes.com.ar\/principal\/wp-json\/wp\/v2\/posts"}],"about":[{"href":"https:\/\/www.hoymercedes.com.ar\/principal\/wp-json\/wp\/v2\/types\/post"}],"author":[{"embeddable":true,"href":"https:\/\/www.hoymercedes.com.ar\/principal\/wp-json\/wp\/v2\/users\/1"}],"replies":[{"embeddable":true,"href":"https:\/\/www.hoymercedes.com.ar\/principal\/wp-json\/wp\/v2\/comments?post=114762"}],"version-history":[{"count":0,"href":"https:\/\/www.hoymercedes.com.ar\/principal\/wp-json\/wp\/v2\/posts\/114762\/revisions"}],"wp:featuredmedia":[{"embeddable":true,"href":"https:\/\/www.hoymercedes.com.ar\/principal\/wp-json\/wp\/v2\/media\/114765"}],"wp:attachment":[{"href":"https:\/\/www.hoymercedes.com.ar\/principal\/wp-json\/wp\/v2\/media?parent=114762"}],"wp:term":[{"taxonomy":"category","embeddable":true,"href":"https:\/\/www.hoymercedes.com.ar\/principal\/wp-json\/wp\/v2\/categories?post=114762"},{"taxonomy":"post_tag","embeddable":true,"href":"https:\/\/www.hoymercedes.com.ar\/principal\/wp-json\/wp\/v2\/tags?post=114762"}],"curies":[{"name":"wp","href":"https:\/\/api.w.org\/{rel}","templated":true}]}}