{"id":114772,"date":"2020-08-07T12:24:54","date_gmt":"2020-08-07T15:24:54","guid":{"rendered":"http:\/\/www.hoymercedes.com.ar\/principal\/?p=114772"},"modified":"2020-08-07T12:24:59","modified_gmt":"2020-08-07T15:24:59","slug":"realizan-obra-hidrica-en-barrio-la-amistad","status":"publish","type":"post","link":"https:\/\/www.hoymercedes.com.ar\/principal\/2020\/08\/07\/realizan-obra-hidrica-en-barrio-la-amistad\/","title":{"rendered":"Realizan obra h\u00eddrica en Barrio La Amistad"},"content":{"rendered":"\n<p>El Municipio de Mercedes realiza una importante obra h\u00eddrica en barrio La Amistad. Mejorar\u00e1 la circulaci\u00f3n pluvial. En la zona se prev\u00e9n posteriores obras de pavimento. \u201cEsta obra beneficia al barrio la amistad en particular, pero a su vez, tambi\u00e9n lo hace a toda la ciudad, porque cuando Mercedes crece y progresa, evidentemente es algo que contribuye positivamente a todos los vecinos\u201d subray\u00f3 el intendente Juan Ignacio Ustarroz.\u00a0\u00a0<\/p>\n\n\n\n<div class=\"wp-block-image\"><figure class=\"aligncenter size-large\"><img loading=\"lazy\" decoding=\"async\" width=\"939\" height=\"626\" data-attachment-id=\"114773\" data-permalink=\"https:\/\/www.hoymercedes.com.ar\/principal\/2020\/08\/07\/realizan-obra-hidrica-en-barrio-la-amistad\/dsc05812\/#main\" data-orig-file=\"https:\/\/www.hoymercedes.com.ar\/principal\/wp-content\/uploads\/2020\/08\/DSC05812.jpg\" data-orig-size=\"939,626\" data-comments-opened=\"0\" data-image-meta=\"{&quot;aperture&quot;:&quot;0&quot;,&quot;credit&quot;:&quot;&quot;,&quot;camera&quot;:&quot;&quot;,&quot;caption&quot;:&quot;&quot;,&quot;created_timestamp&quot;:&quot;0&quot;,&quot;copyright&quot;:&quot;&quot;,&quot;focal_length&quot;:&quot;0&quot;,&quot;iso&quot;:&quot;0&quot;,&quot;shutter_speed&quot;:&quot;0&quot;,&quot;title&quot;:&quot;&quot;,&quot;orientation&quot;:&quot;0&quot;}\" data-image-title=\"DSC05812\" data-image-description=\"\" data-image-caption=\"\" data-large-file=\"https:\/\/www.hoymercedes.com.ar\/principal\/wp-content\/uploads\/2020\/08\/DSC05812.jpg\" src=\"https:\/\/www.hoymercedes.com.ar\/principal\/wp-content\/uploads\/2020\/08\/DSC05812.jpg\" alt=\"\" class=\"wp-image-114773\"\/><\/figure><\/div>\n\n\n\n<p>Asimismo, Ustarroz expres\u00f3 \u201cpara nosotros es una alegr\u00eda enorme, esta obra la estuvimos hablando con los vecinos el a\u00f1o pasado, y a pesar de la pandemia hoy la estamos llevando adelante\u201d y a\u00f1adi\u00f3 \u201cgracias al enorme apoyo que estamos recibiendo por parte del Estado Nacional y provincial, podemos como municipio trabajar y dar respuesta a los vecinos\u201d.<\/p>\n\n\n\n<p>\u201cEsta es una obra muy importante, donde en primera instancia se efect\u00faa una obra hidr\u00e1ulica, a la cu\u00e1l, seguidamente, vendr\u00e1 una obra de hormig\u00f3n\u201d destac\u00f3 el intendente Ustarroz y en este sentido subray\u00f3 \u201ctodas las obras las hacemos en hormig\u00f3n para que la durabilidad sea a\u00fan mayor, pensando siempre en el largo plazo\u201d.<\/p>\n\n\n\n<p>Por otro lado, el intendente Ustarroz manifest\u00f3 \u201cla Secretar\u00eda de Obra P\u00fablica est\u00e1 realizando un gran trabajo, donde a pesar de contar con menos personal en la administraci\u00f3n p\u00fablica, debido a la pandemia, hay mucho compromiso y ganas de que la ciudad avance, progrese y prospere\u201d y apunt\u00f3 \u201cla obra p\u00fablica genera trabajo, movimiento de la econom\u00eda local, as\u00ed que estamos muy felices y contentos de que esta obra se realice\u201d.&nbsp;&nbsp;&nbsp;&nbsp;&nbsp;&nbsp;&nbsp;&nbsp;<\/p>\n\n\n\n<p>Por su parte, el secretario de obras p\u00fablicas, Emanuel P\u00e9rez Carrera, se\u00f1al\u00f3 \u201cesta obra va de calle 12 a 16 lo que significar\u00e1 una mejora para la zona y que ir\u00e1 acompa\u00f1ada de una repavimentaci\u00f3n de cuatro (4) calles que ser\u00edan, la calle 49 -que es d\u00f3nde est\u00e1 este pluvial- la diagonal 51 y la calle 14 de 49 a 47\u201d y a\u00f1adi\u00f3 \u201cesta obra mejorar\u00e1 los pluviales y el escurrimiento del agua en una zona de mucha circulaci\u00f3n\u201d.&nbsp;&nbsp;<\/p>\n\n\n\n<p>Eduardo Midaglia, titular de la empresa Usimix inform\u00f3 \u201cb\u00e1sicamente es una obra h\u00eddrica donde se van a conectar dos arterias importantes de la ciudad y se solucionar\u00e1 un problema que deviene de hace much\u00edsimos a\u00f1os con la instalaci\u00f3n de esta nueva ca\u00f1er\u00eda\u201d y agreg\u00f3 \u201cvamos avanzando r\u00e1pido, con el ritmo que impone la cuarentena y con todas las normas de seguridad vigentes\u201d.<\/p>\n","protected":false},"excerpt":{"rendered":"<p>El Municipio de Mercedes realiza una importante obra h\u00eddrica en barrio La Amistad. Mejorar\u00e1 la circulaci\u00f3n pluvial. En la zona &#8230; <a title=\"Realizan obra h\u00eddrica en Barrio La Amistad\" class=\"read-more\" href=\"https:\/\/www.hoymercedes.com.ar\/principal\/2020\/08\/07\/realizan-obra-hidrica-en-barrio-la-amistad\/\" aria-label=\"Leer m\u00e1s sobre Realizan obra h\u00eddrica en Barrio La Amistad\">Leer m\u00e1s<\/a><\/p>\n","protected":false},"author":1,"featured_media":114773,"comment_status":"closed","ping_status":"open","sticky":false,"template":"","format":"standard","meta":{"_monsterinsights_skip_tracking":false,"_monsterinsights_sitenote_active":false,"_monsterinsights_sitenote_note":"","_monsterinsights_sitenote_category":0,"jetpack_post_was_ever_published":false,"_jetpack_newsletter_access":"","_jetpack_dont_email_post_to_subs":false,"_jetpack_newsletter_tier_id":0,"_jetpack_memberships_contains_paywalled_content":false,"_jetpack_memberships_contains_paid_content":false,"footnotes":"","jetpack_publicize_message":"","jetpack_publicize_feature_enabled":true,"jetpack_social_post_already_shared":true,"jetpack_social_options":{"image_generator_settings":{"template":"highway","default_image_id":0,"font":"","enabled":false},"version":2},"_wpas_customize_per_network":false},"categories":[30],"tags":[],"class_list":["post-114772","post","type-post","status-publish","format-standard","has-post-thumbnail","hentry","category-municipio","generate-columns","tablet-grid-50","mobile-grid-100","grid-parent","grid-50"],"jetpack_publicize_connections":[],"jetpack_featured_media_url":"https:\/\/www.hoymercedes.com.ar\/principal\/wp-content\/uploads\/2020\/08\/DSC05812.jpg","wps_subtitle":"","jetpack_sharing_enabled":true,"_links":{"self":[{"href":"https:\/\/www.hoymercedes.com.ar\/principal\/wp-json\/wp\/v2\/posts\/114772","targetHints":{"allow":["GET"]}}],"collection":[{"href":"https:\/\/www.hoymercedes.com.ar\/principal\/wp-json\/wp\/v2\/posts"}],"about":[{"href":"https:\/\/www.hoymercedes.com.ar\/principal\/wp-json\/wp\/v2\/types\/post"}],"author":[{"embeddable":true,"href":"https:\/\/www.hoymercedes.com.ar\/principal\/wp-json\/wp\/v2\/users\/1"}],"replies":[{"embeddable":true,"href":"https:\/\/www.hoymercedes.com.ar\/principal\/wp-json\/wp\/v2\/comments?post=114772"}],"version-history":[{"count":0,"href":"https:\/\/www.hoymercedes.com.ar\/principal\/wp-json\/wp\/v2\/posts\/114772\/revisions"}],"wp:featuredmedia":[{"embeddable":true,"href":"https:\/\/www.hoymercedes.com.ar\/principal\/wp-json\/wp\/v2\/media\/114773"}],"wp:attachment":[{"href":"https:\/\/www.hoymercedes.com.ar\/principal\/wp-json\/wp\/v2\/media?parent=114772"}],"wp:term":[{"taxonomy":"category","embeddable":true,"href":"https:\/\/www.hoymercedes.com.ar\/principal\/wp-json\/wp\/v2\/categories?post=114772"},{"taxonomy":"post_tag","embeddable":true,"href":"https:\/\/www.hoymercedes.com.ar\/principal\/wp-json\/wp\/v2\/tags?post=114772"}],"curies":[{"name":"wp","href":"https:\/\/api.w.org\/{rel}","templated":true}]}}